{"id":813,"date":"2019-05-23T21:50:16","date_gmt":"2019-05-23T19:50:16","guid":{"rendered":"https:\/\/chicriviera.com\/?p=813"},"modified":"2019-05-29T15:49:30","modified_gmt":"2019-05-29T13:49:30","slug":"les-plus-belles-villas-de-la-cote-dazur-a-visiter","status":"publish","type":"post","link":"https:\/\/chicriviera.com\/it\/2019\/05\/23\/les-plus-belles-villas-de-la-cote-dazur-a-visiter-2\/","title":{"rendered":"Le pi\u00f9 belle ville della Costa Azzurra da visitare"},"content":{"rendered":"<h2 class=\"wp-block-heading\">Villa <strong>Kerylos, Beaulieu-sur-Mer <\/strong><\/h2>\n\n\n\n<figure class=\"wp-block-image\"><img decoding=\"async\" width=\"1053\" height=\"1053\" src=\"https:\/\/chicriviera.com\/wp-content\/uploads\/2019\/04\/afe6c40c-830e-4b9d-9b1f-550a48b2c775.jpg\" alt=\"\" class=\"wp-image-1143\" srcset=\"https:\/\/chicriviera.com\/wp-content\/uploads\/2019\/04\/afe6c40c-830e-4b9d-9b1f-550a48b2c775.jpg 1053w, https:\/\/chicriviera.com\/wp-content\/uploads\/2019\/04\/afe6c40c-830e-4b9d-9b1f-550a48b2c775-150x150.jpg 150w, https:\/\/chicriviera.com\/wp-content\/uploads\/2019\/04\/afe6c40c-830e-4b9d-9b1f-550a48b2c775-300x300.jpg 300w, https:\/\/chicriviera.com\/wp-content\/uploads\/2019\/04\/afe6c40c-830e-4b9d-9b1f-550a48b2c775-768x768.jpg 768w, https:\/\/chicriviera.com\/wp-content\/uploads\/2019\/04\/afe6c40c-830e-4b9d-9b1f-550a48b2c775-1024x1024.jpg 1024w, https:\/\/chicriviera.com\/wp-content\/uploads\/2019\/04\/afe6c40c-830e-4b9d-9b1f-550a48b2c775-600x600.jpg 600w\" sizes=\"(max-width: 1053px) 100vw, 1053px\" \/><\/figure>\n\n\n\n<p>Situata a Beaulieu-sur-Mer, sulla punta della Baia delle Formiche, questa residenza \u00e8 l'opera di Theodore Reinach, un archeologo appassionato di civilt\u00e0 e cultura greca. Con l'aiuto del famoso architetto Emmanuel Pontremoli, ha creato questo capolavoro. Aperto a tutti tutto l'anno. <\/p>\n\n\n\n<h2 class=\"wp-block-heading\">Villa Ephrussi de Rotchschild, Saint-Jean-Cap-Ferrat<\/h2>\n\n\n\n<figure class=\"wp-block-image\"><img decoding=\"async\" width=\"1200\" height=\"800\" src=\"https:\/\/chicriviera.com\/wp-content\/uploads\/2019\/04\/1eed92aa-224c-47e7-a5a1-98a6899f9ef2.jpg\" alt=\"\" class=\"wp-image-1147\" srcset=\"https:\/\/chicriviera.com\/wp-content\/uploads\/2019\/04\/1eed92aa-224c-47e7-a5a1-98a6899f9ef2.jpg 1200w, https:\/\/chicriviera.com\/wp-content\/uploads\/2019\/04\/1eed92aa-224c-47e7-a5a1-98a6899f9ef2-300x200.jpg 300w, https:\/\/chicriviera.com\/wp-content\/uploads\/2019\/04\/1eed92aa-224c-47e7-a5a1-98a6899f9ef2-768x512.jpg 768w, https:\/\/chicriviera.com\/wp-content\/uploads\/2019\/04\/1eed92aa-224c-47e7-a5a1-98a6899f9ef2-1024x683.jpg 1024w, https:\/\/chicriviera.com\/wp-content\/uploads\/2019\/04\/1eed92aa-224c-47e7-a5a1-98a6899f9ef2-600x400.jpg 600w\" sizes=\"(max-width: 1200px) 100vw, 1200px\" \/><\/figure>\n\n\n\n<p>Questa magnifica residenza in stile rinascimentale, situata a Saint Jean Cap Ferrat, fu costruita dalla baronessa B\u00e9atrice Ephrussi de Rothschild, appassionata del XVIII secolo. La villa e i giardini sono sublimi e possono essere visitati, ma pu\u00f2 anche essere affittata per ricevimenti. <\/p>\n\n\n\n<h2 class=\"wp-block-heading\">Villa Eilenroc, Cap D'Antibes <\/h2>\n\n\n\n<figure class=\"wp-block-image\"><img decoding=\"async\" width=\"841\" height=\"841\" src=\"https:\/\/chicriviera.com\/wp-content\/uploads\/2019\/04\/25264a9e-a45e-4995-b8dd-642c71992069.jpg\" alt=\"\" class=\"wp-image-1149\" srcset=\"https:\/\/chicriviera.com\/wp-content\/uploads\/2019\/04\/25264a9e-a45e-4995-b8dd-642c71992069.jpg 841w, https:\/\/chicriviera.com\/wp-content\/uploads\/2019\/04\/25264a9e-a45e-4995-b8dd-642c71992069-150x150.jpg 150w, https:\/\/chicriviera.com\/wp-content\/uploads\/2019\/04\/25264a9e-a45e-4995-b8dd-642c71992069-300x300.jpg 300w, https:\/\/chicriviera.com\/wp-content\/uploads\/2019\/04\/25264a9e-a45e-4995-b8dd-642c71992069-768x768.jpg 768w, https:\/\/chicriviera.com\/wp-content\/uploads\/2019\/04\/25264a9e-a45e-4995-b8dd-642c71992069-600x600.jpg 600w\" sizes=\"(max-width: 841px) 100vw, 841px\" \/><\/figure>\n\n\n\n<p>Questa magnifica residenza, costruita da un olandese, \u00e8 situata a Cap d'Antibes in un parco di 11 ettari, con magnifici giardini e una vegetazione tipicamente mediterranea. Fu poi venduta a uno scozzese e poi a una coppia americana, i Beaumont. Nel 1982, Madame H\u00e9l\u00e8ne Beaumont lasci\u00f2 la sua casa in eredit\u00e0 alla citt\u00e0 di Antibes a condizione che la Fondation Beaumont fosse creata per gestire e sfruttare la propriet\u00e0, ma anche a condizione che la villa e i giardini delle rose e degli ulivi fossero aperti al pubblico. Semplicemente sublime.<\/p>\n\n\n\n<h2 class=\"wp-block-heading\">Villa Santo Sospir, Saint Jean Cap Ferrat<\/h2>\n\n\n\n<figure class=\"wp-block-image\"><img decoding=\"async\" width=\"1221\" height=\"640\" src=\"https:\/\/chicriviera.com\/wp-content\/uploads\/2019\/04\/2e92a1be-84c2-427f-b24b-3d95e39af736.jpg\" alt=\"\" class=\"wp-image-1152\" srcset=\"https:\/\/chicriviera.com\/wp-content\/uploads\/2019\/04\/2e92a1be-84c2-427f-b24b-3d95e39af736.jpg 1221w, https:\/\/chicriviera.com\/wp-content\/uploads\/2019\/04\/2e92a1be-84c2-427f-b24b-3d95e39af736-300x157.jpg 300w, https:\/\/chicriviera.com\/wp-content\/uploads\/2019\/04\/2e92a1be-84c2-427f-b24b-3d95e39af736-768x403.jpg 768w, https:\/\/chicriviera.com\/wp-content\/uploads\/2019\/04\/2e92a1be-84c2-427f-b24b-3d95e39af736-1024x537.jpg 1024w, https:\/\/chicriviera.com\/wp-content\/uploads\/2019\/04\/2e92a1be-84c2-427f-b24b-3d95e39af736-600x314.jpg 600w\" sizes=\"(max-width: 1221px) 100vw, 1221px\" \/><\/figure>\n\n\n\n<p>Questa magnifica villa, costruita subito dopo la guerra, era stata acquistata da Francine Weisweiller e suo marito. Presentato a Cocteau, ci fu subito una vera attrazione amichevole tra loro, e Cocteau, che non amava rimanere inattivo, chiese un giorno a Francine il permesso di disegnare una testa di Apollo sopra il camino. Lei accett\u00f2, e poco a poco Cocteau tatu\u00f2 tutte le pareti della casa. Ora di propriet\u00e0 di un russo, la villa pu\u00f2 ancora essere visitata tranne durante il periodo di ristrutturazione. <\/p>\n\n\n\n<h2 class=\"wp-block-heading\">Villa E-1027 di Eileen Gray, <strong>Roquebrune-Cap-Martin<\/strong> <\/h2>\n\n\n\n<figure class=\"wp-block-image\"><img decoding=\"async\" width=\"960\" height=\"640\" src=\"https:\/\/chicriviera.com\/wp-content\/uploads\/2019\/04\/2c281a56-1475-4e5f-85f3-c77b3f7b05e0.jpg\" alt=\"\" class=\"wp-image-1155\" srcset=\"https:\/\/chicriviera.com\/wp-content\/uploads\/2019\/04\/2c281a56-1475-4e5f-85f3-c77b3f7b05e0.jpg 960w, https:\/\/chicriviera.com\/wp-content\/uploads\/2019\/04\/2c281a56-1475-4e5f-85f3-c77b3f7b05e0-300x200.jpg 300w, https:\/\/chicriviera.com\/wp-content\/uploads\/2019\/04\/2c281a56-1475-4e5f-85f3-c77b3f7b05e0-768x512.jpg 768w, https:\/\/chicriviera.com\/wp-content\/uploads\/2019\/04\/2c281a56-1475-4e5f-85f3-c77b3f7b05e0-600x400.jpg 600w\" sizes=\"(max-width: 960px) 100vw, 960px\" \/><\/figure>\n\n\n\n<p>Questa piccola villa moderna, non lontano da Monaco, con forme geometriche e l'aspetto di un transatlantico, \u00e8 stata progettata e costruita da Eileen Gray, una decoratrice diventata architetto, e Jean Badovici, un architetto di origine rumena e 15 anni pi\u00f9 giovane di lei, che \u00e8 stato all'origine di tutta questa avventura. Sfortunatamente, si sono separati subito dopo il completamento del lavoro, lasciandoci questo capolavoro. <\/p>\n\n\n\n<h2 class=\"wp-block-heading\">Il <strong>Castello<\/strong> di La Colle Noire, Montauroux<\/h2>\n\n\n\n<figure class=\"wp-block-image\"><img decoding=\"async\" width=\"946\" height=\"640\" src=\"https:\/\/chicriviera.com\/wp-content\/uploads\/2019\/04\/a3000100-a2ee-480c-9537-12a779069719.jpg\" alt=\"\" class=\"wp-image-1167\" srcset=\"https:\/\/chicriviera.com\/wp-content\/uploads\/2019\/04\/a3000100-a2ee-480c-9537-12a779069719.jpg 946w, https:\/\/chicriviera.com\/wp-content\/uploads\/2019\/04\/a3000100-a2ee-480c-9537-12a779069719-300x203.jpg 300w, https:\/\/chicriviera.com\/wp-content\/uploads\/2019\/04\/a3000100-a2ee-480c-9537-12a779069719-768x520.jpg 768w, https:\/\/chicriviera.com\/wp-content\/uploads\/2019\/04\/a3000100-a2ee-480c-9537-12a779069719-600x406.jpg 600w\" sizes=\"(max-width: 946px) 100vw, 946px\" \/><\/figure>\n\n\n\n<p>Questa magnifica bastide del XIX secolo, interamente restaurata da Christian Dior negli anni '50, si trova a Montauroux, sul bordo delle Alpi Marittime. Dal 2013 \u00e8 di propriet\u00e0 di Christian Dior Parfums. Aperta di tanto in tanto, questa magnifica residenza, interamente rinnovata, vi far\u00e0 immergere nel mondo del famoso couturier se avrete l'opportunit\u00e0 di visitarla quando apre le sue porte ai visitatori. <\/p>\n\n\n\n<h2 class=\"wp-block-heading\">Villa Domergue, Cannes<\/h2>\n\n\n\n<figure class=\"wp-block-image\"><img decoding=\"async\" width=\"961\" height=\"640\" src=\"https:\/\/chicriviera.com\/wp-content\/uploads\/2019\/04\/8dcc3ac9-1134-4ef8-bf82-a5b4089ecd10.jpg\" alt=\"\" class=\"wp-image-1170\" srcset=\"https:\/\/chicriviera.com\/wp-content\/uploads\/2019\/04\/8dcc3ac9-1134-4ef8-bf82-a5b4089ecd10.jpg 961w, https:\/\/chicriviera.com\/wp-content\/uploads\/2019\/04\/8dcc3ac9-1134-4ef8-bf82-a5b4089ecd10-300x200.jpg 300w, https:\/\/chicriviera.com\/wp-content\/uploads\/2019\/04\/8dcc3ac9-1134-4ef8-bf82-a5b4089ecd10-768x511.jpg 768w, https:\/\/chicriviera.com\/wp-content\/uploads\/2019\/04\/8dcc3ac9-1134-4ef8-bf82-a5b4089ecd10-600x400.jpg 600w\" sizes=\"(max-width: 961px) 100vw, 961px\" \/><\/figure>\n\n\n\n<p>Fu il pittore Jean Gabriel Domergue a progettare e costruire questa villa che originariamente si chiamava Villa Fiesole (si era ispirato a una villa che aveva visto a Fiesole vicino a Firenze, da cui il nome). \u00c8 in stile italiano con giardini mediterranei, stagni e cascate creati da sua moglie scultrice. <\/p>\n\n\n\n<h2 class=\"wp-block-heading\">Villa Le <strong>Sogno, Vence <\/strong><\/h2>\n\n\n\n<figure class=\"wp-block-image\"><img decoding=\"async\" width=\"854\" height=\"640\" src=\"https:\/\/chicriviera.com\/wp-content\/uploads\/2019\/04\/cdf02af8-9c24-48dd-b84e-26bb097dba24.jpg\" alt=\"\" class=\"wp-image-1176\" srcset=\"https:\/\/chicriviera.com\/wp-content\/uploads\/2019\/04\/cdf02af8-9c24-48dd-b84e-26bb097dba24.jpg 854w, https:\/\/chicriviera.com\/wp-content\/uploads\/2019\/04\/cdf02af8-9c24-48dd-b84e-26bb097dba24-300x225.jpg 300w, https:\/\/chicriviera.com\/wp-content\/uploads\/2019\/04\/cdf02af8-9c24-48dd-b84e-26bb097dba24-768x576.jpg 768w, https:\/\/chicriviera.com\/wp-content\/uploads\/2019\/04\/cdf02af8-9c24-48dd-b84e-26bb097dba24-600x450.jpg 600w\" sizes=\"(max-width: 854px) 100vw, 854px\" \/><\/figure>\n\n\n\n<p>Fu in questa villa che Matisse visse dal 1943 al 1949. Qui trov\u00f2 tutta l'ispirazione necessaria per creare le sue opere pi\u00f9 belle, come \"Nature Morte aux grenades\". Questa ispirazione \u00e8 venuta dalla magnifica vista dalla sua terrazza su una natura dal profumo di essenze mediterranee, cos\u00ec come dalla luce particolare della Costa Azzurra. La villa vi accoglie per una visita o per dipingere nel giardino o in uno dei laboratori, ma potete anche soggiornarvi. <\/p>\n\n\n\n<h2 class=\"wp-block-heading\">Cabanon Le <strong>Corbusier, Roquebrune-Cap-Martin <\/strong><\/h2>\n\n\n\n<figure class=\"wp-block-image\"><img decoding=\"async\" width=\"1137\" height=\"640\" src=\"https:\/\/chicriviera.com\/wp-content\/uploads\/2019\/04\/c4a0de69-3652-4756-82a8-34a2fe02149a.jpg\" alt=\"\" class=\"wp-image-1179\" srcset=\"https:\/\/chicriviera.com\/wp-content\/uploads\/2019\/04\/c4a0de69-3652-4756-82a8-34a2fe02149a.jpg 1137w, https:\/\/chicriviera.com\/wp-content\/uploads\/2019\/04\/c4a0de69-3652-4756-82a8-34a2fe02149a-300x169.jpg 300w, https:\/\/chicriviera.com\/wp-content\/uploads\/2019\/04\/c4a0de69-3652-4756-82a8-34a2fe02149a-768x432.jpg 768w, https:\/\/chicriviera.com\/wp-content\/uploads\/2019\/04\/c4a0de69-3652-4756-82a8-34a2fe02149a-1024x576.jpg 1024w, https:\/\/chicriviera.com\/wp-content\/uploads\/2019\/04\/c4a0de69-3652-4756-82a8-34a2fe02149a-600x338.jpg 600w\" sizes=\"(max-width: 1137px) 100vw, 1137px\" \/><\/figure>\n\n\n\n<p>Questo sorprendente Cabanon, dove Le Corbusier amava venire d'estate con sua moglie, \u00e8 una delle abitazioni pi\u00f9 minimaliste esistenti. Misurando 3,66 m quadrati e 2,66 m di altezza, questa capanna, che assomiglia alla capanna di un trapper, ha tutto il necessario per vivere in un piccolo spazio: servizi igienici, un tavolo, stoccaggio, una zona di lavoro, una zona di riposo, e tutto intorno, la natura. L'obiettivo di Le Corbusier era di vivere in armonia con la natura. <\/p>\n\n\n\n<p>Fonti: Siti ufficiali dei luoghi. Siti degli uffici turistici della Costa Azzurra<\/p>","protected":false},"excerpt":{"rendered":"<p>Villa Kerylos, Beaulieu-sur-Mer Situ\u00e9e \u00e0 Beaulieu-sur-Mer, \u00e0 la pointe de la Baie des Fourmis, cette demeure est l\u2019\u0153uvre de Th\u00e9odore Reinach, arch\u00e9ologue, passionn\u00e9 par la civilisation et la culture Grecque . Aid\u00e9 par le c\u00e9l\u00e8bre architecte Emmanuel Pontremoli, il cr\u00e9a ce chef d\u2019\u0153uvre. Ouverte \u00e0 tous toute l\u2019ann\u00e9e. Villa Ephrussi de Rotchschild, Saint-Jean-Cap-Ferrat Cette magnifique [&hellip;]<\/p>\n","protected":false},"author":2,"featured_media":851,"comment_status":"open","ping_status":"closed","sticky":false,"template":"","format":"standard","meta":{"_genesis_hide_title":false,"_genesis_hide_breadcrumbs":false,"_genesis_hide_singular_image":false,"_genesis_hide_footer_widgets":false,"_genesis_custom_body_class":"","_genesis_custom_post_class":"","_genesis_layout":"","footnotes":""},"categories":[27,18],"tags":[],"class_list":{"0":"post-813","1":"post","2":"type-post","3":"status-publish","4":"format-standard","5":"has-post-thumbnail","7":"category-activites","8":"category-sortir","9":"entry"},"yoast_head":"<!-- This site is optimized with the Yoast SEO plugin v27.1.1 - https:\/\/yoast.com\/product\/yoast-seo-wordpress\/ -->\n<title>Les plus belles villas de la C\u00f4te d\u2019Azur \u00e0 visiter - Chic Riviera<\/title>\n<meta name=\"robots\" content=\"index, follow, max-snippet:-1, max-image-preview:large, max-video-preview:-1\" \/>\n<link rel=\"canonical\" href=\"https:\/\/chicriviera.com\/it\/2019\/05\/23\/les-plus-belles-villas-de-la-cote-dazur-a-visiter\/\" \/>\n<meta property=\"og:locale\" content=\"it_IT\" \/>\n<meta property=\"og:type\" content=\"article\" \/>\n<meta property=\"og:title\" content=\"Les plus belles villas de la C\u00f4te d\u2019Azur \u00e0 visiter - Chic Riviera\" \/>\n<meta property=\"og:description\" content=\"Villa Kerylos, Beaulieu-sur-Mer Situ\u00e9e \u00e0 Beaulieu-sur-Mer, \u00e0 la pointe de la Baie des Fourmis, cette demeure est l\u2019\u0153uvre de Th\u00e9odore Reinach, arch\u00e9ologue, passionn\u00e9 par la civilisation et la culture Grecque . Aid\u00e9 par le c\u00e9l\u00e8bre architecte Emmanuel Pontremoli, il cr\u00e9a ce chef d\u2019\u0153uvre. Ouverte \u00e0 tous toute l\u2019ann\u00e9e. Villa Ephrussi de Rotchschild, Saint-Jean-Cap-Ferrat Cette magnifique [&hellip;]\" \/>\n<meta property=\"og:url\" content=\"https:\/\/chicriviera.com\/it\/2019\/05\/23\/les-plus-belles-villas-de-la-cote-dazur-a-visiter\/\" \/>\n<meta property=\"og:site_name\" content=\"Chic Riviera\" \/>\n<meta property=\"article:publisher\" content=\"https:\/\/www.facebook.com\/ChicRivieracom\/\" \/>\n<meta property=\"article:published_time\" content=\"2019-05-23T19:50:16+00:00\" \/>\n<meta property=\"article:modified_time\" content=\"2019-05-29T13:49:30+00:00\" \/>\n<meta property=\"og:image\" content=\"https:\/\/chicriviera.com\/wp-content\/uploads\/2019\/03\/img_1953.jpg\" \/>\n\t<meta property=\"og:image:width\" content=\"603\" \/>\n\t<meta property=\"og:image:height\" content=\"400\" \/>\n\t<meta property=\"og:image:type\" content=\"image\/jpeg\" \/>\n<meta name=\"author\" content=\"Alex\" \/>\n<meta name=\"twitter:card\" content=\"summary_large_image\" \/>\n<meta name=\"twitter:creator\" content=\"@Chic_Riviera\" \/>\n<meta name=\"twitter:site\" content=\"@Chic_Riviera\" \/>\n<meta name=\"twitter:label1\" content=\"Scritto da\" \/>\n\t<meta name=\"twitter:data1\" content=\"Alex\" \/>\n\t<meta name=\"twitter:label2\" content=\"Tempo di lettura stimato\" \/>\n\t<meta name=\"twitter:data2\" content=\"4 minuti\" \/>\n<script type=\"application\/ld+json\" class=\"yoast-schema-graph\">{\"@context\":\"https:\/\/schema.org\",\"@graph\":[{\"@type\":\"Article\",\"@id\":\"https:\/\/chicriviera.com\/de\/2019\/05\/23\/les-plus-belles-villas-de-la-cote-dazur-a-visiter\/#article\",\"isPartOf\":{\"@id\":\"https:\/\/chicriviera.com\/de\/2019\/05\/23\/les-plus-belles-villas-de-la-cote-dazur-a-visiter\/\"},\"author\":{\"name\":\"Alex\",\"@id\":\"https:\/\/chicriviera.com\/es\/#\/schema\/person\/c563ec1d9481b6d038092938cde95a4b\"},\"headline\":\"Les plus belles villas de la C\u00f4te d\u2019Azur \u00e0 visiter\",\"datePublished\":\"2019-05-23T19:50:16+00:00\",\"dateModified\":\"2019-05-29T13:49:30+00:00\",\"mainEntityOfPage\":{\"@id\":\"https:\/\/chicriviera.com\/de\/2019\/05\/23\/les-plus-belles-villas-de-la-cote-dazur-a-visiter\/\"},\"wordCount\":740,\"commentCount\":0,\"publisher\":{\"@id\":\"https:\/\/chicriviera.com\/es\/#organization\"},\"image\":{\"@id\":\"https:\/\/chicriviera.com\/de\/2019\/05\/23\/les-plus-belles-villas-de-la-cote-dazur-a-visiter\/#primaryimage\"},\"thumbnailUrl\":\"https:\/\/chicriviera.com\/wp-content\/uploads\/2019\/03\/img_1953.jpg\",\"articleSection\":[\"Activit\u00e9s\",\"Sortir\"],\"inLanguage\":\"it-IT\",\"potentialAction\":[{\"@type\":\"CommentAction\",\"name\":\"Comment\",\"target\":[\"https:\/\/chicriviera.com\/de\/2019\/05\/23\/les-plus-belles-villas-de-la-cote-dazur-a-visiter\/#respond\"]}]},{\"@type\":\"WebPage\",\"@id\":\"https:\/\/chicriviera.com\/de\/2019\/05\/23\/les-plus-belles-villas-de-la-cote-dazur-a-visiter\/\",\"url\":\"https:\/\/chicriviera.com\/de\/2019\/05\/23\/les-plus-belles-villas-de-la-cote-dazur-a-visiter\/\",\"name\":\"Les plus belles villas de la C\u00f4te d\u2019Azur \u00e0 visiter - Chic Riviera\",\"isPartOf\":{\"@id\":\"https:\/\/chicriviera.com\/es\/#website\"},\"primaryImageOfPage\":{\"@id\":\"https:\/\/chicriviera.com\/de\/2019\/05\/23\/les-plus-belles-villas-de-la-cote-dazur-a-visiter\/#primaryimage\"},\"image\":{\"@id\":\"https:\/\/chicriviera.com\/de\/2019\/05\/23\/les-plus-belles-villas-de-la-cote-dazur-a-visiter\/#primaryimage\"},\"thumbnailUrl\":\"https:\/\/chicriviera.com\/wp-content\/uploads\/2019\/03\/img_1953.jpg\",\"datePublished\":\"2019-05-23T19:50:16+00:00\",\"dateModified\":\"2019-05-29T13:49:30+00:00\",\"breadcrumb\":{\"@id\":\"https:\/\/chicriviera.com\/de\/2019\/05\/23\/les-plus-belles-villas-de-la-cote-dazur-a-visiter\/#breadcrumb\"},\"inLanguage\":\"it-IT\",\"potentialAction\":[{\"@type\":\"ReadAction\",\"target\":[\"https:\/\/chicriviera.com\/de\/2019\/05\/23\/les-plus-belles-villas-de-la-cote-dazur-a-visiter\/\"]}]},{\"@type\":\"ImageObject\",\"inLanguage\":\"it-IT\",\"@id\":\"https:\/\/chicriviera.com\/de\/2019\/05\/23\/les-plus-belles-villas-de-la-cote-dazur-a-visiter\/#primaryimage\",\"url\":\"https:\/\/chicriviera.com\/wp-content\/uploads\/2019\/03\/img_1953.jpg\",\"contentUrl\":\"https:\/\/chicriviera.com\/wp-content\/uploads\/2019\/03\/img_1953.jpg\",\"width\":603,\"height\":400},{\"@type\":\"BreadcrumbList\",\"@id\":\"https:\/\/chicriviera.com\/de\/2019\/05\/23\/les-plus-belles-villas-de-la-cote-dazur-a-visiter\/#breadcrumb\",\"itemListElement\":[{\"@type\":\"ListItem\",\"position\":1,\"name\":\"Accueil\",\"item\":\"https:\/\/chicriviera.com\/\"},{\"@type\":\"ListItem\",\"position\":2,\"name\":\"Les plus belles villas de la C\u00f4te d\u2019Azur \u00e0 visiter\"}]},{\"@type\":\"WebSite\",\"@id\":\"https:\/\/chicriviera.com\/es\/#website\",\"url\":\"https:\/\/chicriviera.com\/es\/\",\"name\":\"Chic Riviera\",\"description\":\"Le meilleur de la C\u00f4te d&#039;Azur : Restaurants, Plages, Sorties\",\"publisher\":{\"@id\":\"https:\/\/chicriviera.com\/es\/#organization\"},\"potentialAction\":[{\"@type\":\"SearchAction\",\"target\":{\"@type\":\"EntryPoint\",\"urlTemplate\":\"https:\/\/chicriviera.com\/es\/?s={search_term_string}\"},\"query-input\":{\"@type\":\"PropertyValueSpecification\",\"valueRequired\":true,\"valueName\":\"search_term_string\"}}],\"inLanguage\":\"it-IT\"},{\"@type\":\"Organization\",\"@id\":\"https:\/\/chicriviera.com\/es\/#organization\",\"name\":\"Chic Riviera\",\"url\":\"https:\/\/chicriviera.com\/es\/\",\"logo\":{\"@type\":\"ImageObject\",\"inLanguage\":\"it-IT\",\"@id\":\"https:\/\/chicriviera.com\/es\/#\/schema\/logo\/image\/\",\"url\":\"https:\/\/chicriviera.com\/wp-content\/uploads\/2019\/03\/cropped-crfavicon.png\",\"contentUrl\":\"https:\/\/chicriviera.com\/wp-content\/uploads\/2019\/03\/cropped-crfavicon.png\",\"width\":512,\"height\":512,\"caption\":\"Chic Riviera\"},\"image\":{\"@id\":\"https:\/\/chicriviera.com\/es\/#\/schema\/logo\/image\/\"},\"sameAs\":[\"https:\/\/www.facebook.com\/ChicRivieracom\/\",\"https:\/\/x.com\/Chic_Riviera\",\"https:\/\/www.instagram.com\/chicriviera\/\"]},{\"@type\":\"Person\",\"@id\":\"https:\/\/chicriviera.com\/es\/#\/schema\/person\/c563ec1d9481b6d038092938cde95a4b\",\"name\":\"Alex\",\"image\":{\"@type\":\"ImageObject\",\"inLanguage\":\"it-IT\",\"@id\":\"https:\/\/chicriviera.com\/es\/#\/schema\/person\/image\/\",\"url\":\"https:\/\/secure.gravatar.com\/avatar\/0bb721c49cd74f5b36020571509cc39351075de1991c6145cdbecbab8cf22c82?s=96&d=mm&r=g\",\"contentUrl\":\"https:\/\/secure.gravatar.com\/avatar\/0bb721c49cd74f5b36020571509cc39351075de1991c6145cdbecbab8cf22c82?s=96&d=mm&r=g\",\"caption\":\"Alex\"},\"url\":\"https:\/\/chicriviera.com\/it\/author\/alexben\/\"}]}<\/script>\n<!-- \/ Yoast SEO plugin. -->","yoast_head_json":{"title":"Le pi\u00f9 belle ville da visitare in Costa Azzurra - Chic Riviera","robots":{"index":"index","follow":"follow","max-snippet":"max-snippet:-1","max-image-preview":"max-image-preview:large","max-video-preview":"max-video-preview:-1"},"canonical":"https:\/\/chicriviera.com\/it\/2019\/05\/23\/les-plus-belles-villas-de-la-cote-dazur-a-visiter\/","og_locale":"it_IT","og_type":"article","og_title":"Les plus belles villas de la C\u00f4te d\u2019Azur \u00e0 visiter - Chic Riviera","og_description":"Villa Kerylos, Beaulieu-sur-Mer Situ\u00e9e \u00e0 Beaulieu-sur-Mer, \u00e0 la pointe de la Baie des Fourmis, cette demeure est l\u2019\u0153uvre de Th\u00e9odore Reinach, arch\u00e9ologue, passionn\u00e9 par la civilisation et la culture Grecque . Aid\u00e9 par le c\u00e9l\u00e8bre architecte Emmanuel Pontremoli, il cr\u00e9a ce chef d\u2019\u0153uvre. Ouverte \u00e0 tous toute l\u2019ann\u00e9e. Villa Ephrussi de Rotchschild, Saint-Jean-Cap-Ferrat Cette magnifique [&hellip;]","og_url":"https:\/\/chicriviera.com\/it\/2019\/05\/23\/les-plus-belles-villas-de-la-cote-dazur-a-visiter\/","og_site_name":"Chic Riviera","article_publisher":"https:\/\/www.facebook.com\/ChicRivieracom\/","article_published_time":"2019-05-23T19:50:16+00:00","article_modified_time":"2019-05-29T13:49:30+00:00","og_image":[{"width":603,"height":400,"url":"https:\/\/chicriviera.com\/wp-content\/uploads\/2019\/03\/img_1953.jpg","type":"image\/jpeg"}],"author":"Alex","twitter_card":"summary_large_image","twitter_creator":"@Chic_Riviera","twitter_site":"@Chic_Riviera","twitter_misc":{"Scritto da":"Alex","Tempo di lettura stimato":"4 minuti"},"schema":{"@context":"https:\/\/schema.org","@graph":[{"@type":"Article","@id":"https:\/\/chicriviera.com\/de\/2019\/05\/23\/les-plus-belles-villas-de-la-cote-dazur-a-visiter\/#article","isPartOf":{"@id":"https:\/\/chicriviera.com\/de\/2019\/05\/23\/les-plus-belles-villas-de-la-cote-dazur-a-visiter\/"},"author":{"name":"Alex","@id":"https:\/\/chicriviera.com\/es\/#\/schema\/person\/c563ec1d9481b6d038092938cde95a4b"},"headline":"Les plus belles villas de la C\u00f4te d\u2019Azur \u00e0 visiter","datePublished":"2019-05-23T19:50:16+00:00","dateModified":"2019-05-29T13:49:30+00:00","mainEntityOfPage":{"@id":"https:\/\/chicriviera.com\/de\/2019\/05\/23\/les-plus-belles-villas-de-la-cote-dazur-a-visiter\/"},"wordCount":740,"commentCount":0,"publisher":{"@id":"https:\/\/chicriviera.com\/es\/#organization"},"image":{"@id":"https:\/\/chicriviera.com\/de\/2019\/05\/23\/les-plus-belles-villas-de-la-cote-dazur-a-visiter\/#primaryimage"},"thumbnailUrl":"https:\/\/chicriviera.com\/wp-content\/uploads\/2019\/03\/img_1953.jpg","articleSection":["Activit\u00e9s","Sortir"],"inLanguage":"it-IT","potentialAction":[{"@type":"CommentAction","name":"Comment","target":["https:\/\/chicriviera.com\/de\/2019\/05\/23\/les-plus-belles-villas-de-la-cote-dazur-a-visiter\/#respond"]}]},{"@type":"WebPage","@id":"https:\/\/chicriviera.com\/de\/2019\/05\/23\/les-plus-belles-villas-de-la-cote-dazur-a-visiter\/","url":"https:\/\/chicriviera.com\/de\/2019\/05\/23\/les-plus-belles-villas-de-la-cote-dazur-a-visiter\/","name":"Le pi\u00f9 belle ville da visitare in Costa Azzurra - Chic Riviera","isPartOf":{"@id":"https:\/\/chicriviera.com\/es\/#website"},"primaryImageOfPage":{"@id":"https:\/\/chicriviera.com\/de\/2019\/05\/23\/les-plus-belles-villas-de-la-cote-dazur-a-visiter\/#primaryimage"},"image":{"@id":"https:\/\/chicriviera.com\/de\/2019\/05\/23\/les-plus-belles-villas-de-la-cote-dazur-a-visiter\/#primaryimage"},"thumbnailUrl":"https:\/\/chicriviera.com\/wp-content\/uploads\/2019\/03\/img_1953.jpg","datePublished":"2019-05-23T19:50:16+00:00","dateModified":"2019-05-29T13:49:30+00:00","breadcrumb":{"@id":"https:\/\/chicriviera.com\/de\/2019\/05\/23\/les-plus-belles-villas-de-la-cote-dazur-a-visiter\/#breadcrumb"},"inLanguage":"it-IT","potentialAction":[{"@type":"ReadAction","target":["https:\/\/chicriviera.com\/de\/2019\/05\/23\/les-plus-belles-villas-de-la-cote-dazur-a-visiter\/"]}]},{"@type":"ImageObject","inLanguage":"it-IT","@id":"https:\/\/chicriviera.com\/de\/2019\/05\/23\/les-plus-belles-villas-de-la-cote-dazur-a-visiter\/#primaryimage","url":"https:\/\/chicriviera.com\/wp-content\/uploads\/2019\/03\/img_1953.jpg","contentUrl":"https:\/\/chicriviera.com\/wp-content\/uploads\/2019\/03\/img_1953.jpg","width":603,"height":400},{"@type":"BreadcrumbList","@id":"https:\/\/chicriviera.com\/de\/2019\/05\/23\/les-plus-belles-villas-de-la-cote-dazur-a-visiter\/#breadcrumb","itemListElement":[{"@type":"ListItem","position":1,"name":"Accueil","item":"https:\/\/chicriviera.com\/"},{"@type":"ListItem","position":2,"name":"Les plus belles villas de la C\u00f4te d\u2019Azur \u00e0 visiter"}]},{"@type":"WebSite","@id":"https:\/\/chicriviera.com\/es\/#website","url":"https:\/\/chicriviera.com\/es\/","name":"Chic Riviera","description":"Il meglio della Costa Azzurra : Ristoranti, spiagge, gite","publisher":{"@id":"https:\/\/chicriviera.com\/es\/#organization"},"potentialAction":[{"@type":"SearchAction","target":{"@type":"EntryPoint","urlTemplate":"https:\/\/chicriviera.com\/es\/?s={search_term_string}"},"query-input":{"@type":"PropertyValueSpecification","valueRequired":true,"valueName":"search_term_string"}}],"inLanguage":"it-IT"},{"@type":"Organization","@id":"https:\/\/chicriviera.com\/es\/#organization","name":"Chic Riviera","url":"https:\/\/chicriviera.com\/es\/","logo":{"@type":"ImageObject","inLanguage":"it-IT","@id":"https:\/\/chicriviera.com\/es\/#\/schema\/logo\/image\/","url":"https:\/\/chicriviera.com\/wp-content\/uploads\/2019\/03\/cropped-crfavicon.png","contentUrl":"https:\/\/chicriviera.com\/wp-content\/uploads\/2019\/03\/cropped-crfavicon.png","width":512,"height":512,"caption":"Chic Riviera"},"image":{"@id":"https:\/\/chicriviera.com\/es\/#\/schema\/logo\/image\/"},"sameAs":["https:\/\/www.facebook.com\/ChicRivieracom\/","https:\/\/x.com\/Chic_Riviera","https:\/\/www.instagram.com\/chicriviera\/"]},{"@type":"Person","@id":"https:\/\/chicriviera.com\/es\/#\/schema\/person\/c563ec1d9481b6d038092938cde95a4b","name":"Alex","image":{"@type":"ImageObject","inLanguage":"it-IT","@id":"https:\/\/chicriviera.com\/es\/#\/schema\/person\/image\/","url":"https:\/\/secure.gravatar.com\/avatar\/0bb721c49cd74f5b36020571509cc39351075de1991c6145cdbecbab8cf22c82?s=96&d=mm&r=g","contentUrl":"https:\/\/secure.gravatar.com\/avatar\/0bb721c49cd74f5b36020571509cc39351075de1991c6145cdbecbab8cf22c82?s=96&d=mm&r=g","caption":"Alex"},"url":"https:\/\/chicriviera.com\/it\/author\/alexben\/"}]}},"_links":{"self":[{"href":"https:\/\/chicriviera.com\/it\/wp-json\/wp\/v2\/posts\/813","targetHints":{"allow":["GET"]}}],"collection":[{"href":"https:\/\/chicriviera.com\/it\/wp-json\/wp\/v2\/posts"}],"about":[{"href":"https:\/\/chicriviera.com\/it\/wp-json\/wp\/v2\/types\/post"}],"author":[{"embeddable":true,"href":"https:\/\/chicriviera.com\/it\/wp-json\/wp\/v2\/users\/2"}],"replies":[{"embeddable":true,"href":"https:\/\/chicriviera.com\/it\/wp-json\/wp\/v2\/comments?post=813"}],"version-history":[{"count":66,"href":"https:\/\/chicriviera.com\/it\/wp-json\/wp\/v2\/posts\/813\/revisions"}],"predecessor-version":[{"id":1307,"href":"https:\/\/chicriviera.com\/it\/wp-json\/wp\/v2\/posts\/813\/revisions\/1307"}],"wp:featuredmedia":[{"embeddable":true,"href":"https:\/\/chicriviera.com\/it\/wp-json\/wp\/v2\/media\/851"}],"wp:attachment":[{"href":"https:\/\/chicriviera.com\/it\/wp-json\/wp\/v2\/media?parent=813"}],"wp:term":[{"taxonomy":"category","embeddable":true,"href":"https:\/\/chicriviera.com\/it\/wp-json\/wp\/v2\/categories?post=813"},{"taxonomy":"post_tag","embeddable":true,"href":"https:\/\/chicriviera.com\/it\/wp-json\/wp\/v2\/tags?post=813"}],"curies":[{"name":"wp","href":"https:\/\/api.w.org\/{rel}","templated":true}]}}