{"id":5105,"date":"2020-05-04T01:39:52","date_gmt":"2020-05-03T23:39:52","guid":{"rendered":"https:\/\/chicriviera.com\/?p=5105"},"modified":"2020-05-04T09:17:09","modified_gmt":"2020-05-04T07:17:09","slug":"monaco-premiere-ville-de-la-cote-dazur-a-deconfiner","status":"publish","type":"post","link":"https:\/\/chicriviera.com\/it\/2020\/05\/04\/monaco-premiere-ville-de-la-cote-dazur-a-deconfiner\/","title":{"rendered":"Monaco, la prima citt\u00e0 della Costa Azzurra a decontaminare"},"content":{"rendered":"<p>Il Principato di Monaco ha deciso di seguire i nostri vicini italiani e di decontrarsi luned\u00ec 4 maggio. Nessun nuovo caso segnalato di Covid, un basso tasso di contaminazione e una necessit\u00e0 di recupero economico hanno deciso il governo monegasco di fermare il contenimento. <\/p>\n\n\n\n<p>Naturalmente, sono state annunciate regole severe, e questo deconfinamento sar\u00e0 fatto, come in Francia, a tappe. <\/p>\n\n\n\n<figure class=\"wp-block-image size-large\"><img decoding=\"async\" width=\"1024\" height=\"885\" src=\"https:\/\/chicriviera.com\/wp-content\/uploads\/2020\/05\/e86e3a8d-9243-48ab-8454-957011142355-1024x885.jpg\" alt=\"\" class=\"wp-image-5139\" srcset=\"https:\/\/chicriviera.com\/wp-content\/uploads\/2020\/05\/e86e3a8d-9243-48ab-8454-957011142355-1024x885.jpg 1024w, https:\/\/chicriviera.com\/wp-content\/uploads\/2020\/05\/e86e3a8d-9243-48ab-8454-957011142355-300x259.jpg 300w, https:\/\/chicriviera.com\/wp-content\/uploads\/2020\/05\/e86e3a8d-9243-48ab-8454-957011142355-768x664.jpg 768w, https:\/\/chicriviera.com\/wp-content\/uploads\/2020\/05\/e86e3a8d-9243-48ab-8454-957011142355-600x519.jpg 600w, https:\/\/chicriviera.com\/wp-content\/uploads\/2020\/05\/e86e3a8d-9243-48ab-8454-957011142355-70x60.jpg 70w, https:\/\/chicriviera.com\/wp-content\/uploads\/2020\/05\/e86e3a8d-9243-48ab-8454-957011142355.jpg 1242w\" sizes=\"(max-width: 1024px) 100vw, 1024px\" \/><\/figure>\n\n\n\n<p><strong>Per questa fase 1:<\/strong><\/p>\n\n\n\n<p><strong>1) le regole : <\/strong><\/p>\n\n\n\n<ul class=\"wp-block-list\"><li>Le maschere sono obbligatorie sui trasporti pubblici, nei taxi e in tutti i veicoli passeggeri, cos\u00ec come nei negozi e nei centri commerciali. Anche nei luoghi di culto. <\/li><li>Riunione di un massimo di 5 persone in spazi pubblici.<\/li><li>Distanza sociale di almeno 1,5m.<\/li><li>Fornitura di gel nei negozi.<\/li><\/ul>\n\n\n\n<figure class=\"wp-block-image size-large\"><img decoding=\"async\" width=\"959\" height=\"640\" src=\"https:\/\/chicriviera.com\/wp-content\/uploads\/2020\/05\/34bc212d-f755-4f0e-9180-4c4e8518cb44.jpg\" alt=\"\" class=\"wp-image-5135\" srcset=\"https:\/\/chicriviera.com\/wp-content\/uploads\/2020\/05\/34bc212d-f755-4f0e-9180-4c4e8518cb44.jpg 959w, https:\/\/chicriviera.com\/wp-content\/uploads\/2020\/05\/34bc212d-f755-4f0e-9180-4c4e8518cb44-300x200.jpg 300w, https:\/\/chicriviera.com\/wp-content\/uploads\/2020\/05\/34bc212d-f755-4f0e-9180-4c4e8518cb44-768x513.jpg 768w, https:\/\/chicriviera.com\/wp-content\/uploads\/2020\/05\/34bc212d-f755-4f0e-9180-4c4e8518cb44-600x400.jpg 600w\" sizes=\"(max-width: 959px) 100vw, 959px\" \/><\/figure>\n\n\n\n<p><strong>2) cosa sar\u00e0 aperto e permesso: <\/strong><\/p>\n\n\n\n<ul class=\"wp-block-list\"><li>Negozi e centri commerciali . <\/li><li>Parrucchieri e saloni di bellezza solo su appuntamento. <\/li><li>La navigazione \u00e8 consentita dalle 9 alle 20. <\/li><li>Sport acquatici consentiti.<\/li><li>I luoghi di culto sono aperti e i matrimoni religiosi sono permessi. <\/li><li>L'eliporto riprender\u00e0 parzialmente la sua attivit\u00e0 per i voli su richiesta. <\/li><li>I servizi pubblici saranno di nuovo aperti. <\/li><li>I cantieri pubblici e privati possono riprendere, con misure sanitarie molto severe che saranno controllate regolarmente. <\/li><\/ul>\n\n\n\n<figure class=\"wp-block-image size-large\"><img decoding=\"async\" width=\"1024\" height=\"1019\" src=\"https:\/\/chicriviera.com\/wp-content\/uploads\/2020\/05\/c0b46604-3a1e-4b8e-8abd-3ae20e4c3b33-1024x1019.jpg\" alt=\"\" class=\"wp-image-5136\" srcset=\"https:\/\/chicriviera.com\/wp-content\/uploads\/2020\/05\/c0b46604-3a1e-4b8e-8abd-3ae20e4c3b33-1024x1019.jpg 1024w, https:\/\/chicriviera.com\/wp-content\/uploads\/2020\/05\/c0b46604-3a1e-4b8e-8abd-3ae20e4c3b33-300x300.jpg 300w, https:\/\/chicriviera.com\/wp-content\/uploads\/2020\/05\/c0b46604-3a1e-4b8e-8abd-3ae20e4c3b33-150x150.jpg 150w, https:\/\/chicriviera.com\/wp-content\/uploads\/2020\/05\/c0b46604-3a1e-4b8e-8abd-3ae20e4c3b33-768x764.jpg 768w, https:\/\/chicriviera.com\/wp-content\/uploads\/2020\/05\/c0b46604-3a1e-4b8e-8abd-3ae20e4c3b33-600x597.jpg 600w, https:\/\/chicriviera.com\/wp-content\/uploads\/2020\/05\/c0b46604-3a1e-4b8e-8abd-3ae20e4c3b33.jpg 1242w\" sizes=\"(max-width: 1024px) 100vw, 1024px\" \/><\/figure>\n\n\n\n<p><strong>3) ci\u00f2 che rimane chiuso e proibito: <\/strong><\/p>\n\n\n\n<ul class=\"wp-block-list\"><li>Le spiagge non sono ammesse. <\/li><li>Non sono ammessi giardini e giochi per bambini. <\/li><li>Sono proibiti gli sport e tutte le strutture sportive all'aperto. <\/li><li>I palazzetti dello sport sono sempre chiusi. <\/li><li>Ristoranti, caff\u00e8 e night club rimangono chiusi.<\/li><li>Anche i cinema, i teatri e le sale giochi rimangono chiusi. <\/li><li>Le navi da crociera non sono ammesse nel Principato.<\/li><\/ul>\n\n\n\n<figure class=\"wp-block-image size-large\"><img decoding=\"async\" width=\"1024\" height=\"683\" src=\"https:\/\/chicriviera.com\/wp-content\/uploads\/2020\/05\/7883f1e4-f335-4cf0-ab56-ceb4c6165314-1024x683.jpg\" alt=\"\" class=\"wp-image-5137\" srcset=\"https:\/\/chicriviera.com\/wp-content\/uploads\/2020\/05\/7883f1e4-f335-4cf0-ab56-ceb4c6165314-1024x683.jpg 1024w, https:\/\/chicriviera.com\/wp-content\/uploads\/2020\/05\/7883f1e4-f335-4cf0-ab56-ceb4c6165314-300x200.jpg 300w, https:\/\/chicriviera.com\/wp-content\/uploads\/2020\/05\/7883f1e4-f335-4cf0-ab56-ceb4c6165314-768x512.jpg 768w, https:\/\/chicriviera.com\/wp-content\/uploads\/2020\/05\/7883f1e4-f335-4cf0-ab56-ceb4c6165314-600x400.jpg 600w, https:\/\/chicriviera.com\/wp-content\/uploads\/2020\/05\/7883f1e4-f335-4cf0-ab56-ceb4c6165314.jpg 1200w\" sizes=\"(max-width: 1024px) 100vw, 1024px\" \/><\/figure>\n\n\n\n<p>Tutte queste restrizioni saranno valutate dopo due settimane, seguite da un periodo di riflessione di una settimana per stabilire nuove regole: la strategia Stop and Go per controllare una possibile ripresa dell'epidemia. L'obiettivo \u00e8 di togliere le ultime restrizioni se non ci sono nuovi casi, o di confinare di nuovo se l'epidemia riprende; da qui l'importanza di rispettare le regole per limitare il rischio di trasmissione e di ripresa di questa epidemia. <\/p>\n\n\n\n<p><strong>\"Se c'\u00e8 l'oscurit\u00e0, ci deve essere la luce\" Principe Alberto II <\/strong><\/p>","protected":false},"excerpt":{"rendered":"<p>La Principaut\u00e9 de Monaco a d\u00e9cid\u00e9 de suivre nos voisins italiens et de d\u00e9confiner ce lundi 4 Mai. Aucun nouveaux cas d\u00e9clar\u00e9s de Covid, un faible taux de contaminations, et un besoin de reprise \u00e9conomique ont d\u00e9cid\u00e9 le Gouvernement Mon\u00e9gasque \u00e0 stopper le confinement. Bien entendu, des r\u00e8gles strictes ont \u00e9t\u00e9 annonc\u00e9es, et ce d\u00e9confinement [&hellip;]<\/p>\n","protected":false},"author":2,"featured_media":5107,"comment_status":"open","ping_status":"closed","sticky":false,"template":"","format":"standard","meta":{"_genesis_hide_title":false,"_genesis_hide_breadcrumbs":false,"_genesis_hide_singular_image":false,"_genesis_hide_footer_widgets":false,"_genesis_custom_body_class":"","_genesis_custom_post_class":"","_genesis_layout":"","footnotes":""},"categories":[29],"tags":[],"class_list":{"0":"post-5105","1":"post","2":"type-post","3":"status-publish","4":"format-standard","5":"has-post-thumbnail","7":"category-evenements","8":"entry"},"yoast_head":"<!-- This site is optimized with the Yoast SEO plugin v27.1.1 - https:\/\/yoast.com\/product\/yoast-seo-wordpress\/ -->\n<title>Monaco, premi\u00e8re ville de la C\u00f4te d\u2019Azur \u00e0 d\u00e9confiner - Chic Riviera<\/title>\n<meta name=\"robots\" content=\"index, follow, max-snippet:-1, max-image-preview:large, max-video-preview:-1\" \/>\n<link rel=\"canonical\" href=\"https:\/\/chicriviera.com\/it\/2020\/05\/04\/monaco-premiere-ville-de-la-cote-dazur-a-deconfiner\/\" \/>\n<meta property=\"og:locale\" content=\"it_IT\" \/>\n<meta property=\"og:type\" content=\"article\" \/>\n<meta property=\"og:title\" content=\"Monaco, premi\u00e8re ville de la C\u00f4te d\u2019Azur \u00e0 d\u00e9confiner - Chic Riviera\" \/>\n<meta property=\"og:description\" content=\"La Principaut\u00e9 de Monaco a d\u00e9cid\u00e9 de suivre nos voisins italiens et de d\u00e9confiner ce lundi 4 Mai. Aucun nouveaux cas d\u00e9clar\u00e9s de Covid, un faible taux de contaminations, et un besoin de reprise \u00e9conomique ont d\u00e9cid\u00e9 le Gouvernement Mon\u00e9gasque \u00e0 stopper le confinement. Bien entendu, des r\u00e8gles strictes ont \u00e9t\u00e9 annonc\u00e9es, et ce d\u00e9confinement [&hellip;]\" \/>\n<meta property=\"og:url\" content=\"https:\/\/chicriviera.com\/it\/2020\/05\/04\/monaco-premiere-ville-de-la-cote-dazur-a-deconfiner\/\" \/>\n<meta property=\"og:site_name\" content=\"Chic Riviera\" \/>\n<meta property=\"article:publisher\" content=\"https:\/\/www.facebook.com\/ChicRivieracom\/\" \/>\n<meta property=\"article:published_time\" content=\"2020-05-03T23:39:52+00:00\" \/>\n<meta property=\"article:modified_time\" content=\"2020-05-04T07:17:09+00:00\" \/>\n<meta property=\"og:image\" content=\"https:\/\/chicriviera.com\/wp-content\/uploads\/2020\/05\/4b8831b2-94ff-4a67-a7e9-38a36e212e14.jpg\" \/>\n\t<meta property=\"og:image:width\" content=\"1242\" \/>\n\t<meta property=\"og:image:height\" content=\"1297\" \/>\n\t<meta property=\"og:image:type\" content=\"image\/jpeg\" \/>\n<meta name=\"author\" content=\"Alex\" \/>\n<meta name=\"twitter:card\" content=\"summary_large_image\" \/>\n<meta name=\"twitter:creator\" content=\"@Chic_Riviera\" \/>\n<meta name=\"twitter:site\" content=\"@Chic_Riviera\" \/>\n<meta name=\"twitter:label1\" content=\"Scritto da\" \/>\n\t<meta name=\"twitter:data1\" content=\"Alex\" \/>\n\t<meta name=\"twitter:label2\" content=\"Tempo di lettura stimato\" \/>\n\t<meta name=\"twitter:data2\" content=\"2 minuti\" \/>\n<script type=\"application\/ld+json\" class=\"yoast-schema-graph\">{\"@context\":\"https:\/\/schema.org\",\"@graph\":[{\"@type\":\"Article\",\"@id\":\"https:\/\/chicriviera.com\/de\/2020\/05\/04\/monaco-premiere-ville-de-la-cote-dazur-a-deconfiner\/#article\",\"isPartOf\":{\"@id\":\"https:\/\/chicriviera.com\/de\/2020\/05\/04\/monaco-premiere-ville-de-la-cote-dazur-a-deconfiner\/\"},\"author\":{\"name\":\"Alex\",\"@id\":\"https:\/\/chicriviera.com\/es\/#\/schema\/person\/c563ec1d9481b6d038092938cde95a4b\"},\"headline\":\"Monaco, premi\u00e8re ville de la C\u00f4te d\u2019Azur \u00e0 d\u00e9confiner\",\"datePublished\":\"2020-05-03T23:39:52+00:00\",\"dateModified\":\"2020-05-04T07:17:09+00:00\",\"mainEntityOfPage\":{\"@id\":\"https:\/\/chicriviera.com\/de\/2020\/05\/04\/monaco-premiere-ville-de-la-cote-dazur-a-deconfiner\/\"},\"wordCount\":411,\"commentCount\":0,\"publisher\":{\"@id\":\"https:\/\/chicriviera.com\/es\/#organization\"},\"image\":{\"@id\":\"https:\/\/chicriviera.com\/de\/2020\/05\/04\/monaco-premiere-ville-de-la-cote-dazur-a-deconfiner\/#primaryimage\"},\"thumbnailUrl\":\"https:\/\/chicriviera.com\/wp-content\/uploads\/2020\/05\/4b8831b2-94ff-4a67-a7e9-38a36e212e14.jpg\",\"articleSection\":[\"\u00c9v\u00e9nements\"],\"inLanguage\":\"it-IT\",\"potentialAction\":[{\"@type\":\"CommentAction\",\"name\":\"Comment\",\"target\":[\"https:\/\/chicriviera.com\/de\/2020\/05\/04\/monaco-premiere-ville-de-la-cote-dazur-a-deconfiner\/#respond\"]}]},{\"@type\":\"WebPage\",\"@id\":\"https:\/\/chicriviera.com\/de\/2020\/05\/04\/monaco-premiere-ville-de-la-cote-dazur-a-deconfiner\/\",\"url\":\"https:\/\/chicriviera.com\/de\/2020\/05\/04\/monaco-premiere-ville-de-la-cote-dazur-a-deconfiner\/\",\"name\":\"Monaco, premi\u00e8re ville de la C\u00f4te d\u2019Azur \u00e0 d\u00e9confiner - Chic Riviera\",\"isPartOf\":{\"@id\":\"https:\/\/chicriviera.com\/es\/#website\"},\"primaryImageOfPage\":{\"@id\":\"https:\/\/chicriviera.com\/de\/2020\/05\/04\/monaco-premiere-ville-de-la-cote-dazur-a-deconfiner\/#primaryimage\"},\"image\":{\"@id\":\"https:\/\/chicriviera.com\/de\/2020\/05\/04\/monaco-premiere-ville-de-la-cote-dazur-a-deconfiner\/#primaryimage\"},\"thumbnailUrl\":\"https:\/\/chicriviera.com\/wp-content\/uploads\/2020\/05\/4b8831b2-94ff-4a67-a7e9-38a36e212e14.jpg\",\"datePublished\":\"2020-05-03T23:39:52+00:00\",\"dateModified\":\"2020-05-04T07:17:09+00:00\",\"breadcrumb\":{\"@id\":\"https:\/\/chicriviera.com\/de\/2020\/05\/04\/monaco-premiere-ville-de-la-cote-dazur-a-deconfiner\/#breadcrumb\"},\"inLanguage\":\"it-IT\",\"potentialAction\":[{\"@type\":\"ReadAction\",\"target\":[\"https:\/\/chicriviera.com\/de\/2020\/05\/04\/monaco-premiere-ville-de-la-cote-dazur-a-deconfiner\/\"]}]},{\"@type\":\"ImageObject\",\"inLanguage\":\"it-IT\",\"@id\":\"https:\/\/chicriviera.com\/de\/2020\/05\/04\/monaco-premiere-ville-de-la-cote-dazur-a-deconfiner\/#primaryimage\",\"url\":\"https:\/\/chicriviera.com\/wp-content\/uploads\/2020\/05\/4b8831b2-94ff-4a67-a7e9-38a36e212e14.jpg\",\"contentUrl\":\"https:\/\/chicriviera.com\/wp-content\/uploads\/2020\/05\/4b8831b2-94ff-4a67-a7e9-38a36e212e14.jpg\",\"width\":1242,\"height\":1297},{\"@type\":\"BreadcrumbList\",\"@id\":\"https:\/\/chicriviera.com\/de\/2020\/05\/04\/monaco-premiere-ville-de-la-cote-dazur-a-deconfiner\/#breadcrumb\",\"itemListElement\":[{\"@type\":\"ListItem\",\"position\":1,\"name\":\"Accueil\",\"item\":\"https:\/\/chicriviera.com\/\"},{\"@type\":\"ListItem\",\"position\":2,\"name\":\"Monaco, premi\u00e8re ville de la C\u00f4te d\u2019Azur \u00e0 d\u00e9confiner\"}]},{\"@type\":\"WebSite\",\"@id\":\"https:\/\/chicriviera.com\/es\/#website\",\"url\":\"https:\/\/chicriviera.com\/es\/\",\"name\":\"Chic Riviera\",\"description\":\"Le meilleur de la C\u00f4te d&#039;Azur : Restaurants, Plages, Sorties\",\"publisher\":{\"@id\":\"https:\/\/chicriviera.com\/es\/#organization\"},\"potentialAction\":[{\"@type\":\"SearchAction\",\"target\":{\"@type\":\"EntryPoint\",\"urlTemplate\":\"https:\/\/chicriviera.com\/es\/?s={search_term_string}\"},\"query-input\":{\"@type\":\"PropertyValueSpecification\",\"valueRequired\":true,\"valueName\":\"search_term_string\"}}],\"inLanguage\":\"it-IT\"},{\"@type\":\"Organization\",\"@id\":\"https:\/\/chicriviera.com\/es\/#organization\",\"name\":\"Chic Riviera\",\"url\":\"https:\/\/chicriviera.com\/es\/\",\"logo\":{\"@type\":\"ImageObject\",\"inLanguage\":\"it-IT\",\"@id\":\"https:\/\/chicriviera.com\/es\/#\/schema\/logo\/image\/\",\"url\":\"https:\/\/chicriviera.com\/wp-content\/uploads\/2019\/03\/cropped-crfavicon.png\",\"contentUrl\":\"https:\/\/chicriviera.com\/wp-content\/uploads\/2019\/03\/cropped-crfavicon.png\",\"width\":512,\"height\":512,\"caption\":\"Chic Riviera\"},\"image\":{\"@id\":\"https:\/\/chicriviera.com\/es\/#\/schema\/logo\/image\/\"},\"sameAs\":[\"https:\/\/www.facebook.com\/ChicRivieracom\/\",\"https:\/\/x.com\/Chic_Riviera\",\"https:\/\/www.instagram.com\/chicriviera\/\"]},{\"@type\":\"Person\",\"@id\":\"https:\/\/chicriviera.com\/es\/#\/schema\/person\/c563ec1d9481b6d038092938cde95a4b\",\"name\":\"Alex\",\"image\":{\"@type\":\"ImageObject\",\"inLanguage\":\"it-IT\",\"@id\":\"https:\/\/chicriviera.com\/es\/#\/schema\/person\/image\/\",\"url\":\"https:\/\/secure.gravatar.com\/avatar\/0bb721c49cd74f5b36020571509cc39351075de1991c6145cdbecbab8cf22c82?s=96&d=mm&r=g\",\"contentUrl\":\"https:\/\/secure.gravatar.com\/avatar\/0bb721c49cd74f5b36020571509cc39351075de1991c6145cdbecbab8cf22c82?s=96&d=mm&r=g\",\"caption\":\"Alex\"},\"url\":\"https:\/\/chicriviera.com\/it\/author\/alexben\/\"}]}<\/script>\n<!-- \/ Yoast SEO plugin. -->","yoast_head_json":{"title":"Monaco, la prima citt\u00e0 della Costa Azzurra a decontaminarsi - Chic Riviera","robots":{"index":"index","follow":"follow","max-snippet":"max-snippet:-1","max-image-preview":"max-image-preview:large","max-video-preview":"max-video-preview:-1"},"canonical":"https:\/\/chicriviera.com\/it\/2020\/05\/04\/monaco-premiere-ville-de-la-cote-dazur-a-deconfiner\/","og_locale":"it_IT","og_type":"article","og_title":"Monaco, premi\u00e8re ville de la C\u00f4te d\u2019Azur \u00e0 d\u00e9confiner - Chic Riviera","og_description":"La Principaut\u00e9 de Monaco a d\u00e9cid\u00e9 de suivre nos voisins italiens et de d\u00e9confiner ce lundi 4 Mai. Aucun nouveaux cas d\u00e9clar\u00e9s de Covid, un faible taux de contaminations, et un besoin de reprise \u00e9conomique ont d\u00e9cid\u00e9 le Gouvernement Mon\u00e9gasque \u00e0 stopper le confinement. Bien entendu, des r\u00e8gles strictes ont \u00e9t\u00e9 annonc\u00e9es, et ce d\u00e9confinement [&hellip;]","og_url":"https:\/\/chicriviera.com\/it\/2020\/05\/04\/monaco-premiere-ville-de-la-cote-dazur-a-deconfiner\/","og_site_name":"Chic Riviera","article_publisher":"https:\/\/www.facebook.com\/ChicRivieracom\/","article_published_time":"2020-05-03T23:39:52+00:00","article_modified_time":"2020-05-04T07:17:09+00:00","og_image":[{"width":1242,"height":1297,"url":"https:\/\/chicriviera.com\/wp-content\/uploads\/2020\/05\/4b8831b2-94ff-4a67-a7e9-38a36e212e14.jpg","type":"image\/jpeg"}],"author":"Alex","twitter_card":"summary_large_image","twitter_creator":"@Chic_Riviera","twitter_site":"@Chic_Riviera","twitter_misc":{"Scritto da":"Alex","Tempo di lettura stimato":"2 minuti"},"schema":{"@context":"https:\/\/schema.org","@graph":[{"@type":"Article","@id":"https:\/\/chicriviera.com\/de\/2020\/05\/04\/monaco-premiere-ville-de-la-cote-dazur-a-deconfiner\/#article","isPartOf":{"@id":"https:\/\/chicriviera.com\/de\/2020\/05\/04\/monaco-premiere-ville-de-la-cote-dazur-a-deconfiner\/"},"author":{"name":"Alex","@id":"https:\/\/chicriviera.com\/es\/#\/schema\/person\/c563ec1d9481b6d038092938cde95a4b"},"headline":"Monaco, premi\u00e8re ville de la C\u00f4te d\u2019Azur \u00e0 d\u00e9confiner","datePublished":"2020-05-03T23:39:52+00:00","dateModified":"2020-05-04T07:17:09+00:00","mainEntityOfPage":{"@id":"https:\/\/chicriviera.com\/de\/2020\/05\/04\/monaco-premiere-ville-de-la-cote-dazur-a-deconfiner\/"},"wordCount":411,"commentCount":0,"publisher":{"@id":"https:\/\/chicriviera.com\/es\/#organization"},"image":{"@id":"https:\/\/chicriviera.com\/de\/2020\/05\/04\/monaco-premiere-ville-de-la-cote-dazur-a-deconfiner\/#primaryimage"},"thumbnailUrl":"https:\/\/chicriviera.com\/wp-content\/uploads\/2020\/05\/4b8831b2-94ff-4a67-a7e9-38a36e212e14.jpg","articleSection":["\u00c9v\u00e9nements"],"inLanguage":"it-IT","potentialAction":[{"@type":"CommentAction","name":"Comment","target":["https:\/\/chicriviera.com\/de\/2020\/05\/04\/monaco-premiere-ville-de-la-cote-dazur-a-deconfiner\/#respond"]}]},{"@type":"WebPage","@id":"https:\/\/chicriviera.com\/de\/2020\/05\/04\/monaco-premiere-ville-de-la-cote-dazur-a-deconfiner\/","url":"https:\/\/chicriviera.com\/de\/2020\/05\/04\/monaco-premiere-ville-de-la-cote-dazur-a-deconfiner\/","name":"Monaco, la prima citt\u00e0 della Costa Azzurra a decontaminarsi - Chic Riviera","isPartOf":{"@id":"https:\/\/chicriviera.com\/es\/#website"},"primaryImageOfPage":{"@id":"https:\/\/chicriviera.com\/de\/2020\/05\/04\/monaco-premiere-ville-de-la-cote-dazur-a-deconfiner\/#primaryimage"},"image":{"@id":"https:\/\/chicriviera.com\/de\/2020\/05\/04\/monaco-premiere-ville-de-la-cote-dazur-a-deconfiner\/#primaryimage"},"thumbnailUrl":"https:\/\/chicriviera.com\/wp-content\/uploads\/2020\/05\/4b8831b2-94ff-4a67-a7e9-38a36e212e14.jpg","datePublished":"2020-05-03T23:39:52+00:00","dateModified":"2020-05-04T07:17:09+00:00","breadcrumb":{"@id":"https:\/\/chicriviera.com\/de\/2020\/05\/04\/monaco-premiere-ville-de-la-cote-dazur-a-deconfiner\/#breadcrumb"},"inLanguage":"it-IT","potentialAction":[{"@type":"ReadAction","target":["https:\/\/chicriviera.com\/de\/2020\/05\/04\/monaco-premiere-ville-de-la-cote-dazur-a-deconfiner\/"]}]},{"@type":"ImageObject","inLanguage":"it-IT","@id":"https:\/\/chicriviera.com\/de\/2020\/05\/04\/monaco-premiere-ville-de-la-cote-dazur-a-deconfiner\/#primaryimage","url":"https:\/\/chicriviera.com\/wp-content\/uploads\/2020\/05\/4b8831b2-94ff-4a67-a7e9-38a36e212e14.jpg","contentUrl":"https:\/\/chicriviera.com\/wp-content\/uploads\/2020\/05\/4b8831b2-94ff-4a67-a7e9-38a36e212e14.jpg","width":1242,"height":1297},{"@type":"BreadcrumbList","@id":"https:\/\/chicriviera.com\/de\/2020\/05\/04\/monaco-premiere-ville-de-la-cote-dazur-a-deconfiner\/#breadcrumb","itemListElement":[{"@type":"ListItem","position":1,"name":"Accueil","item":"https:\/\/chicriviera.com\/"},{"@type":"ListItem","position":2,"name":"Monaco, premi\u00e8re ville de la C\u00f4te d\u2019Azur \u00e0 d\u00e9confiner"}]},{"@type":"WebSite","@id":"https:\/\/chicriviera.com\/es\/#website","url":"https:\/\/chicriviera.com\/es\/","name":"Chic Riviera","description":"Il meglio della Costa Azzurra : Ristoranti, spiagge, gite","publisher":{"@id":"https:\/\/chicriviera.com\/es\/#organization"},"potentialAction":[{"@type":"SearchAction","target":{"@type":"EntryPoint","urlTemplate":"https:\/\/chicriviera.com\/es\/?s={search_term_string}"},"query-input":{"@type":"PropertyValueSpecification","valueRequired":true,"valueName":"search_term_string"}}],"inLanguage":"it-IT"},{"@type":"Organization","@id":"https:\/\/chicriviera.com\/es\/#organization","name":"Chic Riviera","url":"https:\/\/chicriviera.com\/es\/","logo":{"@type":"ImageObject","inLanguage":"it-IT","@id":"https:\/\/chicriviera.com\/es\/#\/schema\/logo\/image\/","url":"https:\/\/chicriviera.com\/wp-content\/uploads\/2019\/03\/cropped-crfavicon.png","contentUrl":"https:\/\/chicriviera.com\/wp-content\/uploads\/2019\/03\/cropped-crfavicon.png","width":512,"height":512,"caption":"Chic Riviera"},"image":{"@id":"https:\/\/chicriviera.com\/es\/#\/schema\/logo\/image\/"},"sameAs":["https:\/\/www.facebook.com\/ChicRivieracom\/","https:\/\/x.com\/Chic_Riviera","https:\/\/www.instagram.com\/chicriviera\/"]},{"@type":"Person","@id":"https:\/\/chicriviera.com\/es\/#\/schema\/person\/c563ec1d9481b6d038092938cde95a4b","name":"Alex","image":{"@type":"ImageObject","inLanguage":"it-IT","@id":"https:\/\/chicriviera.com\/es\/#\/schema\/person\/image\/","url":"https:\/\/secure.gravatar.com\/avatar\/0bb721c49cd74f5b36020571509cc39351075de1991c6145cdbecbab8cf22c82?s=96&d=mm&r=g","contentUrl":"https:\/\/secure.gravatar.com\/avatar\/0bb721c49cd74f5b36020571509cc39351075de1991c6145cdbecbab8cf22c82?s=96&d=mm&r=g","caption":"Alex"},"url":"https:\/\/chicriviera.com\/it\/author\/alexben\/"}]}},"_links":{"self":[{"href":"https:\/\/chicriviera.com\/it\/wp-json\/wp\/v2\/posts\/5105","targetHints":{"allow":["GET"]}}],"collection":[{"href":"https:\/\/chicriviera.com\/it\/wp-json\/wp\/v2\/posts"}],"about":[{"href":"https:\/\/chicriviera.com\/it\/wp-json\/wp\/v2\/types\/post"}],"author":[{"embeddable":true,"href":"https:\/\/chicriviera.com\/it\/wp-json\/wp\/v2\/users\/2"}],"replies":[{"embeddable":true,"href":"https:\/\/chicriviera.com\/it\/wp-json\/wp\/v2\/comments?post=5105"}],"version-history":[{"count":29,"href":"https:\/\/chicriviera.com\/it\/wp-json\/wp\/v2\/posts\/5105\/revisions"}],"predecessor-version":[{"id":5141,"href":"https:\/\/chicriviera.com\/it\/wp-json\/wp\/v2\/posts\/5105\/revisions\/5141"}],"wp:featuredmedia":[{"embeddable":true,"href":"https:\/\/chicriviera.com\/it\/wp-json\/wp\/v2\/media\/5107"}],"wp:attachment":[{"href":"https:\/\/chicriviera.com\/it\/wp-json\/wp\/v2\/media?parent=5105"}],"wp:term":[{"taxonomy":"category","embeddable":true,"href":"https:\/\/chicriviera.com\/it\/wp-json\/wp\/v2\/categories?post=5105"},{"taxonomy":"post_tag","embeddable":true,"href":"https:\/\/chicriviera.com\/it\/wp-json\/wp\/v2\/tags?post=5105"}],"curies":[{"name":"wp","href":"https:\/\/api.w.org\/{rel}","templated":true}]}}