{"id":4645,"date":"2020-02-14T00:27:44","date_gmt":"2020-02-13T23:27:44","guid":{"rendered":"https:\/\/chicriviera.com\/?p=4645"},"modified":"2020-02-14T00:27:45","modified_gmt":"2020-02-13T23:27:45","slug":"tous-les-sens-en-eveil-chez-sensais-a-monaco","status":"publish","type":"post","link":"https:\/\/chicriviera.com\/it\/2020\/02\/14\/all-awake-at-sensais-a-monaco\/","title":{"rendered":"Tutti i sensi all'erta al SenSais di Monaco"},"content":{"rendered":"<p>Jean Pierre Escande e sua moglie, Alberte, sono monegaschi attivi e realizzati. Dopo varie esperienze di successo come il loro precedente ristorante La Sariette, hanno deciso di aprire questo ristorante bistronomico nel 2016. <\/p>\n\n\n\n<figure class=\"wp-block-image size-large\"><img decoding=\"async\" width=\"640\" height=\"800\" src=\"https:\/\/chicriviera.com\/wp-content\/uploads\/2020\/02\/cc732d82-efe1-42fe-9886-8556e5166097.jpg\" alt=\"\" class=\"wp-image-4807\" srcset=\"https:\/\/chicriviera.com\/wp-content\/uploads\/2020\/02\/cc732d82-efe1-42fe-9886-8556e5166097.jpg 640w, https:\/\/chicriviera.com\/wp-content\/uploads\/2020\/02\/cc732d82-efe1-42fe-9886-8556e5166097-240x300.jpg 240w, https:\/\/chicriviera.com\/wp-content\/uploads\/2020\/02\/cc732d82-efe1-42fe-9886-8556e5166097-600x750.jpg 600w\" sizes=\"(max-width: 640px) 100vw, 640px\" \/><\/figure>\n\n\n\n<p>L'obiettivo \u00e8 quello di stimolare tutti i vostri sensi, visivo, gustativo, attraverso l'atmosfera del luogo, la decorazione, l'ambiente e naturalmente la cucina. <\/p>\n\n\n\n<figure class=\"wp-block-image size-large\"><img decoding=\"async\" width=\"550\" height=\"837\" src=\"https:\/\/chicriviera.com\/wp-content\/uploads\/2020\/02\/img_2410.jpg\" alt=\"\" class=\"wp-image-4808\" srcset=\"https:\/\/chicriviera.com\/wp-content\/uploads\/2020\/02\/img_2410.jpg 550w, https:\/\/chicriviera.com\/wp-content\/uploads\/2020\/02\/img_2410-197x300.jpg 197w\" sizes=\"(max-width: 550px) 100vw, 550px\" \/><\/figure>\n\n\n\n<p>L'arredamento, molto raffinato e di tendenza, evoca la natura con le gambe dei tavoli fatte di tronchi d'albero in contrasto con i piani moderni e irregolari. I toni ocra e le luci soffuse contribuiscono a questa atmosfera chic e zen. Una sala privata vi permetter\u00e0 di organizzare eventi privati o professionali. <\/p>\n\n\n\n<figure class=\"wp-block-image size-large\"><img decoding=\"async\" width=\"1024\" height=\"936\" src=\"https:\/\/chicriviera.com\/wp-content\/uploads\/2020\/02\/cdb9c7eb-f243-4eea-b5d7-304a4433ac13-1024x936.jpg\" alt=\"\" class=\"wp-image-4810\" srcset=\"https:\/\/chicriviera.com\/wp-content\/uploads\/2020\/02\/cdb9c7eb-f243-4eea-b5d7-304a4433ac13-1024x936.jpg 1024w, https:\/\/chicriviera.com\/wp-content\/uploads\/2020\/02\/cdb9c7eb-f243-4eea-b5d7-304a4433ac13-300x274.jpg 300w, https:\/\/chicriviera.com\/wp-content\/uploads\/2020\/02\/cdb9c7eb-f243-4eea-b5d7-304a4433ac13-768x702.jpg 768w, https:\/\/chicriviera.com\/wp-content\/uploads\/2020\/02\/cdb9c7eb-f243-4eea-b5d7-304a4433ac13-600x548.jpg 600w, https:\/\/chicriviera.com\/wp-content\/uploads\/2020\/02\/cdb9c7eb-f243-4eea-b5d7-304a4433ac13.jpg 1210w\" sizes=\"(max-width: 1024px) 100vw, 1024px\" \/><\/figure>\n\n\n\n<p>La terrazza riscaldata, che accoglie fumatori e non fumatori, vi permette di rilassarvi all'aria aperta prima, durante o dopo il vostro pasto. <\/p>\n\n\n\n<figure class=\"wp-block-image size-large\"><img decoding=\"async\" width=\"1024\" height=\"615\" src=\"https:\/\/chicriviera.com\/wp-content\/uploads\/2020\/02\/7dd5d86d-ce9e-4490-987b-8a6f311709e3-1024x615.jpg\" alt=\"\" class=\"wp-image-4825\" srcset=\"https:\/\/chicriviera.com\/wp-content\/uploads\/2020\/02\/7dd5d86d-ce9e-4490-987b-8a6f311709e3-1024x615.jpg 1024w, https:\/\/chicriviera.com\/wp-content\/uploads\/2020\/02\/7dd5d86d-ce9e-4490-987b-8a6f311709e3-300x180.jpg 300w, https:\/\/chicriviera.com\/wp-content\/uploads\/2020\/02\/7dd5d86d-ce9e-4490-987b-8a6f311709e3-768x461.jpg 768w, https:\/\/chicriviera.com\/wp-content\/uploads\/2020\/02\/7dd5d86d-ce9e-4490-987b-8a6f311709e3-600x360.jpg 600w, https:\/\/chicriviera.com\/wp-content\/uploads\/2020\/02\/7dd5d86d-ce9e-4490-987b-8a6f311709e3.jpg 1066w\" sizes=\"(max-width: 1024px) 100vw, 1024px\" \/><\/figure>\n\n\n\n<p>In cucina, lo chef Dominique Nouvian delizier\u00e0 il vostro palato con una cucina mediterranea e specialit\u00e0 regionali rivisitate. Qui tutto \u00e8 fatto sul posto e tutti i prodotti sono freschi. Inoltre, Dominique Nouvian e David Castoldi, il suo sous chef, fanno la spesa a La Condamine con i produttori locali. <\/p>\n\n\n\n<figure class=\"wp-block-image size-large\"><img decoding=\"async\" width=\"1024\" height=\"1019\" src=\"https:\/\/chicriviera.com\/wp-content\/uploads\/2020\/02\/6b69c664-abaf-4006-9800-4d3dc51ae18b-1024x1019.jpg\" alt=\"\" class=\"wp-image-4821\" srcset=\"https:\/\/chicriviera.com\/wp-content\/uploads\/2020\/02\/6b69c664-abaf-4006-9800-4d3dc51ae18b-1024x1019.jpg 1024w, https:\/\/chicriviera.com\/wp-content\/uploads\/2020\/02\/6b69c664-abaf-4006-9800-4d3dc51ae18b-300x300.jpg 300w, https:\/\/chicriviera.com\/wp-content\/uploads\/2020\/02\/6b69c664-abaf-4006-9800-4d3dc51ae18b-150x150.jpg 150w, https:\/\/chicriviera.com\/wp-content\/uploads\/2020\/02\/6b69c664-abaf-4006-9800-4d3dc51ae18b-768x764.jpg 768w, https:\/\/chicriviera.com\/wp-content\/uploads\/2020\/02\/6b69c664-abaf-4006-9800-4d3dc51ae18b-600x597.jpg 600w, https:\/\/chicriviera.com\/wp-content\/uploads\/2020\/02\/6b69c664-abaf-4006-9800-4d3dc51ae18b.jpg 1242w\" sizes=\"(max-width: 1024px) 100vw, 1024px\" \/><\/figure>\n\n\n\n<p>Nel menu, una formula di pranzo molto attraente con: piatto e bevanda a 18\u20ac o piatto antipasto e bevanda o piatto dessert e bevanda a 26\u20ac. Un menu di scoperta a 58 euro per la sera. <\/p>\n\n\n\n<figure class=\"wp-block-image size-large\"><img decoding=\"async\" width=\"1024\" height=\"687\" src=\"https:\/\/chicriviera.com\/wp-content\/uploads\/2020\/02\/94ae958c-3c37-4178-98d6-5b49858ac692-1024x687.jpg\" alt=\"\" class=\"wp-image-4822\" srcset=\"https:\/\/chicriviera.com\/wp-content\/uploads\/2020\/02\/94ae958c-3c37-4178-98d6-5b49858ac692-1024x687.jpg 1024w, https:\/\/chicriviera.com\/wp-content\/uploads\/2020\/02\/94ae958c-3c37-4178-98d6-5b49858ac692-300x201.jpg 300w, https:\/\/chicriviera.com\/wp-content\/uploads\/2020\/02\/94ae958c-3c37-4178-98d6-5b49858ac692-768x515.jpg 768w, https:\/\/chicriviera.com\/wp-content\/uploads\/2020\/02\/94ae958c-3c37-4178-98d6-5b49858ac692-600x402.jpg 600w, https:\/\/chicriviera.com\/wp-content\/uploads\/2020\/02\/94ae958c-3c37-4178-98d6-5b49858ac692.jpg 1242w\" sizes=\"(max-width: 1024px) 100vw, 1024px\" \/><\/figure>\n\n\n\n<p>Per quanto riguarda i piatti, lasciatevi tentare dalla Socca al pesto con i suoi funghi porcini in padella, lo stoccafisso alla monegasca o le linguine all'aragosta che sono eccellenti. Come dessert, il souffl\u00e9 al Grand Marnier o la cr\u00e8me br\u00fbl\u00e9e con castagne confit sono deliziosi. <\/p>\n\n\n\n<figure class=\"wp-block-image size-large\"><img decoding=\"async\" width=\"1024\" height=\"905\" src=\"https:\/\/chicriviera.com\/wp-content\/uploads\/2020\/02\/d9b94980-0eab-4fb0-9e8d-e17b74d7168c-1024x905.jpg\" alt=\"\" class=\"wp-image-4823\" srcset=\"https:\/\/chicriviera.com\/wp-content\/uploads\/2020\/02\/d9b94980-0eab-4fb0-9e8d-e17b74d7168c-1024x905.jpg 1024w, https:\/\/chicriviera.com\/wp-content\/uploads\/2020\/02\/d9b94980-0eab-4fb0-9e8d-e17b74d7168c-300x265.jpg 300w, https:\/\/chicriviera.com\/wp-content\/uploads\/2020\/02\/d9b94980-0eab-4fb0-9e8d-e17b74d7168c-768x679.jpg 768w, https:\/\/chicriviera.com\/wp-content\/uploads\/2020\/02\/d9b94980-0eab-4fb0-9e8d-e17b74d7168c-600x530.jpg 600w, https:\/\/chicriviera.com\/wp-content\/uploads\/2020\/02\/d9b94980-0eab-4fb0-9e8d-e17b74d7168c.jpg 1242w\" sizes=\"(max-width: 1024px) 100vw, 1024px\" \/><\/figure>\n\n\n\n<p><strong>\"La gastronomia \u00e8 l'arte di usare il cibo per creare felicit\u00e0\" Theodore Zeldin<\/strong><\/p>","protected":false},"excerpt":{"rendered":"<p>Jean Pierre Escande et son \u00e9pouse, Alberte, sont des mon\u00e9gasques actifs et accomplis. Apr\u00e8s diff\u00e9rentes exp\u00e9riences r\u00e9ussies comme leur ancien restaurant la Sariette, ils ont d\u00e9cid\u00e9 d\u2019ouvrir ce restaurant bistronomique en 2016. L\u2019objectif, stimuler tous vos sens, visuel, gustatif, de part l\u2019atmosph\u00e8re du lieu, la d\u00e9coration, l\u2019ambiance et bien s\u00fbr la cuisine. Le d\u00e9cor, tr\u00e8s [&hellip;]<\/p>\n","protected":false},"author":2,"featured_media":4647,"comment_status":"open","ping_status":"closed","sticky":false,"template":"","format":"standard","meta":{"_genesis_hide_title":false,"_genesis_hide_breadcrumbs":false,"_genesis_hide_singular_image":false,"_genesis_hide_footer_widgets":false,"_genesis_custom_body_class":"","_genesis_custom_post_class":"","_genesis_layout":"","footnotes":""},"categories":[17],"tags":[],"class_list":{"0":"post-4645","1":"post","2":"type-post","3":"status-publish","4":"format-standard","5":"has-post-thumbnail","7":"category-restaurants","8":"entry"},"yoast_head":"<!-- This site is optimized with the Yoast SEO plugin v27.1.1 - https:\/\/yoast.com\/product\/yoast-seo-wordpress\/ -->\n<title>Tous les sens en \u00e9veil chez SenSais \u00e0 Monaco - Chic Riviera<\/title>\n<meta name=\"robots\" content=\"index, follow, max-snippet:-1, max-image-preview:large, max-video-preview:-1\" \/>\n<link rel=\"canonical\" href=\"https:\/\/chicriviera.com\/it\/2020\/02\/14\/all-awake-at-sensais-a-monaco\/\" \/>\n<meta property=\"og:locale\" content=\"it_IT\" \/>\n<meta property=\"og:type\" content=\"article\" \/>\n<meta property=\"og:title\" content=\"Tous les sens en \u00e9veil chez SenSais \u00e0 Monaco - Chic Riviera\" \/>\n<meta property=\"og:description\" content=\"Jean Pierre Escande et son \u00e9pouse, Alberte, sont des mon\u00e9gasques actifs et accomplis. Apr\u00e8s diff\u00e9rentes exp\u00e9riences r\u00e9ussies comme leur ancien restaurant la Sariette, ils ont d\u00e9cid\u00e9 d\u2019ouvrir ce restaurant bistronomique en 2016. L\u2019objectif, stimuler tous vos sens, visuel, gustatif, de part l\u2019atmosph\u00e8re du lieu, la d\u00e9coration, l\u2019ambiance et bien s\u00fbr la cuisine. Le d\u00e9cor, tr\u00e8s [&hellip;]\" \/>\n<meta property=\"og:url\" content=\"https:\/\/chicriviera.com\/it\/2020\/02\/14\/all-awake-at-sensais-a-monaco\/\" \/>\n<meta property=\"og:site_name\" content=\"Chic Riviera\" \/>\n<meta property=\"article:publisher\" content=\"https:\/\/www.facebook.com\/ChicRivieracom\/\" \/>\n<meta property=\"article:published_time\" content=\"2020-02-13T23:27:44+00:00\" \/>\n<meta property=\"article:modified_time\" content=\"2020-02-13T23:27:45+00:00\" \/>\n<meta property=\"og:image\" content=\"https:\/\/chicriviera.com\/wp-content\/uploads\/2020\/02\/75905e5e-59c4-4806-907f-8bcdad3d6154.jpg\" \/>\n\t<meta property=\"og:image:width\" content=\"1120\" \/>\n\t<meta property=\"og:image:height\" content=\"1106\" \/>\n\t<meta property=\"og:image:type\" content=\"image\/jpeg\" \/>\n<meta name=\"author\" content=\"Alex\" \/>\n<meta name=\"twitter:card\" content=\"summary_large_image\" \/>\n<meta name=\"twitter:creator\" content=\"@Chic_Riviera\" \/>\n<meta name=\"twitter:site\" content=\"@Chic_Riviera\" \/>\n<meta name=\"twitter:label1\" content=\"Scritto da\" \/>\n\t<meta name=\"twitter:data1\" content=\"Alex\" \/>\n\t<meta name=\"twitter:label2\" content=\"Tempo di lettura stimato\" \/>\n\t<meta name=\"twitter:data2\" content=\"2 minuti\" \/>\n<script type=\"application\/ld+json\" class=\"yoast-schema-graph\">{\"@context\":\"https:\/\/schema.org\",\"@graph\":[{\"@type\":\"Article\",\"@id\":\"https:\/\/chicriviera.com\/2020\/02\/14\/tous-les-sens-en-eveil-chez-sensais-a-monaco\/#article\",\"isPartOf\":{\"@id\":\"https:\/\/chicriviera.com\/2020\/02\/14\/tous-les-sens-en-eveil-chez-sensais-a-monaco\/\"},\"author\":{\"name\":\"Alex\",\"@id\":\"https:\/\/chicriviera.com\/es\/#\/schema\/person\/c563ec1d9481b6d038092938cde95a4b\"},\"headline\":\"Tous les sens en \u00e9veil chez SenSais \u00e0 Monaco\",\"datePublished\":\"2020-02-13T23:27:44+00:00\",\"dateModified\":\"2020-02-13T23:27:45+00:00\",\"mainEntityOfPage\":{\"@id\":\"https:\/\/chicriviera.com\/2020\/02\/14\/tous-les-sens-en-eveil-chez-sensais-a-monaco\/\"},\"wordCount\":320,\"commentCount\":0,\"publisher\":{\"@id\":\"https:\/\/chicriviera.com\/es\/#organization\"},\"image\":{\"@id\":\"https:\/\/chicriviera.com\/2020\/02\/14\/tous-les-sens-en-eveil-chez-sensais-a-monaco\/#primaryimage\"},\"thumbnailUrl\":\"https:\/\/chicriviera.com\/wp-content\/uploads\/2020\/02\/75905e5e-59c4-4806-907f-8bcdad3d6154.jpg\",\"articleSection\":[\"Restaurants\"],\"inLanguage\":\"it-IT\",\"potentialAction\":[{\"@type\":\"CommentAction\",\"name\":\"Comment\",\"target\":[\"https:\/\/chicriviera.com\/2020\/02\/14\/tous-les-sens-en-eveil-chez-sensais-a-monaco\/#respond\"]}]},{\"@type\":\"WebPage\",\"@id\":\"https:\/\/chicriviera.com\/2020\/02\/14\/tous-les-sens-en-eveil-chez-sensais-a-monaco\/\",\"url\":\"https:\/\/chicriviera.com\/2020\/02\/14\/tous-les-sens-en-eveil-chez-sensais-a-monaco\/\",\"name\":\"Tous les sens en \u00e9veil chez SenSais \u00e0 Monaco - Chic Riviera\",\"isPartOf\":{\"@id\":\"https:\/\/chicriviera.com\/es\/#website\"},\"primaryImageOfPage\":{\"@id\":\"https:\/\/chicriviera.com\/2020\/02\/14\/tous-les-sens-en-eveil-chez-sensais-a-monaco\/#primaryimage\"},\"image\":{\"@id\":\"https:\/\/chicriviera.com\/2020\/02\/14\/tous-les-sens-en-eveil-chez-sensais-a-monaco\/#primaryimage\"},\"thumbnailUrl\":\"https:\/\/chicriviera.com\/wp-content\/uploads\/2020\/02\/75905e5e-59c4-4806-907f-8bcdad3d6154.jpg\",\"datePublished\":\"2020-02-13T23:27:44+00:00\",\"dateModified\":\"2020-02-13T23:27:45+00:00\",\"breadcrumb\":{\"@id\":\"https:\/\/chicriviera.com\/2020\/02\/14\/tous-les-sens-en-eveil-chez-sensais-a-monaco\/#breadcrumb\"},\"inLanguage\":\"it-IT\",\"potentialAction\":[{\"@type\":\"ReadAction\",\"target\":[\"https:\/\/chicriviera.com\/2020\/02\/14\/tous-les-sens-en-eveil-chez-sensais-a-monaco\/\"]}]},{\"@type\":\"ImageObject\",\"inLanguage\":\"it-IT\",\"@id\":\"https:\/\/chicriviera.com\/2020\/02\/14\/tous-les-sens-en-eveil-chez-sensais-a-monaco\/#primaryimage\",\"url\":\"https:\/\/chicriviera.com\/wp-content\/uploads\/2020\/02\/75905e5e-59c4-4806-907f-8bcdad3d6154.jpg\",\"contentUrl\":\"https:\/\/chicriviera.com\/wp-content\/uploads\/2020\/02\/75905e5e-59c4-4806-907f-8bcdad3d6154.jpg\",\"width\":1120,\"height\":1106},{\"@type\":\"BreadcrumbList\",\"@id\":\"https:\/\/chicriviera.com\/2020\/02\/14\/tous-les-sens-en-eveil-chez-sensais-a-monaco\/#breadcrumb\",\"itemListElement\":[{\"@type\":\"ListItem\",\"position\":1,\"name\":\"Accueil\",\"item\":\"https:\/\/chicriviera.com\/\"},{\"@type\":\"ListItem\",\"position\":2,\"name\":\"Tous les sens en \u00e9veil chez SenSais \u00e0 Monaco\"}]},{\"@type\":\"WebSite\",\"@id\":\"https:\/\/chicriviera.com\/es\/#website\",\"url\":\"https:\/\/chicriviera.com\/es\/\",\"name\":\"Chic Riviera\",\"description\":\"Le meilleur de la C\u00f4te d&#039;Azur : Restaurants, Plages, Sorties\",\"publisher\":{\"@id\":\"https:\/\/chicriviera.com\/es\/#organization\"},\"potentialAction\":[{\"@type\":\"SearchAction\",\"target\":{\"@type\":\"EntryPoint\",\"urlTemplate\":\"https:\/\/chicriviera.com\/es\/?s={search_term_string}\"},\"query-input\":{\"@type\":\"PropertyValueSpecification\",\"valueRequired\":true,\"valueName\":\"search_term_string\"}}],\"inLanguage\":\"it-IT\"},{\"@type\":\"Organization\",\"@id\":\"https:\/\/chicriviera.com\/es\/#organization\",\"name\":\"Chic Riviera\",\"url\":\"https:\/\/chicriviera.com\/es\/\",\"logo\":{\"@type\":\"ImageObject\",\"inLanguage\":\"it-IT\",\"@id\":\"https:\/\/chicriviera.com\/es\/#\/schema\/logo\/image\/\",\"url\":\"https:\/\/chicriviera.com\/wp-content\/uploads\/2019\/03\/cropped-crfavicon.png\",\"contentUrl\":\"https:\/\/chicriviera.com\/wp-content\/uploads\/2019\/03\/cropped-crfavicon.png\",\"width\":512,\"height\":512,\"caption\":\"Chic Riviera\"},\"image\":{\"@id\":\"https:\/\/chicriviera.com\/es\/#\/schema\/logo\/image\/\"},\"sameAs\":[\"https:\/\/www.facebook.com\/ChicRivieracom\/\",\"https:\/\/x.com\/Chic_Riviera\",\"https:\/\/www.instagram.com\/chicriviera\/\"]},{\"@type\":\"Person\",\"@id\":\"https:\/\/chicriviera.com\/es\/#\/schema\/person\/c563ec1d9481b6d038092938cde95a4b\",\"name\":\"Alex\",\"image\":{\"@type\":\"ImageObject\",\"inLanguage\":\"it-IT\",\"@id\":\"https:\/\/chicriviera.com\/es\/#\/schema\/person\/image\/\",\"url\":\"https:\/\/secure.gravatar.com\/avatar\/0bb721c49cd74f5b36020571509cc39351075de1991c6145cdbecbab8cf22c82?s=96&d=mm&r=g\",\"contentUrl\":\"https:\/\/secure.gravatar.com\/avatar\/0bb721c49cd74f5b36020571509cc39351075de1991c6145cdbecbab8cf22c82?s=96&d=mm&r=g\",\"caption\":\"Alex\"},\"url\":\"https:\/\/chicriviera.com\/it\/author\/alexben\/\"}]}<\/script>\n<!-- \/ Yoast SEO plugin. -->","yoast_head_json":{"title":"Tutti i sensi risvegliati al SenSais di Monaco - Riviera Chic","robots":{"index":"index","follow":"follow","max-snippet":"max-snippet:-1","max-image-preview":"max-image-preview:large","max-video-preview":"max-video-preview:-1"},"canonical":"https:\/\/chicriviera.com\/it\/2020\/02\/14\/all-awake-at-sensais-a-monaco\/","og_locale":"it_IT","og_type":"article","og_title":"Tous les sens en \u00e9veil chez SenSais \u00e0 Monaco - Chic Riviera","og_description":"Jean Pierre Escande et son \u00e9pouse, Alberte, sont des mon\u00e9gasques actifs et accomplis. Apr\u00e8s diff\u00e9rentes exp\u00e9riences r\u00e9ussies comme leur ancien restaurant la Sariette, ils ont d\u00e9cid\u00e9 d\u2019ouvrir ce restaurant bistronomique en 2016. L\u2019objectif, stimuler tous vos sens, visuel, gustatif, de part l\u2019atmosph\u00e8re du lieu, la d\u00e9coration, l\u2019ambiance et bien s\u00fbr la cuisine. Le d\u00e9cor, tr\u00e8s [&hellip;]","og_url":"https:\/\/chicriviera.com\/it\/2020\/02\/14\/all-awake-at-sensais-a-monaco\/","og_site_name":"Chic Riviera","article_publisher":"https:\/\/www.facebook.com\/ChicRivieracom\/","article_published_time":"2020-02-13T23:27:44+00:00","article_modified_time":"2020-02-13T23:27:45+00:00","og_image":[{"width":1120,"height":1106,"url":"https:\/\/chicriviera.com\/wp-content\/uploads\/2020\/02\/75905e5e-59c4-4806-907f-8bcdad3d6154.jpg","type":"image\/jpeg"}],"author":"Alex","twitter_card":"summary_large_image","twitter_creator":"@Chic_Riviera","twitter_site":"@Chic_Riviera","twitter_misc":{"Scritto da":"Alex","Tempo di lettura stimato":"2 minuti"},"schema":{"@context":"https:\/\/schema.org","@graph":[{"@type":"Article","@id":"https:\/\/chicriviera.com\/2020\/02\/14\/tous-les-sens-en-eveil-chez-sensais-a-monaco\/#article","isPartOf":{"@id":"https:\/\/chicriviera.com\/2020\/02\/14\/tous-les-sens-en-eveil-chez-sensais-a-monaco\/"},"author":{"name":"Alex","@id":"https:\/\/chicriviera.com\/es\/#\/schema\/person\/c563ec1d9481b6d038092938cde95a4b"},"headline":"Tous les sens en \u00e9veil chez SenSais \u00e0 Monaco","datePublished":"2020-02-13T23:27:44+00:00","dateModified":"2020-02-13T23:27:45+00:00","mainEntityOfPage":{"@id":"https:\/\/chicriviera.com\/2020\/02\/14\/tous-les-sens-en-eveil-chez-sensais-a-monaco\/"},"wordCount":320,"commentCount":0,"publisher":{"@id":"https:\/\/chicriviera.com\/es\/#organization"},"image":{"@id":"https:\/\/chicriviera.com\/2020\/02\/14\/tous-les-sens-en-eveil-chez-sensais-a-monaco\/#primaryimage"},"thumbnailUrl":"https:\/\/chicriviera.com\/wp-content\/uploads\/2020\/02\/75905e5e-59c4-4806-907f-8bcdad3d6154.jpg","articleSection":["Restaurants"],"inLanguage":"it-IT","potentialAction":[{"@type":"CommentAction","name":"Comment","target":["https:\/\/chicriviera.com\/2020\/02\/14\/tous-les-sens-en-eveil-chez-sensais-a-monaco\/#respond"]}]},{"@type":"WebPage","@id":"https:\/\/chicriviera.com\/2020\/02\/14\/tous-les-sens-en-eveil-chez-sensais-a-monaco\/","url":"https:\/\/chicriviera.com\/2020\/02\/14\/tous-les-sens-en-eveil-chez-sensais-a-monaco\/","name":"Tutti i sensi risvegliati al SenSais di Monaco - Riviera Chic","isPartOf":{"@id":"https:\/\/chicriviera.com\/es\/#website"},"primaryImageOfPage":{"@id":"https:\/\/chicriviera.com\/2020\/02\/14\/tous-les-sens-en-eveil-chez-sensais-a-monaco\/#primaryimage"},"image":{"@id":"https:\/\/chicriviera.com\/2020\/02\/14\/tous-les-sens-en-eveil-chez-sensais-a-monaco\/#primaryimage"},"thumbnailUrl":"https:\/\/chicriviera.com\/wp-content\/uploads\/2020\/02\/75905e5e-59c4-4806-907f-8bcdad3d6154.jpg","datePublished":"2020-02-13T23:27:44+00:00","dateModified":"2020-02-13T23:27:45+00:00","breadcrumb":{"@id":"https:\/\/chicriviera.com\/2020\/02\/14\/tous-les-sens-en-eveil-chez-sensais-a-monaco\/#breadcrumb"},"inLanguage":"it-IT","potentialAction":[{"@type":"ReadAction","target":["https:\/\/chicriviera.com\/2020\/02\/14\/tous-les-sens-en-eveil-chez-sensais-a-monaco\/"]}]},{"@type":"ImageObject","inLanguage":"it-IT","@id":"https:\/\/chicriviera.com\/2020\/02\/14\/tous-les-sens-en-eveil-chez-sensais-a-monaco\/#primaryimage","url":"https:\/\/chicriviera.com\/wp-content\/uploads\/2020\/02\/75905e5e-59c4-4806-907f-8bcdad3d6154.jpg","contentUrl":"https:\/\/chicriviera.com\/wp-content\/uploads\/2020\/02\/75905e5e-59c4-4806-907f-8bcdad3d6154.jpg","width":1120,"height":1106},{"@type":"BreadcrumbList","@id":"https:\/\/chicriviera.com\/2020\/02\/14\/tous-les-sens-en-eveil-chez-sensais-a-monaco\/#breadcrumb","itemListElement":[{"@type":"ListItem","position":1,"name":"Accueil","item":"https:\/\/chicriviera.com\/"},{"@type":"ListItem","position":2,"name":"Tous les sens en \u00e9veil chez SenSais \u00e0 Monaco"}]},{"@type":"WebSite","@id":"https:\/\/chicriviera.com\/es\/#website","url":"https:\/\/chicriviera.com\/es\/","name":"Chic Riviera","description":"Il meglio della Costa Azzurra : Ristoranti, spiagge, gite","publisher":{"@id":"https:\/\/chicriviera.com\/es\/#organization"},"potentialAction":[{"@type":"SearchAction","target":{"@type":"EntryPoint","urlTemplate":"https:\/\/chicriviera.com\/es\/?s={search_term_string}"},"query-input":{"@type":"PropertyValueSpecification","valueRequired":true,"valueName":"search_term_string"}}],"inLanguage":"it-IT"},{"@type":"Organization","@id":"https:\/\/chicriviera.com\/es\/#organization","name":"Chic Riviera","url":"https:\/\/chicriviera.com\/es\/","logo":{"@type":"ImageObject","inLanguage":"it-IT","@id":"https:\/\/chicriviera.com\/es\/#\/schema\/logo\/image\/","url":"https:\/\/chicriviera.com\/wp-content\/uploads\/2019\/03\/cropped-crfavicon.png","contentUrl":"https:\/\/chicriviera.com\/wp-content\/uploads\/2019\/03\/cropped-crfavicon.png","width":512,"height":512,"caption":"Chic Riviera"},"image":{"@id":"https:\/\/chicriviera.com\/es\/#\/schema\/logo\/image\/"},"sameAs":["https:\/\/www.facebook.com\/ChicRivieracom\/","https:\/\/x.com\/Chic_Riviera","https:\/\/www.instagram.com\/chicriviera\/"]},{"@type":"Person","@id":"https:\/\/chicriviera.com\/es\/#\/schema\/person\/c563ec1d9481b6d038092938cde95a4b","name":"Alex","image":{"@type":"ImageObject","inLanguage":"it-IT","@id":"https:\/\/chicriviera.com\/es\/#\/schema\/person\/image\/","url":"https:\/\/secure.gravatar.com\/avatar\/0bb721c49cd74f5b36020571509cc39351075de1991c6145cdbecbab8cf22c82?s=96&d=mm&r=g","contentUrl":"https:\/\/secure.gravatar.com\/avatar\/0bb721c49cd74f5b36020571509cc39351075de1991c6145cdbecbab8cf22c82?s=96&d=mm&r=g","caption":"Alex"},"url":"https:\/\/chicriviera.com\/it\/author\/alexben\/"}]}},"_links":{"self":[{"href":"https:\/\/chicriviera.com\/it\/wp-json\/wp\/v2\/posts\/4645","targetHints":{"allow":["GET"]}}],"collection":[{"href":"https:\/\/chicriviera.com\/it\/wp-json\/wp\/v2\/posts"}],"about":[{"href":"https:\/\/chicriviera.com\/it\/wp-json\/wp\/v2\/types\/post"}],"author":[{"embeddable":true,"href":"https:\/\/chicriviera.com\/it\/wp-json\/wp\/v2\/users\/2"}],"replies":[{"embeddable":true,"href":"https:\/\/chicriviera.com\/it\/wp-json\/wp\/v2\/comments?post=4645"}],"version-history":[{"count":24,"href":"https:\/\/chicriviera.com\/it\/wp-json\/wp\/v2\/posts\/4645\/revisions"}],"predecessor-version":[{"id":4829,"href":"https:\/\/chicriviera.com\/it\/wp-json\/wp\/v2\/posts\/4645\/revisions\/4829"}],"wp:featuredmedia":[{"embeddable":true,"href":"https:\/\/chicriviera.com\/it\/wp-json\/wp\/v2\/media\/4647"}],"wp:attachment":[{"href":"https:\/\/chicriviera.com\/it\/wp-json\/wp\/v2\/media?parent=4645"}],"wp:term":[{"taxonomy":"category","embeddable":true,"href":"https:\/\/chicriviera.com\/it\/wp-json\/wp\/v2\/categories?post=4645"},{"taxonomy":"post_tag","embeddable":true,"href":"https:\/\/chicriviera.com\/it\/wp-json\/wp\/v2\/tags?post=4645"}],"curies":[{"name":"wp","href":"https:\/\/api.w.org\/{rel}","templated":true}]}}