{"id":3734,"date":"2019-12-01T15:49:38","date_gmt":"2019-12-01T13:49:38","guid":{"rendered":"https:\/\/chicriviera.com\/?p=3734"},"modified":"2019-12-01T18:47:47","modified_gmt":"2019-12-01T17:47:47","slug":"calendriers-de-lavent-2019-aussi-pour-les-adultes-ma-selection","status":"publish","type":"post","link":"https:\/\/chicriviera.com\/it\/2019\/12\/01\/calendari-per-adulti-2019-anche-per-adulti-mia-selezione\/","title":{"rendered":"Calendari dell'avvento 2019 anche per adulti: la mia selezione :"},"content":{"rendered":"<p>Il conto alla rovescia \u00e8 iniziato fino al 25 dicembre: se non hai ancora comprato il tuo Calendario dell'Avvento, ecco alcune idee: <\/p>\n\n\n\n<p><strong>Per gli sportivi, il Calendario dell'Avvento dell'AS Monaco : <\/strong><\/p>\n\n\n\n<figure class=\"wp-block-image\"><img decoding=\"async\" width=\"1242\" height=\"1001\" src=\"https:\/\/chicriviera.com\/wp-content\/uploads\/2019\/11\/87ba3381-e78d-49c1-8f52-103032b2d09c.jpg\" alt=\"\" class=\"wp-image-3737\" srcset=\"https:\/\/chicriviera.com\/wp-content\/uploads\/2019\/11\/87ba3381-e78d-49c1-8f52-103032b2d09c.jpg 1242w, https:\/\/chicriviera.com\/wp-content\/uploads\/2019\/11\/87ba3381-e78d-49c1-8f52-103032b2d09c-300x242.jpg 300w, https:\/\/chicriviera.com\/wp-content\/uploads\/2019\/11\/87ba3381-e78d-49c1-8f52-103032b2d09c-1024x825.jpg 1024w, https:\/\/chicriviera.com\/wp-content\/uploads\/2019\/11\/87ba3381-e78d-49c1-8f52-103032b2d09c-768x619.jpg 768w, https:\/\/chicriviera.com\/wp-content\/uploads\/2019\/11\/87ba3381-e78d-49c1-8f52-103032b2d09c-600x484.jpg 600w\" sizes=\"(max-width: 1242px) 100vw, 1242px\" \/><\/figure>\n\n\n\n<p>Il calendario della squadra di calcio monegasca. Da acquistare online su: https:\/\/shop.asmonaco.com o nel negozio: Les Jardins d'Apolline, 1 Promenade Honor\u00e9 II, Monaco. <\/p>\n\n\n\n<p><strong>Per i pi\u00f9 golosi, il Calendario dell'Avvento LAC: <\/strong><\/p>\n\n\n\n<figure class=\"wp-block-image\"><img decoding=\"async\" width=\"800\" height=\"800\" src=\"https:\/\/chicriviera.com\/wp-content\/uploads\/2019\/11\/e2a30eaa-328a-46f9-864f-e2e597ec0f42.jpg\" alt=\"\" class=\"wp-image-3739\" srcset=\"https:\/\/chicriviera.com\/wp-content\/uploads\/2019\/11\/e2a30eaa-328a-46f9-864f-e2e597ec0f42.jpg 800w, https:\/\/chicriviera.com\/wp-content\/uploads\/2019\/11\/e2a30eaa-328a-46f9-864f-e2e597ec0f42-300x300.jpg 300w, https:\/\/chicriviera.com\/wp-content\/uploads\/2019\/11\/e2a30eaa-328a-46f9-864f-e2e597ec0f42-150x150.jpg 150w, https:\/\/chicriviera.com\/wp-content\/uploads\/2019\/11\/e2a30eaa-328a-46f9-864f-e2e597ec0f42-768x768.jpg 768w, https:\/\/chicriviera.com\/wp-content\/uploads\/2019\/11\/e2a30eaa-328a-46f9-864f-e2e597ec0f42-600x600.jpg 600w\" sizes=\"(max-width: 800px) 100vw, 800px\" \/><\/figure>\n\n\n\n<p>Pascal Lac, il creatore, si \u00e8 stabilito a Beaulieu-sur-Mer nel 1988 e ha aperto la sua prima pasticceria e cioccolateria nel 1995. Premiato pi\u00f9 volte per il suo eccellente cioccolato, \u00e8 oggi uno dei 12 migliori cioccolatai di Francia. Oggi ha 3 negozi a Nizza: 18 rue Barla; 12 rue de la Pr\u00e9fecture, e 49 rue Gioffredo. Su internet :https:\/\/www.patisseries-lac.com<\/p>\n\n\n\n<p><strong>Il pi\u00f9 chic, il Calendario dell'Avvento DIOR: <\/strong><\/p>\n\n\n\n<figure class=\"wp-block-image\"><img decoding=\"async\" width=\"971\" height=\"880\" src=\"https:\/\/chicriviera.com\/wp-content\/uploads\/2019\/11\/9c10dd86-c964-4879-848e-0d847c4d77d7.jpg\" alt=\"\" class=\"wp-image-3742\" srcset=\"https:\/\/chicriviera.com\/wp-content\/uploads\/2019\/11\/9c10dd86-c964-4879-848e-0d847c4d77d7.jpg 971w, https:\/\/chicriviera.com\/wp-content\/uploads\/2019\/11\/9c10dd86-c964-4879-848e-0d847c4d77d7-300x272.jpg 300w, https:\/\/chicriviera.com\/wp-content\/uploads\/2019\/11\/9c10dd86-c964-4879-848e-0d847c4d77d7-768x696.jpg 768w, https:\/\/chicriviera.com\/wp-content\/uploads\/2019\/11\/9c10dd86-c964-4879-848e-0d847c4d77d7-600x544.jpg 600w\" sizes=\"(max-width: 971px) 100vw, 971px\" \/><\/figure>\n\n\n\n<p>In un cofanetto decorato da Vincent Darr\u00e9, contiene piccole meraviglie come i mini profumi Ambre de Nuit, Gris Montaigne, ma anche creme, saponi, candele e ceramiche, cuore, medaglione, stella. Un regalo molto bello prima dei regali! Su: https:\/\/www.dior.com o in una delle boutique Dior. <\/p>\n\n\n\n<p><strong>Il 100% organico e provenzale: <\/strong><\/p>\n\n\n\n<figure class=\"wp-block-image\"><img decoding=\"async\" width=\"1600\" height=\"1600\" src=\"https:\/\/chicriviera.com\/wp-content\/uploads\/2019\/11\/2ca159f8-2ad6-4358-8389-2af627b4d58f.jpg\" alt=\"\" class=\"wp-image-3746\" srcset=\"https:\/\/chicriviera.com\/wp-content\/uploads\/2019\/11\/2ca159f8-2ad6-4358-8389-2af627b4d58f.jpg 1600w, https:\/\/chicriviera.com\/wp-content\/uploads\/2019\/11\/2ca159f8-2ad6-4358-8389-2af627b4d58f-300x300.jpg 300w, https:\/\/chicriviera.com\/wp-content\/uploads\/2019\/11\/2ca159f8-2ad6-4358-8389-2af627b4d58f-1024x1024.jpg 1024w, https:\/\/chicriviera.com\/wp-content\/uploads\/2019\/11\/2ca159f8-2ad6-4358-8389-2af627b4d58f-150x150.jpg 150w, https:\/\/chicriviera.com\/wp-content\/uploads\/2019\/11\/2ca159f8-2ad6-4358-8389-2af627b4d58f-768x768.jpg 768w, https:\/\/chicriviera.com\/wp-content\/uploads\/2019\/11\/2ca159f8-2ad6-4358-8389-2af627b4d58f-600x600.jpg 600w, https:\/\/chicriviera.com\/wp-content\/uploads\/2019\/11\/2ca159f8-2ad6-4358-8389-2af627b4d58f-1536x1536.jpg 1536w, https:\/\/chicriviera.com\/wp-content\/uploads\/2019\/11\/2ca159f8-2ad6-4358-8389-2af627b4d58f-1320x1320.jpg 1320w\" sizes=\"(max-width: 1600px) 100vw, 1600px\" \/><\/figure>\n\n\n\n<p>Deliziosi dolci prima delle feste, come torroni, creme spalmabili, gelatine di frutta, ma anche biscotti, tutti fatti a mano e biologici. In tutti i negozi Nature&amp;D\u00e9couvertes o sul sito web: https:\/\/www.natureetdecouvertes.com<\/p>\n\n\n\n<p><strong>Progettato da uno dei pi\u00f9 famosi chef della Costa Azzurra, Alain Ducasse<\/strong> : <\/p>\n\n\n\n<figure class=\"wp-block-image\"><img decoding=\"async\" width=\"1169\" height=\"1047\" src=\"https:\/\/chicriviera.com\/wp-content\/uploads\/2019\/12\/304a55b7-dd32-48b7-8e91-a5438fb67e88.jpg\" alt=\"\" class=\"wp-image-3752\" srcset=\"https:\/\/chicriviera.com\/wp-content\/uploads\/2019\/12\/304a55b7-dd32-48b7-8e91-a5438fb67e88.jpg 1169w, https:\/\/chicriviera.com\/wp-content\/uploads\/2019\/12\/304a55b7-dd32-48b7-8e91-a5438fb67e88-300x269.jpg 300w, https:\/\/chicriviera.com\/wp-content\/uploads\/2019\/12\/304a55b7-dd32-48b7-8e91-a5438fb67e88-1024x917.jpg 1024w, https:\/\/chicriviera.com\/wp-content\/uploads\/2019\/12\/304a55b7-dd32-48b7-8e91-a5438fb67e88-768x688.jpg 768w, https:\/\/chicriviera.com\/wp-content\/uploads\/2019\/12\/304a55b7-dd32-48b7-8e91-a5438fb67e88-600x537.jpg 600w\" sizes=\"(max-width: 1169px) 100vw, 1169px\" \/><\/figure>\n\n\n\n<p>Nella giungla di cacao immaginata da Agathe Singer, ci sono piccoli tesori gustativi come confetti, caramelle pralinate e una grande sorpresa il 24. Acquista su: https:\/\/www.lechocolat-alainducasse.com\/fr\/calendrier-avent<\/p>\n\n\n\n<p><strong>\"Onorer\u00f2 il Natale nel mio cuore e cercher\u00f2 di mantenerlo tutto l'anno. Charles Dickens<\/strong><\/p>\n\n\n\n<p><strong>Buone vacanze! <\/strong><\/p>","protected":false},"excerpt":{"rendered":"<p>Le d\u00e9compte a commenc\u00e9 jusqu\u2019au 25 D\u00e9cembre : si vous n\u2019avez pas encore achet\u00e9 votre Calendrier de l\u2019Avent, voici quelques id\u00e9es : Pour les sportifs, le Calendrier de L\u2019Avent de l\u2019AS Monaco : Le Calendrier de l\u2019\u00e9quipe de foot mon\u00e9gasque. \u00c0 acheter en ligne sur : https:\/\/shop.asmonaco.com ou en boutique : Les Jardins d\u2019Apolline, 1 [&hellip;]<\/p>\n","protected":false},"author":2,"featured_media":3785,"comment_status":"open","ping_status":"closed","sticky":false,"template":"","format":"standard","meta":{"_genesis_hide_title":false,"_genesis_hide_breadcrumbs":false,"_genesis_hide_singular_image":false,"_genesis_hide_footer_widgets":false,"_genesis_custom_body_class":"","_genesis_custom_post_class":"","_genesis_layout":"","footnotes":""},"categories":[29],"tags":[],"class_list":{"0":"post-3734","1":"post","2":"type-post","3":"status-publish","4":"format-standard","5":"has-post-thumbnail","7":"category-evenements","8":"entry"},"yoast_head":"<!-- This site is optimized with the Yoast SEO plugin v27.1.1 - https:\/\/yoast.com\/product\/yoast-seo-wordpress\/ -->\n<title>Calendriers de l\u2019Avent 2019 aussi pour les adultes : ma s\u00e9lection : - Chic Riviera<\/title>\n<meta name=\"robots\" content=\"index, follow, max-snippet:-1, max-image-preview:large, max-video-preview:-1\" \/>\n<link rel=\"canonical\" href=\"https:\/\/chicriviera.com\/it\/2019\/12\/01\/calendari-per-adulti-2019-anche-per-adulti-mia-selezione\/\" \/>\n<meta property=\"og:locale\" content=\"it_IT\" \/>\n<meta property=\"og:type\" content=\"article\" \/>\n<meta property=\"og:title\" content=\"Calendriers de l\u2019Avent 2019 aussi pour les adultes : ma s\u00e9lection : - Chic Riviera\" \/>\n<meta property=\"og:description\" content=\"Le d\u00e9compte a commenc\u00e9 jusqu\u2019au 25 D\u00e9cembre : si vous n\u2019avez pas encore achet\u00e9 votre Calendrier de l\u2019Avent, voici quelques id\u00e9es : Pour les sportifs, le Calendrier de L\u2019Avent de l\u2019AS Monaco : Le Calendrier de l\u2019\u00e9quipe de foot mon\u00e9gasque. \u00c0 acheter en ligne sur : https:\/\/shop.asmonaco.com ou en boutique : Les Jardins d\u2019Apolline, 1 [&hellip;]\" \/>\n<meta property=\"og:url\" content=\"https:\/\/chicriviera.com\/it\/2019\/12\/01\/calendari-per-adulti-2019-anche-per-adulti-mia-selezione\/\" \/>\n<meta property=\"og:site_name\" content=\"Chic Riviera\" \/>\n<meta property=\"article:publisher\" content=\"https:\/\/www.facebook.com\/ChicRivieracom\/\" \/>\n<meta property=\"article:published_time\" content=\"2019-12-01T13:49:38+00:00\" \/>\n<meta property=\"article:modified_time\" content=\"2019-12-01T17:47:47+00:00\" \/>\n<meta property=\"og:image\" content=\"https:\/\/chicriviera.com\/wp-content\/uploads\/2019\/12\/8488d1a3-66b4-40e7-ae8d-f69deae46013-5.jpg\" \/>\n\t<meta property=\"og:image:width\" content=\"516\" \/>\n\t<meta property=\"og:image:height\" content=\"529\" \/>\n\t<meta property=\"og:image:type\" content=\"image\/jpeg\" \/>\n<meta name=\"author\" content=\"Alex\" \/>\n<meta name=\"twitter:card\" content=\"summary_large_image\" \/>\n<meta name=\"twitter:creator\" content=\"@Chic_Riviera\" \/>\n<meta name=\"twitter:site\" content=\"@Chic_Riviera\" \/>\n<meta name=\"twitter:label1\" content=\"Scritto da\" \/>\n\t<meta name=\"twitter:data1\" content=\"Alex\" \/>\n\t<meta name=\"twitter:label2\" content=\"Tempo di lettura stimato\" \/>\n\t<meta name=\"twitter:data2\" content=\"2 minuti\" \/>\n<script type=\"application\/ld+json\" class=\"yoast-schema-graph\">{\"@context\":\"https:\/\/schema.org\",\"@graph\":[{\"@type\":\"Article\",\"@id\":\"https:\/\/chicriviera.com\/it\/2019\/12\/01\/calendari-per-adulti-2019-anche-per-adulti-mia-selezione\/#article\",\"isPartOf\":{\"@id\":\"https:\/\/chicriviera.com\/it\/2019\/12\/01\/calendari-per-adulti-2019-anche-per-adulti-mia-selezione\/\"},\"author\":{\"name\":\"Alex\",\"@id\":\"https:\/\/chicriviera.com\/es\/#\/schema\/person\/c563ec1d9481b6d038092938cde95a4b\"},\"headline\":\"Calendriers de l\u2019Avent 2019 aussi pour les adultes : ma s\u00e9lection :\",\"datePublished\":\"2019-12-01T13:49:38+00:00\",\"dateModified\":\"2019-12-01T17:47:47+00:00\",\"mainEntityOfPage\":{\"@id\":\"https:\/\/chicriviera.com\/it\/2019\/12\/01\/calendari-per-adulti-2019-anche-per-adulti-mia-selezione\/\"},\"wordCount\":340,\"commentCount\":0,\"publisher\":{\"@id\":\"https:\/\/chicriviera.com\/es\/#organization\"},\"image\":{\"@id\":\"https:\/\/chicriviera.com\/it\/2019\/12\/01\/calendari-per-adulti-2019-anche-per-adulti-mia-selezione\/#primaryimage\"},\"thumbnailUrl\":\"https:\/\/chicriviera.com\/wp-content\/uploads\/2019\/12\/8488d1a3-66b4-40e7-ae8d-f69deae46013-5.jpg\",\"articleSection\":[\"\u00c9v\u00e9nements\"],\"inLanguage\":\"it-IT\",\"potentialAction\":[{\"@type\":\"CommentAction\",\"name\":\"Comment\",\"target\":[\"https:\/\/chicriviera.com\/it\/2019\/12\/01\/calendari-per-adulti-2019-anche-per-adulti-mia-selezione\/#respond\"]}]},{\"@type\":\"WebPage\",\"@id\":\"https:\/\/chicriviera.com\/it\/2019\/12\/01\/calendari-per-adulti-2019-anche-per-adulti-mia-selezione\/\",\"url\":\"https:\/\/chicriviera.com\/it\/2019\/12\/01\/calendari-per-adulti-2019-anche-per-adulti-mia-selezione\/\",\"name\":\"Calendriers de l\u2019Avent 2019 aussi pour les adultes : ma s\u00e9lection : - Chic Riviera\",\"isPartOf\":{\"@id\":\"https:\/\/chicriviera.com\/es\/#website\"},\"primaryImageOfPage\":{\"@id\":\"https:\/\/chicriviera.com\/it\/2019\/12\/01\/calendari-per-adulti-2019-anche-per-adulti-mia-selezione\/#primaryimage\"},\"image\":{\"@id\":\"https:\/\/chicriviera.com\/it\/2019\/12\/01\/calendari-per-adulti-2019-anche-per-adulti-mia-selezione\/#primaryimage\"},\"thumbnailUrl\":\"https:\/\/chicriviera.com\/wp-content\/uploads\/2019\/12\/8488d1a3-66b4-40e7-ae8d-f69deae46013-5.jpg\",\"datePublished\":\"2019-12-01T13:49:38+00:00\",\"dateModified\":\"2019-12-01T17:47:47+00:00\",\"breadcrumb\":{\"@id\":\"https:\/\/chicriviera.com\/it\/2019\/12\/01\/calendari-per-adulti-2019-anche-per-adulti-mia-selezione\/#breadcrumb\"},\"inLanguage\":\"it-IT\",\"potentialAction\":[{\"@type\":\"ReadAction\",\"target\":[\"https:\/\/chicriviera.com\/it\/2019\/12\/01\/calendari-per-adulti-2019-anche-per-adulti-mia-selezione\/\"]}]},{\"@type\":\"ImageObject\",\"inLanguage\":\"it-IT\",\"@id\":\"https:\/\/chicriviera.com\/it\/2019\/12\/01\/calendari-per-adulti-2019-anche-per-adulti-mia-selezione\/#primaryimage\",\"url\":\"https:\/\/chicriviera.com\/wp-content\/uploads\/2019\/12\/8488d1a3-66b4-40e7-ae8d-f69deae46013-5.jpg\",\"contentUrl\":\"https:\/\/chicriviera.com\/wp-content\/uploads\/2019\/12\/8488d1a3-66b4-40e7-ae8d-f69deae46013-5.jpg\",\"width\":516,\"height\":529},{\"@type\":\"BreadcrumbList\",\"@id\":\"https:\/\/chicriviera.com\/it\/2019\/12\/01\/calendari-per-adulti-2019-anche-per-adulti-mia-selezione\/#breadcrumb\",\"itemListElement\":[{\"@type\":\"ListItem\",\"position\":1,\"name\":\"Accueil\",\"item\":\"https:\/\/chicriviera.com\/\"},{\"@type\":\"ListItem\",\"position\":2,\"name\":\"Calendriers de l\u2019Avent 2019 aussi pour les adultes : ma s\u00e9lection :\"}]},{\"@type\":\"WebSite\",\"@id\":\"https:\/\/chicriviera.com\/es\/#website\",\"url\":\"https:\/\/chicriviera.com\/es\/\",\"name\":\"Chic Riviera\",\"description\":\"Le meilleur de la C\u00f4te d&#039;Azur : Restaurants, Plages, Sorties\",\"publisher\":{\"@id\":\"https:\/\/chicriviera.com\/es\/#organization\"},\"potentialAction\":[{\"@type\":\"SearchAction\",\"target\":{\"@type\":\"EntryPoint\",\"urlTemplate\":\"https:\/\/chicriviera.com\/es\/?s={search_term_string}\"},\"query-input\":{\"@type\":\"PropertyValueSpecification\",\"valueRequired\":true,\"valueName\":\"search_term_string\"}}],\"inLanguage\":\"it-IT\"},{\"@type\":\"Organization\",\"@id\":\"https:\/\/chicriviera.com\/es\/#organization\",\"name\":\"Chic Riviera\",\"url\":\"https:\/\/chicriviera.com\/es\/\",\"logo\":{\"@type\":\"ImageObject\",\"inLanguage\":\"it-IT\",\"@id\":\"https:\/\/chicriviera.com\/es\/#\/schema\/logo\/image\/\",\"url\":\"https:\/\/chicriviera.com\/wp-content\/uploads\/2019\/03\/cropped-crfavicon.png\",\"contentUrl\":\"https:\/\/chicriviera.com\/wp-content\/uploads\/2019\/03\/cropped-crfavicon.png\",\"width\":512,\"height\":512,\"caption\":\"Chic Riviera\"},\"image\":{\"@id\":\"https:\/\/chicriviera.com\/es\/#\/schema\/logo\/image\/\"},\"sameAs\":[\"https:\/\/www.facebook.com\/ChicRivieracom\/\",\"https:\/\/x.com\/Chic_Riviera\",\"https:\/\/www.instagram.com\/chicriviera\/\"]},{\"@type\":\"Person\",\"@id\":\"https:\/\/chicriviera.com\/es\/#\/schema\/person\/c563ec1d9481b6d038092938cde95a4b\",\"name\":\"Alex\",\"image\":{\"@type\":\"ImageObject\",\"inLanguage\":\"it-IT\",\"@id\":\"https:\/\/chicriviera.com\/es\/#\/schema\/person\/image\/\",\"url\":\"https:\/\/secure.gravatar.com\/avatar\/0bb721c49cd74f5b36020571509cc39351075de1991c6145cdbecbab8cf22c82?s=96&d=mm&r=g\",\"contentUrl\":\"https:\/\/secure.gravatar.com\/avatar\/0bb721c49cd74f5b36020571509cc39351075de1991c6145cdbecbab8cf22c82?s=96&d=mm&r=g\",\"caption\":\"Alex\"},\"url\":\"https:\/\/chicriviera.com\/it\/author\/alexben\/\"}]}<\/script>\n<!-- \/ Yoast SEO plugin. -->","yoast_head_json":{"title":"Calendari dell'Avvento 2019 anche per gli adulti: la mia selezione: - Chic Riviera","robots":{"index":"index","follow":"follow","max-snippet":"max-snippet:-1","max-image-preview":"max-image-preview:large","max-video-preview":"max-video-preview:-1"},"canonical":"https:\/\/chicriviera.com\/it\/2019\/12\/01\/calendari-per-adulti-2019-anche-per-adulti-mia-selezione\/","og_locale":"it_IT","og_type":"article","og_title":"Calendriers de l\u2019Avent 2019 aussi pour les adultes : ma s\u00e9lection : - Chic Riviera","og_description":"Le d\u00e9compte a commenc\u00e9 jusqu\u2019au 25 D\u00e9cembre : si vous n\u2019avez pas encore achet\u00e9 votre Calendrier de l\u2019Avent, voici quelques id\u00e9es : Pour les sportifs, le Calendrier de L\u2019Avent de l\u2019AS Monaco : Le Calendrier de l\u2019\u00e9quipe de foot mon\u00e9gasque. \u00c0 acheter en ligne sur : https:\/\/shop.asmonaco.com ou en boutique : Les Jardins d\u2019Apolline, 1 [&hellip;]","og_url":"https:\/\/chicriviera.com\/it\/2019\/12\/01\/calendari-per-adulti-2019-anche-per-adulti-mia-selezione\/","og_site_name":"Chic Riviera","article_publisher":"https:\/\/www.facebook.com\/ChicRivieracom\/","article_published_time":"2019-12-01T13:49:38+00:00","article_modified_time":"2019-12-01T17:47:47+00:00","og_image":[{"width":516,"height":529,"url":"https:\/\/chicriviera.com\/wp-content\/uploads\/2019\/12\/8488d1a3-66b4-40e7-ae8d-f69deae46013-5.jpg","type":"image\/jpeg"}],"author":"Alex","twitter_card":"summary_large_image","twitter_creator":"@Chic_Riviera","twitter_site":"@Chic_Riviera","twitter_misc":{"Scritto da":"Alex","Tempo di lettura stimato":"2 minuti"},"schema":{"@context":"https:\/\/schema.org","@graph":[{"@type":"Article","@id":"https:\/\/chicriviera.com\/it\/2019\/12\/01\/calendari-per-adulti-2019-anche-per-adulti-mia-selezione\/#article","isPartOf":{"@id":"https:\/\/chicriviera.com\/it\/2019\/12\/01\/calendari-per-adulti-2019-anche-per-adulti-mia-selezione\/"},"author":{"name":"Alex","@id":"https:\/\/chicriviera.com\/es\/#\/schema\/person\/c563ec1d9481b6d038092938cde95a4b"},"headline":"Calendriers de l\u2019Avent 2019 aussi pour les adultes : ma s\u00e9lection :","datePublished":"2019-12-01T13:49:38+00:00","dateModified":"2019-12-01T17:47:47+00:00","mainEntityOfPage":{"@id":"https:\/\/chicriviera.com\/it\/2019\/12\/01\/calendari-per-adulti-2019-anche-per-adulti-mia-selezione\/"},"wordCount":340,"commentCount":0,"publisher":{"@id":"https:\/\/chicriviera.com\/es\/#organization"},"image":{"@id":"https:\/\/chicriviera.com\/it\/2019\/12\/01\/calendari-per-adulti-2019-anche-per-adulti-mia-selezione\/#primaryimage"},"thumbnailUrl":"https:\/\/chicriviera.com\/wp-content\/uploads\/2019\/12\/8488d1a3-66b4-40e7-ae8d-f69deae46013-5.jpg","articleSection":["\u00c9v\u00e9nements"],"inLanguage":"it-IT","potentialAction":[{"@type":"CommentAction","name":"Comment","target":["https:\/\/chicriviera.com\/it\/2019\/12\/01\/calendari-per-adulti-2019-anche-per-adulti-mia-selezione\/#respond"]}]},{"@type":"WebPage","@id":"https:\/\/chicriviera.com\/it\/2019\/12\/01\/calendari-per-adulti-2019-anche-per-adulti-mia-selezione\/","url":"https:\/\/chicriviera.com\/it\/2019\/12\/01\/calendari-per-adulti-2019-anche-per-adulti-mia-selezione\/","name":"Calendari dell'Avvento 2019 anche per gli adulti: la mia selezione: - Chic Riviera","isPartOf":{"@id":"https:\/\/chicriviera.com\/es\/#website"},"primaryImageOfPage":{"@id":"https:\/\/chicriviera.com\/it\/2019\/12\/01\/calendari-per-adulti-2019-anche-per-adulti-mia-selezione\/#primaryimage"},"image":{"@id":"https:\/\/chicriviera.com\/it\/2019\/12\/01\/calendari-per-adulti-2019-anche-per-adulti-mia-selezione\/#primaryimage"},"thumbnailUrl":"https:\/\/chicriviera.com\/wp-content\/uploads\/2019\/12\/8488d1a3-66b4-40e7-ae8d-f69deae46013-5.jpg","datePublished":"2019-12-01T13:49:38+00:00","dateModified":"2019-12-01T17:47:47+00:00","breadcrumb":{"@id":"https:\/\/chicriviera.com\/it\/2019\/12\/01\/calendari-per-adulti-2019-anche-per-adulti-mia-selezione\/#breadcrumb"},"inLanguage":"it-IT","potentialAction":[{"@type":"ReadAction","target":["https:\/\/chicriviera.com\/it\/2019\/12\/01\/calendari-per-adulti-2019-anche-per-adulti-mia-selezione\/"]}]},{"@type":"ImageObject","inLanguage":"it-IT","@id":"https:\/\/chicriviera.com\/it\/2019\/12\/01\/calendari-per-adulti-2019-anche-per-adulti-mia-selezione\/#primaryimage","url":"https:\/\/chicriviera.com\/wp-content\/uploads\/2019\/12\/8488d1a3-66b4-40e7-ae8d-f69deae46013-5.jpg","contentUrl":"https:\/\/chicriviera.com\/wp-content\/uploads\/2019\/12\/8488d1a3-66b4-40e7-ae8d-f69deae46013-5.jpg","width":516,"height":529},{"@type":"BreadcrumbList","@id":"https:\/\/chicriviera.com\/it\/2019\/12\/01\/calendari-per-adulti-2019-anche-per-adulti-mia-selezione\/#breadcrumb","itemListElement":[{"@type":"ListItem","position":1,"name":"Accueil","item":"https:\/\/chicriviera.com\/"},{"@type":"ListItem","position":2,"name":"Calendriers de l\u2019Avent 2019 aussi pour les adultes : ma s\u00e9lection :"}]},{"@type":"WebSite","@id":"https:\/\/chicriviera.com\/es\/#website","url":"https:\/\/chicriviera.com\/es\/","name":"Chic Riviera","description":"Il meglio della Costa Azzurra : Ristoranti, spiagge, gite","publisher":{"@id":"https:\/\/chicriviera.com\/es\/#organization"},"potentialAction":[{"@type":"SearchAction","target":{"@type":"EntryPoint","urlTemplate":"https:\/\/chicriviera.com\/es\/?s={search_term_string}"},"query-input":{"@type":"PropertyValueSpecification","valueRequired":true,"valueName":"search_term_string"}}],"inLanguage":"it-IT"},{"@type":"Organization","@id":"https:\/\/chicriviera.com\/es\/#organization","name":"Chic Riviera","url":"https:\/\/chicriviera.com\/es\/","logo":{"@type":"ImageObject","inLanguage":"it-IT","@id":"https:\/\/chicriviera.com\/es\/#\/schema\/logo\/image\/","url":"https:\/\/chicriviera.com\/wp-content\/uploads\/2019\/03\/cropped-crfavicon.png","contentUrl":"https:\/\/chicriviera.com\/wp-content\/uploads\/2019\/03\/cropped-crfavicon.png","width":512,"height":512,"caption":"Chic Riviera"},"image":{"@id":"https:\/\/chicriviera.com\/es\/#\/schema\/logo\/image\/"},"sameAs":["https:\/\/www.facebook.com\/ChicRivieracom\/","https:\/\/x.com\/Chic_Riviera","https:\/\/www.instagram.com\/chicriviera\/"]},{"@type":"Person","@id":"https:\/\/chicriviera.com\/es\/#\/schema\/person\/c563ec1d9481b6d038092938cde95a4b","name":"Alex","image":{"@type":"ImageObject","inLanguage":"it-IT","@id":"https:\/\/chicriviera.com\/es\/#\/schema\/person\/image\/","url":"https:\/\/secure.gravatar.com\/avatar\/0bb721c49cd74f5b36020571509cc39351075de1991c6145cdbecbab8cf22c82?s=96&d=mm&r=g","contentUrl":"https:\/\/secure.gravatar.com\/avatar\/0bb721c49cd74f5b36020571509cc39351075de1991c6145cdbecbab8cf22c82?s=96&d=mm&r=g","caption":"Alex"},"url":"https:\/\/chicriviera.com\/it\/author\/alexben\/"}]}},"_links":{"self":[{"href":"https:\/\/chicriviera.com\/it\/wp-json\/wp\/v2\/posts\/3734","targetHints":{"allow":["GET"]}}],"collection":[{"href":"https:\/\/chicriviera.com\/it\/wp-json\/wp\/v2\/posts"}],"about":[{"href":"https:\/\/chicriviera.com\/it\/wp-json\/wp\/v2\/types\/post"}],"author":[{"embeddable":true,"href":"https:\/\/chicriviera.com\/it\/wp-json\/wp\/v2\/users\/2"}],"replies":[{"embeddable":true,"href":"https:\/\/chicriviera.com\/it\/wp-json\/wp\/v2\/comments?post=3734"}],"version-history":[{"count":43,"href":"https:\/\/chicriviera.com\/it\/wp-json\/wp\/v2\/posts\/3734\/revisions"}],"predecessor-version":[{"id":3813,"href":"https:\/\/chicriviera.com\/it\/wp-json\/wp\/v2\/posts\/3734\/revisions\/3813"}],"wp:featuredmedia":[{"embeddable":true,"href":"https:\/\/chicriviera.com\/it\/wp-json\/wp\/v2\/media\/3785"}],"wp:attachment":[{"href":"https:\/\/chicriviera.com\/it\/wp-json\/wp\/v2\/media?parent=3734"}],"wp:term":[{"taxonomy":"category","embeddable":true,"href":"https:\/\/chicriviera.com\/it\/wp-json\/wp\/v2\/categories?post=3734"},{"taxonomy":"post_tag","embeddable":true,"href":"https:\/\/chicriviera.com\/it\/wp-json\/wp\/v2\/tags?post=3734"}],"curies":[{"name":"wp","href":"https:\/\/api.w.org\/{rel}","templated":true}]}}