{"id":2951,"date":"2019-11-07T14:07:17","date_gmt":"2019-11-07T13:07:17","guid":{"rendered":"https:\/\/chicriviera.com\/?p=2951"},"modified":"2019-11-07T21:44:38","modified_gmt":"2019-11-07T20:44:38","slug":"le-60-eme-festival-de-television-de-monaco-du-19-au-23-juin-2020-sera-magique","status":"publish","type":"post","link":"https:\/\/chicriviera.com\/it\/2019\/11\/07\/le-60-eme-festival-de-television-de-monaco-du-19-au-23-juin-2020-sera-magique\/","title":{"rendered":"Il 60\u00b0 Festival della televisione di Monaco, dal 19 al 23 giugno 2020 sar\u00e0 magico"},"content":{"rendered":"<p>Da quasi 60 anni, le pi\u00f9 grandi star internazionali e il mondo della TV si incontrano ogni anno a Monaco, in un ambiente cinematografico per questo festival.<\/p>\n\n\n\n<p>L'obiettivo \u00e8 naturalmente quello di far conoscere al pubblico e alla stampa tutti i nuovi programmi televisivi, ma soprattutto di vincere un premio, la famosa Ninfa d'Oro. <\/p>\n\n\n\n<figure class=\"wp-block-image\"><img decoding=\"async\" width=\"962\" height=\"640\" src=\"https:\/\/chicriviera.com\/wp-content\/uploads\/2019\/11\/0c1ed274-3ba1-494a-9d84-7697852e9354.jpg\" alt=\"\" class=\"wp-image-2956\" srcset=\"https:\/\/chicriviera.com\/wp-content\/uploads\/2019\/11\/0c1ed274-3ba1-494a-9d84-7697852e9354.jpg 962w, https:\/\/chicriviera.com\/wp-content\/uploads\/2019\/11\/0c1ed274-3ba1-494a-9d84-7697852e9354-300x200.jpg 300w, https:\/\/chicriviera.com\/wp-content\/uploads\/2019\/11\/0c1ed274-3ba1-494a-9d84-7697852e9354-768x511.jpg 768w, https:\/\/chicriviera.com\/wp-content\/uploads\/2019\/11\/0c1ed274-3ba1-494a-9d84-7697852e9354-600x399.jpg 600w\" sizes=\"(max-width: 962px) 100vw, 962px\" \/><figcaption>Ninfa d'oro<\/figcaption><\/figure>\n\n\n\n<p>C'\u00e8 anche la Ninfa di Cristallo, che viene assegnata a un individuo per i successi televisivi di una vita. <\/p>\n\n\n\n<figure class=\"wp-block-image\"><img decoding=\"async\" width=\"894\" height=\"894\" src=\"https:\/\/chicriviera.com\/wp-content\/uploads\/2019\/11\/5adcb92c-bc49-4c9e-b16a-6216b9a2fd75.jpg\" alt=\"\" class=\"wp-image-2979\" srcset=\"https:\/\/chicriviera.com\/wp-content\/uploads\/2019\/11\/5adcb92c-bc49-4c9e-b16a-6216b9a2fd75.jpg 894w, https:\/\/chicriviera.com\/wp-content\/uploads\/2019\/11\/5adcb92c-bc49-4c9e-b16a-6216b9a2fd75-150x150.jpg 150w, https:\/\/chicriviera.com\/wp-content\/uploads\/2019\/11\/5adcb92c-bc49-4c9e-b16a-6216b9a2fd75-300x300.jpg 300w, https:\/\/chicriviera.com\/wp-content\/uploads\/2019\/11\/5adcb92c-bc49-4c9e-b16a-6216b9a2fd75-768x768.jpg 768w, https:\/\/chicriviera.com\/wp-content\/uploads\/2019\/11\/5adcb92c-bc49-4c9e-b16a-6216b9a2fd75-600x600.jpg 600w\" sizes=\"(max-width: 894px) 100vw, 894px\" \/><figcaption>Michael Douglas riceve una Ninfa di cristallo nel 2019<\/figcaption><\/figure>\n\n\n\n<p>Il poster per questa occasione \u00e8 maestoso e tradizionale con il Principe e la Principessa che guardano con affetto la Ninfa Dorata. Lo sfondo della foto \u00e8 stato rimosso per evidenziare e rendere omaggio a questa meravigliosa coppia iconica. <\/p>\n\n\n\n<figure class=\"wp-block-image\"><img decoding=\"async\" width=\"582\" height=\"770\" src=\"https:\/\/chicriviera.com\/wp-content\/uploads\/2019\/11\/img_9173.png\" alt=\"\" class=\"wp-image-2999\" srcset=\"https:\/\/chicriviera.com\/wp-content\/uploads\/2019\/11\/img_9173.png 582w, https:\/\/chicriviera.com\/wp-content\/uploads\/2019\/11\/img_9173-227x300.png 227w\" sizes=\"(max-width: 582px) 100vw, 582px\" \/><figcaption>Il principe e la principessa con la ninfa d'oro<\/figcaption><\/figure>\n\n\n\n<p>Perch\u00e9 \u00e8 stato creato questo festival? Sua Altezza Serenissima il Principe Ranieri III, un pioniere in molti campi, ha visto la televisione negli anni '60 come un mezzo di espressione per riunire la gente e portare la cultura e la pace attraverso i programmi. Ha deciso di incoraggiare questa nuova forma di espressione e di comunicazione con questo festival per premiare i programmi e aiutare lo sviluppo della televisione a fiorire. <\/p>\n\n\n\n<figure class=\"wp-block-image\"><img decoding=\"async\" width=\"741\" height=\"702\" src=\"https:\/\/chicriviera.com\/wp-content\/uploads\/2019\/11\/c22686a1-690d-4992-99e0-0201a81d8ad1.jpg\" alt=\"\" class=\"wp-image-2975\" srcset=\"https:\/\/chicriviera.com\/wp-content\/uploads\/2019\/11\/c22686a1-690d-4992-99e0-0201a81d8ad1.jpg 741w, https:\/\/chicriviera.com\/wp-content\/uploads\/2019\/11\/c22686a1-690d-4992-99e0-0201a81d8ad1-300x284.jpg 300w, https:\/\/chicriviera.com\/wp-content\/uploads\/2019\/11\/c22686a1-690d-4992-99e0-0201a81d8ad1-600x568.jpg 600w\" sizes=\"(max-width: 741px) 100vw, 741px\" \/><figcaption>1972, 10\u00b0 anno del Festival della Televisione, Sua Altezza il Principe Ranieri III, Gr\u00e2ce Kelly e l'attrice Mich\u00e8le Morgan<\/figcaption><\/figure>\n\n\n\n<p>La reazione \u00e8 stata immediata, l'intera comunit\u00e0 radiotelevisiva ha risposto, e il riconoscimento del premio \u00e8 stato mondiale. <\/p>\n\n\n\n<figure class=\"wp-block-image\"><img decoding=\"async\" width=\"782\" height=\"640\" src=\"https:\/\/chicriviera.com\/wp-content\/uploads\/2019\/11\/9306b53f-885e-4992-a7df-585b3ef43bed.jpg\" alt=\"\" class=\"wp-image-2973\" srcset=\"https:\/\/chicriviera.com\/wp-content\/uploads\/2019\/11\/9306b53f-885e-4992-a7df-585b3ef43bed.jpg 782w, https:\/\/chicriviera.com\/wp-content\/uploads\/2019\/11\/9306b53f-885e-4992-a7df-585b3ef43bed-300x246.jpg 300w, https:\/\/chicriviera.com\/wp-content\/uploads\/2019\/11\/9306b53f-885e-4992-a7df-585b3ef43bed-768x629.jpg 768w, https:\/\/chicriviera.com\/wp-content\/uploads\/2019\/11\/9306b53f-885e-4992-a7df-585b3ef43bed-600x491.jpg 600w\" sizes=\"(max-width: 782px) 100vw, 782px\" \/><figcaption>Per il 2\u00b0 Festival della televisione nel 1962: Gr\u00e2ce Kelly e Vittorio de Sica <\/figcaption><\/figure>\n\n\n\n<p>Per il 60\u00b0 anniversario, il Festival della Televisione sta riformando le regole con una riorganizzazione dei criteri del concorso, delle categorie, delle date e dei premi.<\/p>\n\n\n\n<ul class=\"wp-block-list\"><li>per la selezione ufficiale, 9 programmi nel 2020 (rispetto ai 24 del 2019). L'obiettivo \u00e8 quello di concentrarsi sulla qualit\u00e0 e sui vincitori che saranno nominati in tutte le categorie. <\/li><li>Per la categoria notizie, 3 premi: Reportage, Storie di Carattere e Film Documentari. <\/li><li>Il Premio Principe Ranieri III diventa una categoria a s\u00e9 stante. <\/li><li>Creazione del FOD, il vostro Festival On Demand: in questa occasione incontrerete i cast dei programmi selezionati dalla giuria e avrete diritto a proiezioni e conferenze che saranno esclusivamente riservate a voi. <\/li><\/ul>\n\n\n\n<p>Per quanto riguarda il Festival, d'ora in poi, ad ogni proiezione saranno presenti i membri del cast ogni sera, e sar\u00e0 <strong>aperto e gratuito al pubblico<\/strong>.<\/p>\n\n\n\n<figure class=\"wp-block-image\"><img decoding=\"async\" width=\"915\" height=\"640\" src=\"https:\/\/chicriviera.com\/wp-content\/uploads\/2019\/11\/a80098b1-ad05-4f29-bca9-794a4b6860c5.jpg\" alt=\"\" class=\"wp-image-2994\" srcset=\"https:\/\/chicriviera.com\/wp-content\/uploads\/2019\/11\/a80098b1-ad05-4f29-bca9-794a4b6860c5.jpg 915w, https:\/\/chicriviera.com\/wp-content\/uploads\/2019\/11\/a80098b1-ad05-4f29-bca9-794a4b6860c5-300x210.jpg 300w, https:\/\/chicriviera.com\/wp-content\/uploads\/2019\/11\/a80098b1-ad05-4f29-bca9-794a4b6860c5-768x537.jpg 768w, https:\/\/chicriviera.com\/wp-content\/uploads\/2019\/11\/a80098b1-ad05-4f29-bca9-794a4b6860c5-600x420.jpg 600w\" sizes=\"(max-width: 915px) 100vw, 915px\" \/><figcaption>Tutta la squadra di \"Demain nous appartient\" al 59\u00b0 Festival della Televisione <\/figcaption><\/figure>\n\n\n\n<p>Attenzione: iscrizioni tra luned\u00ec 4 novembre 2019 e venerd\u00ec 28 febbraio 2020. I risultati delle candidature saranno annunciati a maggio 2020 e la Cerimonia della Ninfa d'Oro avr\u00e0 luogo il 23 giugno 2020. <\/p>\n\n\n\n<p>Per la stampa, le domande di accreditamento iniziano il 14 gennaio 2020. <\/p>\n\n\n\n<p>Ci vediamo il 19 giugno 2020 con molte sorprese in serbo! <\/p>","protected":false},"excerpt":{"rendered":"<p>Voil\u00e0 d\u00e9j\u00e0 bient\u00f4t 60 ans que chaque ann\u00e9e, les plus grandes stars internationales et le monde de la TV se retrouvent \u00e0 Monaco, dans un d\u00e9cor de cin\u00e9ma pour ce festival. L\u2019objectif \u00e9tant bien s\u00fbr de faire conna\u00eetre tous les nouveaux programmes TV, au public et \u00e0 la presse, mais surtout de remporter un prix, [&hellip;]<\/p>\n","protected":false},"author":2,"featured_media":3005,"comment_status":"open","ping_status":"closed","sticky":false,"template":"","format":"standard","meta":{"_genesis_hide_title":false,"_genesis_hide_breadcrumbs":false,"_genesis_hide_singular_image":false,"_genesis_hide_footer_widgets":false,"_genesis_custom_body_class":"","_genesis_custom_post_class":"","_genesis_layout":"","footnotes":""},"categories":[29,18],"tags":[],"class_list":{"0":"post-2951","1":"post","2":"type-post","3":"status-publish","4":"format-standard","5":"has-post-thumbnail","7":"category-evenements","8":"category-sortir","9":"entry"},"yoast_head":"<!-- This site is optimized with the Yoast SEO plugin v27.1.1 - https:\/\/yoast.com\/product\/yoast-seo-wordpress\/ -->\n<title>Le 60 \u00e8me Festival de T\u00e9l\u00e9vision de Monaco, du 19 au 23 Juin 2020 sera magique - Chic Riviera<\/title>\n<meta name=\"robots\" content=\"index, follow, max-snippet:-1, max-image-preview:large, max-video-preview:-1\" \/>\n<link rel=\"canonical\" href=\"https:\/\/chicriviera.com\/it\/2019\/11\/07\/le-60-eme-festival-de-television-de-monaco-du-19-au-23-juin-2020-sera-magique\/\" \/>\n<meta property=\"og:locale\" content=\"it_IT\" \/>\n<meta property=\"og:type\" content=\"article\" \/>\n<meta property=\"og:title\" content=\"Le 60 \u00e8me Festival de T\u00e9l\u00e9vision de Monaco, du 19 au 23 Juin 2020 sera magique - Chic Riviera\" \/>\n<meta property=\"og:description\" content=\"Voil\u00e0 d\u00e9j\u00e0 bient\u00f4t 60 ans que chaque ann\u00e9e, les plus grandes stars internationales et le monde de la TV se retrouvent \u00e0 Monaco, dans un d\u00e9cor de cin\u00e9ma pour ce festival. L\u2019objectif \u00e9tant bien s\u00fbr de faire conna\u00eetre tous les nouveaux programmes TV, au public et \u00e0 la presse, mais surtout de remporter un prix, [&hellip;]\" \/>\n<meta property=\"og:url\" content=\"https:\/\/chicriviera.com\/it\/2019\/11\/07\/le-60-eme-festival-de-television-de-monaco-du-19-au-23-juin-2020-sera-magique\/\" \/>\n<meta property=\"og:site_name\" content=\"Chic Riviera\" \/>\n<meta property=\"article:publisher\" content=\"https:\/\/www.facebook.com\/ChicRivieracom\/\" \/>\n<meta property=\"article:published_time\" content=\"2019-11-07T13:07:17+00:00\" \/>\n<meta property=\"article:modified_time\" content=\"2019-11-07T20:44:38+00:00\" \/>\n<meta property=\"og:image\" content=\"https:\/\/chicriviera.com\/wp-content\/uploads\/2019\/11\/87c33d49-f83c-4763-9c84-a8f6a5464fa4-4.jpg\" \/>\n\t<meta property=\"og:image:width\" content=\"1051\" \/>\n\t<meta property=\"og:image:height\" content=\"640\" \/>\n\t<meta property=\"og:image:type\" content=\"image\/jpeg\" \/>\n<meta name=\"author\" content=\"Alex\" \/>\n<meta name=\"twitter:card\" content=\"summary_large_image\" \/>\n<meta name=\"twitter:creator\" content=\"@Chic_Riviera\" \/>\n<meta name=\"twitter:site\" content=\"@Chic_Riviera\" \/>\n<meta name=\"twitter:label1\" content=\"Scritto da\" \/>\n\t<meta name=\"twitter:data1\" content=\"Alex\" \/>\n\t<meta name=\"twitter:label2\" content=\"Tempo di lettura stimato\" \/>\n\t<meta name=\"twitter:data2\" content=\"3 minuti\" \/>\n<script type=\"application\/ld+json\" class=\"yoast-schema-graph\">{\"@context\":\"https:\/\/schema.org\",\"@graph\":[{\"@type\":\"Article\",\"@id\":\"https:\/\/chicriviera.com\/de\/2019\/11\/07\/le-60-eme-festival-de-television-de-monaco-du-19-au-23-juin-2020-sera-magique\/#article\",\"isPartOf\":{\"@id\":\"https:\/\/chicriviera.com\/de\/2019\/11\/07\/le-60-eme-festival-de-television-de-monaco-du-19-au-23-juin-2020-sera-magique\/\"},\"author\":{\"name\":\"Alex\",\"@id\":\"https:\/\/chicriviera.com\/es\/#\/schema\/person\/c563ec1d9481b6d038092938cde95a4b\"},\"headline\":\"Le 60 \u00e8me Festival de T\u00e9l\u00e9vision de Monaco, du 19 au 23 Juin 2020 sera magique\",\"datePublished\":\"2019-11-07T13:07:17+00:00\",\"dateModified\":\"2019-11-07T20:44:38+00:00\",\"mainEntityOfPage\":{\"@id\":\"https:\/\/chicriviera.com\/de\/2019\/11\/07\/le-60-eme-festival-de-television-de-monaco-du-19-au-23-juin-2020-sera-magique\/\"},\"wordCount\":544,\"commentCount\":0,\"publisher\":{\"@id\":\"https:\/\/chicriviera.com\/es\/#organization\"},\"image\":{\"@id\":\"https:\/\/chicriviera.com\/de\/2019\/11\/07\/le-60-eme-festival-de-television-de-monaco-du-19-au-23-juin-2020-sera-magique\/#primaryimage\"},\"thumbnailUrl\":\"https:\/\/chicriviera.com\/wp-content\/uploads\/2019\/11\/87c33d49-f83c-4763-9c84-a8f6a5464fa4-4.jpg\",\"articleSection\":[\"\u00c9v\u00e9nements\",\"Sortir\"],\"inLanguage\":\"it-IT\",\"potentialAction\":[{\"@type\":\"CommentAction\",\"name\":\"Comment\",\"target\":[\"https:\/\/chicriviera.com\/de\/2019\/11\/07\/le-60-eme-festival-de-television-de-monaco-du-19-au-23-juin-2020-sera-magique\/#respond\"]}]},{\"@type\":\"WebPage\",\"@id\":\"https:\/\/chicriviera.com\/de\/2019\/11\/07\/le-60-eme-festival-de-television-de-monaco-du-19-au-23-juin-2020-sera-magique\/\",\"url\":\"https:\/\/chicriviera.com\/de\/2019\/11\/07\/le-60-eme-festival-de-television-de-monaco-du-19-au-23-juin-2020-sera-magique\/\",\"name\":\"Le 60 \u00e8me Festival de T\u00e9l\u00e9vision de Monaco, du 19 au 23 Juin 2020 sera magique - Chic Riviera\",\"isPartOf\":{\"@id\":\"https:\/\/chicriviera.com\/es\/#website\"},\"primaryImageOfPage\":{\"@id\":\"https:\/\/chicriviera.com\/de\/2019\/11\/07\/le-60-eme-festival-de-television-de-monaco-du-19-au-23-juin-2020-sera-magique\/#primaryimage\"},\"image\":{\"@id\":\"https:\/\/chicriviera.com\/de\/2019\/11\/07\/le-60-eme-festival-de-television-de-monaco-du-19-au-23-juin-2020-sera-magique\/#primaryimage\"},\"thumbnailUrl\":\"https:\/\/chicriviera.com\/wp-content\/uploads\/2019\/11\/87c33d49-f83c-4763-9c84-a8f6a5464fa4-4.jpg\",\"datePublished\":\"2019-11-07T13:07:17+00:00\",\"dateModified\":\"2019-11-07T20:44:38+00:00\",\"breadcrumb\":{\"@id\":\"https:\/\/chicriviera.com\/de\/2019\/11\/07\/le-60-eme-festival-de-television-de-monaco-du-19-au-23-juin-2020-sera-magique\/#breadcrumb\"},\"inLanguage\":\"it-IT\",\"potentialAction\":[{\"@type\":\"ReadAction\",\"target\":[\"https:\/\/chicriviera.com\/de\/2019\/11\/07\/le-60-eme-festival-de-television-de-monaco-du-19-au-23-juin-2020-sera-magique\/\"]}]},{\"@type\":\"ImageObject\",\"inLanguage\":\"it-IT\",\"@id\":\"https:\/\/chicriviera.com\/de\/2019\/11\/07\/le-60-eme-festival-de-television-de-monaco-du-19-au-23-juin-2020-sera-magique\/#primaryimage\",\"url\":\"https:\/\/chicriviera.com\/wp-content\/uploads\/2019\/11\/87c33d49-f83c-4763-9c84-a8f6a5464fa4-4.jpg\",\"contentUrl\":\"https:\/\/chicriviera.com\/wp-content\/uploads\/2019\/11\/87c33d49-f83c-4763-9c84-a8f6a5464fa4-4.jpg\",\"width\":1051,\"height\":640},{\"@type\":\"BreadcrumbList\",\"@id\":\"https:\/\/chicriviera.com\/de\/2019\/11\/07\/le-60-eme-festival-de-television-de-monaco-du-19-au-23-juin-2020-sera-magique\/#breadcrumb\",\"itemListElement\":[{\"@type\":\"ListItem\",\"position\":1,\"name\":\"Accueil\",\"item\":\"https:\/\/chicriviera.com\/\"},{\"@type\":\"ListItem\",\"position\":2,\"name\":\"Le 60 \u00e8me Festival de T\u00e9l\u00e9vision de Monaco, du 19 au 23 Juin 2020 sera magique\"}]},{\"@type\":\"WebSite\",\"@id\":\"https:\/\/chicriviera.com\/es\/#website\",\"url\":\"https:\/\/chicriviera.com\/es\/\",\"name\":\"Chic Riviera\",\"description\":\"Le meilleur de la C\u00f4te d&#039;Azur : Restaurants, Plages, Sorties\",\"publisher\":{\"@id\":\"https:\/\/chicriviera.com\/es\/#organization\"},\"potentialAction\":[{\"@type\":\"SearchAction\",\"target\":{\"@type\":\"EntryPoint\",\"urlTemplate\":\"https:\/\/chicriviera.com\/es\/?s={search_term_string}\"},\"query-input\":{\"@type\":\"PropertyValueSpecification\",\"valueRequired\":true,\"valueName\":\"search_term_string\"}}],\"inLanguage\":\"it-IT\"},{\"@type\":\"Organization\",\"@id\":\"https:\/\/chicriviera.com\/es\/#organization\",\"name\":\"Chic Riviera\",\"url\":\"https:\/\/chicriviera.com\/es\/\",\"logo\":{\"@type\":\"ImageObject\",\"inLanguage\":\"it-IT\",\"@id\":\"https:\/\/chicriviera.com\/es\/#\/schema\/logo\/image\/\",\"url\":\"https:\/\/chicriviera.com\/wp-content\/uploads\/2019\/03\/cropped-crfavicon.png\",\"contentUrl\":\"https:\/\/chicriviera.com\/wp-content\/uploads\/2019\/03\/cropped-crfavicon.png\",\"width\":512,\"height\":512,\"caption\":\"Chic Riviera\"},\"image\":{\"@id\":\"https:\/\/chicriviera.com\/es\/#\/schema\/logo\/image\/\"},\"sameAs\":[\"https:\/\/www.facebook.com\/ChicRivieracom\/\",\"https:\/\/x.com\/Chic_Riviera\",\"https:\/\/www.instagram.com\/chicriviera\/\"]},{\"@type\":\"Person\",\"@id\":\"https:\/\/chicriviera.com\/es\/#\/schema\/person\/c563ec1d9481b6d038092938cde95a4b\",\"name\":\"Alex\",\"image\":{\"@type\":\"ImageObject\",\"inLanguage\":\"it-IT\",\"@id\":\"https:\/\/chicriviera.com\/es\/#\/schema\/person\/image\/\",\"url\":\"https:\/\/secure.gravatar.com\/avatar\/0bb721c49cd74f5b36020571509cc39351075de1991c6145cdbecbab8cf22c82?s=96&d=mm&r=g\",\"contentUrl\":\"https:\/\/secure.gravatar.com\/avatar\/0bb721c49cd74f5b36020571509cc39351075de1991c6145cdbecbab8cf22c82?s=96&d=mm&r=g\",\"caption\":\"Alex\"},\"url\":\"https:\/\/chicriviera.com\/it\/author\/alexben\/\"}]}<\/script>\n<!-- \/ Yoast SEO plugin. -->","yoast_head_json":{"title":"Il 60\u00b0 Festival della Televisione di Monaco, dal 19 al 23 giugno 2020, sar\u00e0 magico - Riviera Chic","robots":{"index":"index","follow":"follow","max-snippet":"max-snippet:-1","max-image-preview":"max-image-preview:large","max-video-preview":"max-video-preview:-1"},"canonical":"https:\/\/chicriviera.com\/it\/2019\/11\/07\/le-60-eme-festival-de-television-de-monaco-du-19-au-23-juin-2020-sera-magique\/","og_locale":"it_IT","og_type":"article","og_title":"Le 60 \u00e8me Festival de T\u00e9l\u00e9vision de Monaco, du 19 au 23 Juin 2020 sera magique - Chic Riviera","og_description":"Voil\u00e0 d\u00e9j\u00e0 bient\u00f4t 60 ans que chaque ann\u00e9e, les plus grandes stars internationales et le monde de la TV se retrouvent \u00e0 Monaco, dans un d\u00e9cor de cin\u00e9ma pour ce festival. L\u2019objectif \u00e9tant bien s\u00fbr de faire conna\u00eetre tous les nouveaux programmes TV, au public et \u00e0 la presse, mais surtout de remporter un prix, [&hellip;]","og_url":"https:\/\/chicriviera.com\/it\/2019\/11\/07\/le-60-eme-festival-de-television-de-monaco-du-19-au-23-juin-2020-sera-magique\/","og_site_name":"Chic Riviera","article_publisher":"https:\/\/www.facebook.com\/ChicRivieracom\/","article_published_time":"2019-11-07T13:07:17+00:00","article_modified_time":"2019-11-07T20:44:38+00:00","og_image":[{"width":1051,"height":640,"url":"https:\/\/chicriviera.com\/wp-content\/uploads\/2019\/11\/87c33d49-f83c-4763-9c84-a8f6a5464fa4-4.jpg","type":"image\/jpeg"}],"author":"Alex","twitter_card":"summary_large_image","twitter_creator":"@Chic_Riviera","twitter_site":"@Chic_Riviera","twitter_misc":{"Scritto da":"Alex","Tempo di lettura stimato":"3 minuti"},"schema":{"@context":"https:\/\/schema.org","@graph":[{"@type":"Article","@id":"https:\/\/chicriviera.com\/de\/2019\/11\/07\/le-60-eme-festival-de-television-de-monaco-du-19-au-23-juin-2020-sera-magique\/#article","isPartOf":{"@id":"https:\/\/chicriviera.com\/de\/2019\/11\/07\/le-60-eme-festival-de-television-de-monaco-du-19-au-23-juin-2020-sera-magique\/"},"author":{"name":"Alex","@id":"https:\/\/chicriviera.com\/es\/#\/schema\/person\/c563ec1d9481b6d038092938cde95a4b"},"headline":"Le 60 \u00e8me Festival de T\u00e9l\u00e9vision de Monaco, du 19 au 23 Juin 2020 sera magique","datePublished":"2019-11-07T13:07:17+00:00","dateModified":"2019-11-07T20:44:38+00:00","mainEntityOfPage":{"@id":"https:\/\/chicriviera.com\/de\/2019\/11\/07\/le-60-eme-festival-de-television-de-monaco-du-19-au-23-juin-2020-sera-magique\/"},"wordCount":544,"commentCount":0,"publisher":{"@id":"https:\/\/chicriviera.com\/es\/#organization"},"image":{"@id":"https:\/\/chicriviera.com\/de\/2019\/11\/07\/le-60-eme-festival-de-television-de-monaco-du-19-au-23-juin-2020-sera-magique\/#primaryimage"},"thumbnailUrl":"https:\/\/chicriviera.com\/wp-content\/uploads\/2019\/11\/87c33d49-f83c-4763-9c84-a8f6a5464fa4-4.jpg","articleSection":["\u00c9v\u00e9nements","Sortir"],"inLanguage":"it-IT","potentialAction":[{"@type":"CommentAction","name":"Comment","target":["https:\/\/chicriviera.com\/de\/2019\/11\/07\/le-60-eme-festival-de-television-de-monaco-du-19-au-23-juin-2020-sera-magique\/#respond"]}]},{"@type":"WebPage","@id":"https:\/\/chicriviera.com\/de\/2019\/11\/07\/le-60-eme-festival-de-television-de-monaco-du-19-au-23-juin-2020-sera-magique\/","url":"https:\/\/chicriviera.com\/de\/2019\/11\/07\/le-60-eme-festival-de-television-de-monaco-du-19-au-23-juin-2020-sera-magique\/","name":"Il 60\u00b0 Festival della Televisione di Monaco, dal 19 al 23 giugno 2020, sar\u00e0 magico - Riviera Chic","isPartOf":{"@id":"https:\/\/chicriviera.com\/es\/#website"},"primaryImageOfPage":{"@id":"https:\/\/chicriviera.com\/de\/2019\/11\/07\/le-60-eme-festival-de-television-de-monaco-du-19-au-23-juin-2020-sera-magique\/#primaryimage"},"image":{"@id":"https:\/\/chicriviera.com\/de\/2019\/11\/07\/le-60-eme-festival-de-television-de-monaco-du-19-au-23-juin-2020-sera-magique\/#primaryimage"},"thumbnailUrl":"https:\/\/chicriviera.com\/wp-content\/uploads\/2019\/11\/87c33d49-f83c-4763-9c84-a8f6a5464fa4-4.jpg","datePublished":"2019-11-07T13:07:17+00:00","dateModified":"2019-11-07T20:44:38+00:00","breadcrumb":{"@id":"https:\/\/chicriviera.com\/de\/2019\/11\/07\/le-60-eme-festival-de-television-de-monaco-du-19-au-23-juin-2020-sera-magique\/#breadcrumb"},"inLanguage":"it-IT","potentialAction":[{"@type":"ReadAction","target":["https:\/\/chicriviera.com\/de\/2019\/11\/07\/le-60-eme-festival-de-television-de-monaco-du-19-au-23-juin-2020-sera-magique\/"]}]},{"@type":"ImageObject","inLanguage":"it-IT","@id":"https:\/\/chicriviera.com\/de\/2019\/11\/07\/le-60-eme-festival-de-television-de-monaco-du-19-au-23-juin-2020-sera-magique\/#primaryimage","url":"https:\/\/chicriviera.com\/wp-content\/uploads\/2019\/11\/87c33d49-f83c-4763-9c84-a8f6a5464fa4-4.jpg","contentUrl":"https:\/\/chicriviera.com\/wp-content\/uploads\/2019\/11\/87c33d49-f83c-4763-9c84-a8f6a5464fa4-4.jpg","width":1051,"height":640},{"@type":"BreadcrumbList","@id":"https:\/\/chicriviera.com\/de\/2019\/11\/07\/le-60-eme-festival-de-television-de-monaco-du-19-au-23-juin-2020-sera-magique\/#breadcrumb","itemListElement":[{"@type":"ListItem","position":1,"name":"Accueil","item":"https:\/\/chicriviera.com\/"},{"@type":"ListItem","position":2,"name":"Le 60 \u00e8me Festival de T\u00e9l\u00e9vision de Monaco, du 19 au 23 Juin 2020 sera magique"}]},{"@type":"WebSite","@id":"https:\/\/chicriviera.com\/es\/#website","url":"https:\/\/chicriviera.com\/es\/","name":"Chic Riviera","description":"Il meglio della Costa Azzurra : Ristoranti, spiagge, gite","publisher":{"@id":"https:\/\/chicriviera.com\/es\/#organization"},"potentialAction":[{"@type":"SearchAction","target":{"@type":"EntryPoint","urlTemplate":"https:\/\/chicriviera.com\/es\/?s={search_term_string}"},"query-input":{"@type":"PropertyValueSpecification","valueRequired":true,"valueName":"search_term_string"}}],"inLanguage":"it-IT"},{"@type":"Organization","@id":"https:\/\/chicriviera.com\/es\/#organization","name":"Chic Riviera","url":"https:\/\/chicriviera.com\/es\/","logo":{"@type":"ImageObject","inLanguage":"it-IT","@id":"https:\/\/chicriviera.com\/es\/#\/schema\/logo\/image\/","url":"https:\/\/chicriviera.com\/wp-content\/uploads\/2019\/03\/cropped-crfavicon.png","contentUrl":"https:\/\/chicriviera.com\/wp-content\/uploads\/2019\/03\/cropped-crfavicon.png","width":512,"height":512,"caption":"Chic Riviera"},"image":{"@id":"https:\/\/chicriviera.com\/es\/#\/schema\/logo\/image\/"},"sameAs":["https:\/\/www.facebook.com\/ChicRivieracom\/","https:\/\/x.com\/Chic_Riviera","https:\/\/www.instagram.com\/chicriviera\/"]},{"@type":"Person","@id":"https:\/\/chicriviera.com\/es\/#\/schema\/person\/c563ec1d9481b6d038092938cde95a4b","name":"Alex","image":{"@type":"ImageObject","inLanguage":"it-IT","@id":"https:\/\/chicriviera.com\/es\/#\/schema\/person\/image\/","url":"https:\/\/secure.gravatar.com\/avatar\/0bb721c49cd74f5b36020571509cc39351075de1991c6145cdbecbab8cf22c82?s=96&d=mm&r=g","contentUrl":"https:\/\/secure.gravatar.com\/avatar\/0bb721c49cd74f5b36020571509cc39351075de1991c6145cdbecbab8cf22c82?s=96&d=mm&r=g","caption":"Alex"},"url":"https:\/\/chicriviera.com\/it\/author\/alexben\/"}]}},"_links":{"self":[{"href":"https:\/\/chicriviera.com\/it\/wp-json\/wp\/v2\/posts\/2951","targetHints":{"allow":["GET"]}}],"collection":[{"href":"https:\/\/chicriviera.com\/it\/wp-json\/wp\/v2\/posts"}],"about":[{"href":"https:\/\/chicriviera.com\/it\/wp-json\/wp\/v2\/types\/post"}],"author":[{"embeddable":true,"href":"https:\/\/chicriviera.com\/it\/wp-json\/wp\/v2\/users\/2"}],"replies":[{"embeddable":true,"href":"https:\/\/chicriviera.com\/it\/wp-json\/wp\/v2\/comments?post=2951"}],"version-history":[{"count":50,"href":"https:\/\/chicriviera.com\/it\/wp-json\/wp\/v2\/posts\/2951\/revisions"}],"predecessor-version":[{"id":3029,"href":"https:\/\/chicriviera.com\/it\/wp-json\/wp\/v2\/posts\/2951\/revisions\/3029"}],"wp:featuredmedia":[{"embeddable":true,"href":"https:\/\/chicriviera.com\/it\/wp-json\/wp\/v2\/media\/3005"}],"wp:attachment":[{"href":"https:\/\/chicriviera.com\/it\/wp-json\/wp\/v2\/media?parent=2951"}],"wp:term":[{"taxonomy":"category","embeddable":true,"href":"https:\/\/chicriviera.com\/it\/wp-json\/wp\/v2\/categories?post=2951"},{"taxonomy":"post_tag","embeddable":true,"href":"https:\/\/chicriviera.com\/it\/wp-json\/wp\/v2\/tags?post=2951"}],"curies":[{"name":"wp","href":"https:\/\/api.w.org\/{rel}","templated":true}]}}