{"id":2490,"date":"2019-10-29T00:43:31","date_gmt":"2019-10-28T23:43:31","guid":{"rendered":"https:\/\/chicriviera.com\/?p=2490"},"modified":"2024-04-07T11:18:07","modified_gmt":"2024-04-07T09:18:07","slug":"festival-cineroman-nice-premiere-edition-et-deja-un-vrai-succes","status":"publish","type":"post","link":"https:\/\/chicriviera.com\/it\/2019\/10\/29\/festival-cineroman-nice-premiere-e-ora-un-reale-successo\/","title":{"rendered":"Nice Cin\u00e9roman Festival, prima edizione e gi\u00e0 un vero successo"},"content":{"rendered":"<p>Nizza ha finalmente il suo festival della settima arte: il Festival Cin\u00e9roman, il cui concetto \u00e8 quello di onorare i film adattati da opere letterarie e romanzi. Questo festival, creato da Daniel Benoin, direttore del teatro di Antibes, e sua moglie, sotto l'egida del signor Christian Estrosi, sindaco di Nizza, chiude in bellezza l'anno dei 100 anni degli studi Victorine.<\/p>\n\n\n\n<figure class=\"wp-block-image\"><img decoding=\"async\" width=\"1423\" height=\"1423\" src=\"https:\/\/chicriviera.com\/wp-content\/uploads\/2019\/10\/3f18a681-ea96-4833-87f5-338091c58d1e.jpg\" alt=\"\" class=\"wp-image-2504\" srcset=\"https:\/\/chicriviera.com\/wp-content\/uploads\/2019\/10\/3f18a681-ea96-4833-87f5-338091c58d1e.jpg 1423w, https:\/\/chicriviera.com\/wp-content\/uploads\/2019\/10\/3f18a681-ea96-4833-87f5-338091c58d1e-150x150.jpg 150w, https:\/\/chicriviera.com\/wp-content\/uploads\/2019\/10\/3f18a681-ea96-4833-87f5-338091c58d1e-300x300.jpg 300w, https:\/\/chicriviera.com\/wp-content\/uploads\/2019\/10\/3f18a681-ea96-4833-87f5-338091c58d1e-768x768.jpg 768w, https:\/\/chicriviera.com\/wp-content\/uploads\/2019\/10\/3f18a681-ea96-4833-87f5-338091c58d1e-1024x1024.jpg 1024w, https:\/\/chicriviera.com\/wp-content\/uploads\/2019\/10\/3f18a681-ea96-4833-87f5-338091c58d1e-600x600.jpg 600w, https:\/\/chicriviera.com\/wp-content\/uploads\/2019\/10\/3f18a681-ea96-4833-87f5-338091c58d1e-1320x1320.jpg 1320w\" sizes=\"(max-width: 1423px) 100vw, 1423px\" \/><figcaption>Christian Estrosi e sua moglie Laura Tenoudji<\/figcaption><\/figure>\n\n\n\n<p>Il trofeo: ispirato a un'opera di Sacha Sosno, scultore emblematico della Costa Azzurra, la cui opera pi\u00f9 famosa \"La t\u00eate carr\u00e9e\" (La testa quadrata), riflette la citt\u00e0 di Nizza per portare ancora pi\u00f9 autenticit\u00e0.<\/p>\n\n\n\n<figure class=\"wp-block-image\"><img decoding=\"async\" width=\"1242\" height=\"1531\" src=\"https:\/\/chicriviera.com\/wp-content\/uploads\/2019\/10\/43a4ab73-c020-446d-8dfd-949aee99bdc0.jpg\" alt=\"\" class=\"wp-image-2527\" srcset=\"https:\/\/chicriviera.com\/wp-content\/uploads\/2019\/10\/43a4ab73-c020-446d-8dfd-949aee99bdc0.jpg 1242w, https:\/\/chicriviera.com\/wp-content\/uploads\/2019\/10\/43a4ab73-c020-446d-8dfd-949aee99bdc0-243x300.jpg 243w, https:\/\/chicriviera.com\/wp-content\/uploads\/2019\/10\/43a4ab73-c020-446d-8dfd-949aee99bdc0-768x947.jpg 768w, https:\/\/chicriviera.com\/wp-content\/uploads\/2019\/10\/43a4ab73-c020-446d-8dfd-949aee99bdc0-831x1024.jpg 831w, https:\/\/chicriviera.com\/wp-content\/uploads\/2019\/10\/43a4ab73-c020-446d-8dfd-949aee99bdc0-600x740.jpg 600w\" sizes=\"(max-width: 1242px) 100vw, 1242px\" \/><figcaption>Il magnifico trofeo del Festival Cin\u00e9roman, qui Safy Nebbou<\/figcaption><\/figure>\n\n\n\n<p>Il pubblico ha potuto godere di anteprime cinematografiche in presenza delle troupe, di dibattiti e di una lettura del romanzo \"Le grand marin\" di Catherine Poulain da parte di Julie Gayet, che presto lo adatter\u00e0 per il cinema. <\/p>\n\n\n\n<figure class=\"wp-block-image\"><img decoding=\"async\" width=\"761\" height=\"640\" src=\"https:\/\/chicriviera.com\/wp-content\/uploads\/2019\/10\/6a72b69e-6813-49d9-b541-f3b43d5da8cf.jpg\" alt=\"\" class=\"wp-image-2533\" srcset=\"https:\/\/chicriviera.com\/wp-content\/uploads\/2019\/10\/6a72b69e-6813-49d9-b541-f3b43d5da8cf.jpg 761w, https:\/\/chicriviera.com\/wp-content\/uploads\/2019\/10\/6a72b69e-6813-49d9-b541-f3b43d5da8cf-300x252.jpg 300w, https:\/\/chicriviera.com\/wp-content\/uploads\/2019\/10\/6a72b69e-6813-49d9-b541-f3b43d5da8cf-600x505.jpg 600w, https:\/\/chicriviera.com\/wp-content\/uploads\/2019\/10\/6a72b69e-6813-49d9-b541-f3b43d5da8cf-70x60.jpg 70w\" sizes=\"(max-width: 761px) 100vw, 761px\" \/><figcaption>Julie Gayet e Daniel Benoin<\/figcaption><\/figure>\n\n\n\n<p>Roman Polanski per il suo film \"Io Accuso\", adattato dal romanzo D, di Robert Harris, con Jean Dujardin, ha ricevuto un premio speciale per l'adattamento.<\/p>\n\n\n\n<figure class=\"wp-block-image\"><img decoding=\"async\" width=\"805\" height=\"805\" src=\"https:\/\/chicriviera.com\/wp-content\/uploads\/2019\/10\/8c16673a-05e8-41b8-8ff6-e63038be90fd.jpg\" alt=\"\" class=\"wp-image-2500\" srcset=\"https:\/\/chicriviera.com\/wp-content\/uploads\/2019\/10\/8c16673a-05e8-41b8-8ff6-e63038be90fd.jpg 805w, https:\/\/chicriviera.com\/wp-content\/uploads\/2019\/10\/8c16673a-05e8-41b8-8ff6-e63038be90fd-150x150.jpg 150w, https:\/\/chicriviera.com\/wp-content\/uploads\/2019\/10\/8c16673a-05e8-41b8-8ff6-e63038be90fd-300x300.jpg 300w, https:\/\/chicriviera.com\/wp-content\/uploads\/2019\/10\/8c16673a-05e8-41b8-8ff6-e63038be90fd-768x768.jpg 768w, https:\/\/chicriviera.com\/wp-content\/uploads\/2019\/10\/8c16673a-05e8-41b8-8ff6-e63038be90fd-600x600.jpg 600w\" sizes=\"(max-width: 805px) 100vw, 805px\" \/><figcaption>Roman Polanski, Daniel Benoin e Jean Dujardin<\/figcaption><\/figure>\n\n\n\n<p>Nicole Garcia ha ricevuto il premio Ferret, ma il premio per il miglior adattamento di un romanzo al film \u00e8 andato a Safy Nebbou per \"Celle que vous croyez\" adattato dal romanzo di Camille Laurent. <\/p>\n\n\n\n<figure class=\"wp-block-image\"><img decoding=\"async\" width=\"640\" height=\"640\" src=\"https:\/\/chicriviera.com\/wp-content\/uploads\/2019\/10\/db585fcb-1614-4fe6-b1ac-e12bcd1652ff.jpg\" alt=\"\" class=\"wp-image-2523\" srcset=\"https:\/\/chicriviera.com\/wp-content\/uploads\/2019\/10\/db585fcb-1614-4fe6-b1ac-e12bcd1652ff.jpg 640w, https:\/\/chicriviera.com\/wp-content\/uploads\/2019\/10\/db585fcb-1614-4fe6-b1ac-e12bcd1652ff-150x150.jpg 150w, https:\/\/chicriviera.com\/wp-content\/uploads\/2019\/10\/db585fcb-1614-4fe6-b1ac-e12bcd1652ff-300x300.jpg 300w, https:\/\/chicriviera.com\/wp-content\/uploads\/2019\/10\/db585fcb-1614-4fe6-b1ac-e12bcd1652ff-600x600.jpg 600w\" sizes=\"(max-width: 640px) 100vw, 640px\" \/><figcaption>Safy Nebbou<\/figcaption><\/figure>\n\n\n\n<figure class=\"wp-block-image\"><img decoding=\"async\" width=\"1183\" height=\"1076\" src=\"https:\/\/chicriviera.com\/wp-content\/uploads\/2019\/10\/7d02872e-d1bb-4fa4-b552-144379304f6f.jpg\" alt=\"\" class=\"wp-image-2509\" srcset=\"https:\/\/chicriviera.com\/wp-content\/uploads\/2019\/10\/7d02872e-d1bb-4fa4-b552-144379304f6f.jpg 1183w, https:\/\/chicriviera.com\/wp-content\/uploads\/2019\/10\/7d02872e-d1bb-4fa4-b552-144379304f6f-300x273.jpg 300w, https:\/\/chicriviera.com\/wp-content\/uploads\/2019\/10\/7d02872e-d1bb-4fa4-b552-144379304f6f-768x699.jpg 768w, https:\/\/chicriviera.com\/wp-content\/uploads\/2019\/10\/7d02872e-d1bb-4fa4-b552-144379304f6f-1024x931.jpg 1024w, https:\/\/chicriviera.com\/wp-content\/uploads\/2019\/10\/7d02872e-d1bb-4fa4-b552-144379304f6f-600x546.jpg 600w\" sizes=\"(max-width: 1183px) 100vw, 1183px\" \/><figcaption>Nicole Garcia circondata da Roman Polanski, Jean Dujardin e Nicolas Bedos al ristorante La Petite Maison<\/figcaption><\/figure>\n\n\n\n<p>Yvan Attal e Charlotte Gainsbourg, venuti a presentare \"Mon chien stupide\" tratto dal romanzo di John Fante, hanno aperto il Festival, presentato da Fr\u00e9d\u00e9ric Beigbeder, circondati dalle pi\u00f9 grandi star, come Danielle Thompson, Aure Atika, Fran\u00e7ois Berl\u00e9and, Nicole Garcia, St\u00e9phane de Groodt e molti altri.<\/p>\n\n\n\n<figure class=\"wp-block-image\"><img decoding=\"async\" width=\"660\" height=\"660\" src=\"https:\/\/chicriviera.com\/wp-content\/uploads\/2019\/10\/fd684f93-1b34-4d9e-a6f6-a577db10a96e.jpg\" alt=\"\" class=\"wp-image-2536\" srcset=\"https:\/\/chicriviera.com\/wp-content\/uploads\/2019\/10\/fd684f93-1b34-4d9e-a6f6-a577db10a96e.jpg 660w, https:\/\/chicriviera.com\/wp-content\/uploads\/2019\/10\/fd684f93-1b34-4d9e-a6f6-a577db10a96e-150x150.jpg 150w, https:\/\/chicriviera.com\/wp-content\/uploads\/2019\/10\/fd684f93-1b34-4d9e-a6f6-a577db10a96e-300x300.jpg 300w, https:\/\/chicriviera.com\/wp-content\/uploads\/2019\/10\/fd684f93-1b34-4d9e-a6f6-a577db10a96e-600x600.jpg 600w\" sizes=\"(max-width: 660px) 100vw, 660px\" \/><figcaption>Fr\u00e9d\u00e9ric Beigbeder <\/figcaption><\/figure>\n\n\n\n<figure class=\"wp-block-image\"><img decoding=\"async\" width=\"955\" height=\"955\" src=\"https:\/\/chicriviera.com\/wp-content\/uploads\/2019\/10\/961a2283-b692-487b-817a-3a8f4d1dd14f.jpg\" alt=\"\" class=\"wp-image-2519\" srcset=\"https:\/\/chicriviera.com\/wp-content\/uploads\/2019\/10\/961a2283-b692-487b-817a-3a8f4d1dd14f.jpg 955w, https:\/\/chicriviera.com\/wp-content\/uploads\/2019\/10\/961a2283-b692-487b-817a-3a8f4d1dd14f-150x150.jpg 150w, https:\/\/chicriviera.com\/wp-content\/uploads\/2019\/10\/961a2283-b692-487b-817a-3a8f4d1dd14f-300x300.jpg 300w, https:\/\/chicriviera.com\/wp-content\/uploads\/2019\/10\/961a2283-b692-487b-817a-3a8f4d1dd14f-768x768.jpg 768w, https:\/\/chicriviera.com\/wp-content\/uploads\/2019\/10\/961a2283-b692-487b-817a-3a8f4d1dd14f-600x600.jpg 600w\" sizes=\"(max-width: 955px) 100vw, 955px\" \/><figcaption>Yvan Attal e Charlotte Gainsbourg <\/figcaption><\/figure>\n\n\n\n<figure class=\"wp-block-image\"><img decoding=\"async\" width=\"1242\" height=\"822\" src=\"https:\/\/chicriviera.com\/wp-content\/uploads\/2019\/10\/5a8a2abd-1fb8-4f52-b997-6b4655c4df53-1.jpg\" alt=\"\" class=\"wp-image-2521\" srcset=\"https:\/\/chicriviera.com\/wp-content\/uploads\/2019\/10\/5a8a2abd-1fb8-4f52-b997-6b4655c4df53-1.jpg 1242w, https:\/\/chicriviera.com\/wp-content\/uploads\/2019\/10\/5a8a2abd-1fb8-4f52-b997-6b4655c4df53-1-300x199.jpg 300w, https:\/\/chicriviera.com\/wp-content\/uploads\/2019\/10\/5a8a2abd-1fb8-4f52-b997-6b4655c4df53-1-768x508.jpg 768w, https:\/\/chicriviera.com\/wp-content\/uploads\/2019\/10\/5a8a2abd-1fb8-4f52-b997-6b4655c4df53-1-1024x678.jpg 1024w, https:\/\/chicriviera.com\/wp-content\/uploads\/2019\/10\/5a8a2abd-1fb8-4f52-b997-6b4655c4df53-1-600x397.jpg 600w\" sizes=\"(max-width: 1242px) 100vw, 1242px\" \/><figcaption>Daniel Benoin, Danielle Thompson, Aure Atika, Carole Chr\u00e9tiennnot, Nathalie Benoin<\/figcaption><\/figure>\n\n\n\n<p>All'ora di pranzo e alla sera, gli attori hanno potuto rilassarsi e, soprattutto, gustare le migliori specialit\u00e0 di Nizza nel famoso ristorante \"La petite maison\", in un'atmosfera di fuoco. <\/p>\n\n\n\n<figure class=\"wp-block-image\"><img decoding=\"async\" width=\"1242\" height=\"1074\" src=\"https:\/\/chicriviera.com\/wp-content\/uploads\/2019\/10\/953e5ed7-d2ce-4893-bc5e-98860ec8f2b4.jpg\" alt=\"\" class=\"wp-image-2511\" srcset=\"https:\/\/chicriviera.com\/wp-content\/uploads\/2019\/10\/953e5ed7-d2ce-4893-bc5e-98860ec8f2b4.jpg 1242w, https:\/\/chicriviera.com\/wp-content\/uploads\/2019\/10\/953e5ed7-d2ce-4893-bc5e-98860ec8f2b4-300x259.jpg 300w, https:\/\/chicriviera.com\/wp-content\/uploads\/2019\/10\/953e5ed7-d2ce-4893-bc5e-98860ec8f2b4-768x664.jpg 768w, https:\/\/chicriviera.com\/wp-content\/uploads\/2019\/10\/953e5ed7-d2ce-4893-bc5e-98860ec8f2b4-1024x885.jpg 1024w, https:\/\/chicriviera.com\/wp-content\/uploads\/2019\/10\/953e5ed7-d2ce-4893-bc5e-98860ec8f2b4-600x519.jpg 600w, https:\/\/chicriviera.com\/wp-content\/uploads\/2019\/10\/953e5ed7-d2ce-4893-bc5e-98860ec8f2b4-70x60.jpg 70w\" sizes=\"(max-width: 1242px) 100vw, 1242px\" \/><figcaption>Relax al ristorante La Petite Maison<\/figcaption><\/figure>\n\n\n\n<p>Questa prima edizione \u00e8 stata un vero successo, tutti erano presenti e la sensazione \u00e8 pi\u00f9 che positiva... ora siamo in attesa della seconda edizione. <\/p>","protected":false},"excerpt":{"rendered":"<p>Nice a enfin son festival du 7\u00e8me art : le Festival Cin\u00e9roman, dont le concept est de mettre \u00e0 l\u2019honneur les films adapt\u00e9s d\u2019\u0153uvres litt\u00e9raires, de romans. Ce festival, cr\u00e9\u00e9 par Daniel Benoin, directeur du th\u00e9\u00e2tre d\u2019Antibes, et son \u00e9pouse, sous l\u2019\u00e9gide de Mr Christian Estrosi, Maire de Nice cl\u00f4ture en beaut\u00e9 l\u2019ann\u00e9e des 100 [&hellip;]<\/p>\n","protected":false},"author":2,"featured_media":2492,"comment_status":"open","ping_status":"closed","sticky":false,"template":"","format":"standard","meta":{"_genesis_hide_title":false,"_genesis_hide_breadcrumbs":false,"_genesis_hide_singular_image":false,"_genesis_hide_footer_widgets":false,"_genesis_custom_body_class":"","_genesis_custom_post_class":"","_genesis_layout":"","footnotes":""},"categories":[29,337,335],"tags":[],"class_list":{"0":"post-2490","1":"post","2":"type-post","3":"status-publish","4":"format-standard","5":"has-post-thumbnail","7":"category-evenements","8":"category-france","9":"category-nice","10":"entry"},"yoast_head":"<!-- This site is optimized with the Yoast SEO plugin v27.1.1 - https:\/\/yoast.com\/product\/yoast-seo-wordpress\/ -->\n<title>Festival Cin\u00e9roman Nice, premi\u00e8re \u00e9dition et d\u00e9j\u00e0 un vrai succ\u00e8s - Chic Riviera<\/title>\n<meta name=\"robots\" content=\"index, follow, max-snippet:-1, max-image-preview:large, max-video-preview:-1\" \/>\n<link rel=\"canonical\" href=\"https:\/\/chicriviera.com\/it\/2019\/10\/29\/festival-cineroman-nice-premiere-und-jetzt-ein-realer-erfolg\/\" \/>\n<meta property=\"og:locale\" content=\"it_IT\" \/>\n<meta property=\"og:type\" content=\"article\" \/>\n<meta property=\"og:title\" content=\"Festival Cin\u00e9roman Nice, premi\u00e8re \u00e9dition et d\u00e9j\u00e0 un vrai succ\u00e8s - Chic Riviera\" \/>\n<meta property=\"og:description\" content=\"Nice a enfin son festival du 7\u00e8me art : le Festival Cin\u00e9roman, dont le concept est de mettre \u00e0 l\u2019honneur les films adapt\u00e9s d\u2019\u0153uvres litt\u00e9raires, de romans. Ce festival, cr\u00e9\u00e9 par Daniel Benoin, directeur du th\u00e9\u00e2tre d\u2019Antibes, et son \u00e9pouse, sous l\u2019\u00e9gide de Mr Christian Estrosi, Maire de Nice cl\u00f4ture en beaut\u00e9 l\u2019ann\u00e9e des 100 [&hellip;]\" \/>\n<meta property=\"og:url\" content=\"https:\/\/chicriviera.com\/it\/2019\/10\/29\/festival-cineroman-nice-premiere-und-jetzt-ein-realer-erfolg\/\" \/>\n<meta property=\"og:site_name\" content=\"Chic Riviera\" \/>\n<meta property=\"article:publisher\" content=\"https:\/\/www.facebook.com\/ChicRivieracom\/\" \/>\n<meta property=\"article:published_time\" content=\"2019-10-28T23:43:31+00:00\" \/>\n<meta property=\"article:modified_time\" content=\"2024-04-07T09:18:07+00:00\" \/>\n<meta property=\"og:image\" content=\"https:\/\/chicriviera.com\/wp-content\/uploads\/2019\/10\/2184c1ef-2453-4574-aecf-309f9fd20dc8.jpg\" \/>\n\t<meta property=\"og:image:width\" content=\"1058\" \/>\n\t<meta property=\"og:image:height\" content=\"1230\" \/>\n\t<meta property=\"og:image:type\" content=\"image\/jpeg\" \/>\n<meta name=\"author\" content=\"Alex\" \/>\n<meta name=\"twitter:card\" content=\"summary_large_image\" \/>\n<meta name=\"twitter:creator\" content=\"@Chic_Riviera\" \/>\n<meta name=\"twitter:site\" content=\"@Chic_Riviera\" \/>\n<meta name=\"twitter:label1\" content=\"Scritto da\" \/>\n\t<meta name=\"twitter:data1\" content=\"Alex\" \/>\n\t<meta name=\"twitter:label2\" content=\"Tempo di lettura stimato\" \/>\n\t<meta name=\"twitter:data2\" content=\"2 minuti\" \/>\n<script type=\"application\/ld+json\" class=\"yoast-schema-graph\">{\"@context\":\"https:\/\/schema.org\",\"@graph\":[{\"@type\":\"Article\",\"@id\":\"https:\/\/chicriviera.com\/de\/2019\/10\/29\/festival-cineroman-nice-premiere-und-jetzt-ein-realer-erfolg\/#article\",\"isPartOf\":{\"@id\":\"https:\/\/chicriviera.com\/de\/2019\/10\/29\/festival-cineroman-nice-premiere-und-jetzt-ein-realer-erfolg\/\"},\"author\":{\"name\":\"Alex\",\"@id\":\"https:\/\/chicriviera.com\/es\/#\/schema\/person\/c563ec1d9481b6d038092938cde95a4b\"},\"headline\":\"Festival Cin\u00e9roman Nice, premi\u00e8re \u00e9dition et d\u00e9j\u00e0 un vrai succ\u00e8s\",\"datePublished\":\"2019-10-28T23:43:31+00:00\",\"dateModified\":\"2024-04-07T09:18:07+00:00\",\"mainEntityOfPage\":{\"@id\":\"https:\/\/chicriviera.com\/de\/2019\/10\/29\/festival-cineroman-nice-premiere-und-jetzt-ein-realer-erfolg\/\"},\"wordCount\":439,\"commentCount\":0,\"publisher\":{\"@id\":\"https:\/\/chicriviera.com\/es\/#organization\"},\"image\":{\"@id\":\"https:\/\/chicriviera.com\/de\/2019\/10\/29\/festival-cineroman-nice-premiere-und-jetzt-ein-realer-erfolg\/#primaryimage\"},\"thumbnailUrl\":\"https:\/\/chicriviera.com\/wp-content\/uploads\/2019\/10\/2184c1ef-2453-4574-aecf-309f9fd20dc8.jpg\",\"articleSection\":[\"\u00c9v\u00e9nements\",\"France\",\"Nice\"],\"inLanguage\":\"it-IT\",\"potentialAction\":[{\"@type\":\"CommentAction\",\"name\":\"Comment\",\"target\":[\"https:\/\/chicriviera.com\/de\/2019\/10\/29\/festival-cineroman-nice-premiere-und-jetzt-ein-realer-erfolg\/#respond\"]}]},{\"@type\":\"WebPage\",\"@id\":\"https:\/\/chicriviera.com\/de\/2019\/10\/29\/festival-cineroman-nice-premiere-und-jetzt-ein-realer-erfolg\/\",\"url\":\"https:\/\/chicriviera.com\/de\/2019\/10\/29\/festival-cineroman-nice-premiere-und-jetzt-ein-realer-erfolg\/\",\"name\":\"Festival Cin\u00e9roman Nice, premi\u00e8re \u00e9dition et d\u00e9j\u00e0 un vrai succ\u00e8s - Chic Riviera\",\"isPartOf\":{\"@id\":\"https:\/\/chicriviera.com\/es\/#website\"},\"primaryImageOfPage\":{\"@id\":\"https:\/\/chicriviera.com\/de\/2019\/10\/29\/festival-cineroman-nice-premiere-und-jetzt-ein-realer-erfolg\/#primaryimage\"},\"image\":{\"@id\":\"https:\/\/chicriviera.com\/de\/2019\/10\/29\/festival-cineroman-nice-premiere-und-jetzt-ein-realer-erfolg\/#primaryimage\"},\"thumbnailUrl\":\"https:\/\/chicriviera.com\/wp-content\/uploads\/2019\/10\/2184c1ef-2453-4574-aecf-309f9fd20dc8.jpg\",\"datePublished\":\"2019-10-28T23:43:31+00:00\",\"dateModified\":\"2024-04-07T09:18:07+00:00\",\"breadcrumb\":{\"@id\":\"https:\/\/chicriviera.com\/de\/2019\/10\/29\/festival-cineroman-nice-premiere-und-jetzt-ein-realer-erfolg\/#breadcrumb\"},\"inLanguage\":\"it-IT\",\"potentialAction\":[{\"@type\":\"ReadAction\",\"target\":[\"https:\/\/chicriviera.com\/de\/2019\/10\/29\/festival-cineroman-nice-premiere-und-jetzt-ein-realer-erfolg\/\"]}]},{\"@type\":\"ImageObject\",\"inLanguage\":\"it-IT\",\"@id\":\"https:\/\/chicriviera.com\/de\/2019\/10\/29\/festival-cineroman-nice-premiere-und-jetzt-ein-realer-erfolg\/#primaryimage\",\"url\":\"https:\/\/chicriviera.com\/wp-content\/uploads\/2019\/10\/2184c1ef-2453-4574-aecf-309f9fd20dc8.jpg\",\"contentUrl\":\"https:\/\/chicriviera.com\/wp-content\/uploads\/2019\/10\/2184c1ef-2453-4574-aecf-309f9fd20dc8.jpg\",\"width\":1058,\"height\":1230},{\"@type\":\"BreadcrumbList\",\"@id\":\"https:\/\/chicriviera.com\/de\/2019\/10\/29\/festival-cineroman-nice-premiere-und-jetzt-ein-realer-erfolg\/#breadcrumb\",\"itemListElement\":[{\"@type\":\"ListItem\",\"position\":1,\"name\":\"Accueil\",\"item\":\"https:\/\/chicriviera.com\/\"},{\"@type\":\"ListItem\",\"position\":2,\"name\":\"Festival Cin\u00e9roman Nice, premi\u00e8re \u00e9dition et d\u00e9j\u00e0 un vrai succ\u00e8s\"}]},{\"@type\":\"WebSite\",\"@id\":\"https:\/\/chicriviera.com\/es\/#website\",\"url\":\"https:\/\/chicriviera.com\/es\/\",\"name\":\"Chic Riviera\",\"description\":\"Le meilleur de la C\u00f4te d&#039;Azur : Restaurants, Plages, Sorties\",\"publisher\":{\"@id\":\"https:\/\/chicriviera.com\/es\/#organization\"},\"potentialAction\":[{\"@type\":\"SearchAction\",\"target\":{\"@type\":\"EntryPoint\",\"urlTemplate\":\"https:\/\/chicriviera.com\/es\/?s={search_term_string}\"},\"query-input\":{\"@type\":\"PropertyValueSpecification\",\"valueRequired\":true,\"valueName\":\"search_term_string\"}}],\"inLanguage\":\"it-IT\"},{\"@type\":\"Organization\",\"@id\":\"https:\/\/chicriviera.com\/es\/#organization\",\"name\":\"Chic Riviera\",\"url\":\"https:\/\/chicriviera.com\/es\/\",\"logo\":{\"@type\":\"ImageObject\",\"inLanguage\":\"it-IT\",\"@id\":\"https:\/\/chicriviera.com\/es\/#\/schema\/logo\/image\/\",\"url\":\"https:\/\/chicriviera.com\/wp-content\/uploads\/2019\/03\/cropped-crfavicon.png\",\"contentUrl\":\"https:\/\/chicriviera.com\/wp-content\/uploads\/2019\/03\/cropped-crfavicon.png\",\"width\":512,\"height\":512,\"caption\":\"Chic Riviera\"},\"image\":{\"@id\":\"https:\/\/chicriviera.com\/es\/#\/schema\/logo\/image\/\"},\"sameAs\":[\"https:\/\/www.facebook.com\/ChicRivieracom\/\",\"https:\/\/x.com\/Chic_Riviera\",\"https:\/\/www.instagram.com\/chicriviera\/\"]},{\"@type\":\"Person\",\"@id\":\"https:\/\/chicriviera.com\/es\/#\/schema\/person\/c563ec1d9481b6d038092938cde95a4b\",\"name\":\"Alex\",\"image\":{\"@type\":\"ImageObject\",\"inLanguage\":\"it-IT\",\"@id\":\"https:\/\/chicriviera.com\/es\/#\/schema\/person\/image\/\",\"url\":\"https:\/\/secure.gravatar.com\/avatar\/0bb721c49cd74f5b36020571509cc39351075de1991c6145cdbecbab8cf22c82?s=96&d=mm&r=g\",\"contentUrl\":\"https:\/\/secure.gravatar.com\/avatar\/0bb721c49cd74f5b36020571509cc39351075de1991c6145cdbecbab8cf22c82?s=96&d=mm&r=g\",\"caption\":\"Alex\"},\"url\":\"https:\/\/chicriviera.com\/it\/author\/alexben\/\"}]}<\/script>\n<!-- \/ Yoast SEO plugin. -->","yoast_head_json":{"title":"Festival Cin\u00e9roman di Nizza, prima edizione e gi\u00e0 un vero successo - Chic Riviera","robots":{"index":"index","follow":"follow","max-snippet":"max-snippet:-1","max-image-preview":"max-image-preview:large","max-video-preview":"max-video-preview:-1"},"canonical":"https:\/\/chicriviera.com\/it\/2019\/10\/29\/festival-cineroman-nice-premiere-und-jetzt-ein-realer-erfolg\/","og_locale":"it_IT","og_type":"article","og_title":"Festival Cin\u00e9roman Nice, premi\u00e8re \u00e9dition et d\u00e9j\u00e0 un vrai succ\u00e8s - Chic Riviera","og_description":"Nice a enfin son festival du 7\u00e8me art : le Festival Cin\u00e9roman, dont le concept est de mettre \u00e0 l\u2019honneur les films adapt\u00e9s d\u2019\u0153uvres litt\u00e9raires, de romans. Ce festival, cr\u00e9\u00e9 par Daniel Benoin, directeur du th\u00e9\u00e2tre d\u2019Antibes, et son \u00e9pouse, sous l\u2019\u00e9gide de Mr Christian Estrosi, Maire de Nice cl\u00f4ture en beaut\u00e9 l\u2019ann\u00e9e des 100 [&hellip;]","og_url":"https:\/\/chicriviera.com\/it\/2019\/10\/29\/festival-cineroman-nice-premiere-und-jetzt-ein-realer-erfolg\/","og_site_name":"Chic Riviera","article_publisher":"https:\/\/www.facebook.com\/ChicRivieracom\/","article_published_time":"2019-10-28T23:43:31+00:00","article_modified_time":"2024-04-07T09:18:07+00:00","og_image":[{"width":1058,"height":1230,"url":"https:\/\/chicriviera.com\/wp-content\/uploads\/2019\/10\/2184c1ef-2453-4574-aecf-309f9fd20dc8.jpg","type":"image\/jpeg"}],"author":"Alex","twitter_card":"summary_large_image","twitter_creator":"@Chic_Riviera","twitter_site":"@Chic_Riviera","twitter_misc":{"Scritto da":"Alex","Tempo di lettura stimato":"2 minuti"},"schema":{"@context":"https:\/\/schema.org","@graph":[{"@type":"Article","@id":"https:\/\/chicriviera.com\/de\/2019\/10\/29\/festival-cineroman-nice-premiere-und-jetzt-ein-realer-erfolg\/#article","isPartOf":{"@id":"https:\/\/chicriviera.com\/de\/2019\/10\/29\/festival-cineroman-nice-premiere-und-jetzt-ein-realer-erfolg\/"},"author":{"name":"Alex","@id":"https:\/\/chicriviera.com\/es\/#\/schema\/person\/c563ec1d9481b6d038092938cde95a4b"},"headline":"Festival Cin\u00e9roman Nice, premi\u00e8re \u00e9dition et d\u00e9j\u00e0 un vrai succ\u00e8s","datePublished":"2019-10-28T23:43:31+00:00","dateModified":"2024-04-07T09:18:07+00:00","mainEntityOfPage":{"@id":"https:\/\/chicriviera.com\/de\/2019\/10\/29\/festival-cineroman-nice-premiere-und-jetzt-ein-realer-erfolg\/"},"wordCount":439,"commentCount":0,"publisher":{"@id":"https:\/\/chicriviera.com\/es\/#organization"},"image":{"@id":"https:\/\/chicriviera.com\/de\/2019\/10\/29\/festival-cineroman-nice-premiere-und-jetzt-ein-realer-erfolg\/#primaryimage"},"thumbnailUrl":"https:\/\/chicriviera.com\/wp-content\/uploads\/2019\/10\/2184c1ef-2453-4574-aecf-309f9fd20dc8.jpg","articleSection":["\u00c9v\u00e9nements","France","Nice"],"inLanguage":"it-IT","potentialAction":[{"@type":"CommentAction","name":"Comment","target":["https:\/\/chicriviera.com\/de\/2019\/10\/29\/festival-cineroman-nice-premiere-und-jetzt-ein-realer-erfolg\/#respond"]}]},{"@type":"WebPage","@id":"https:\/\/chicriviera.com\/de\/2019\/10\/29\/festival-cineroman-nice-premiere-und-jetzt-ein-realer-erfolg\/","url":"https:\/\/chicriviera.com\/de\/2019\/10\/29\/festival-cineroman-nice-premiere-und-jetzt-ein-realer-erfolg\/","name":"Festival Cin\u00e9roman di Nizza, prima edizione e gi\u00e0 un vero successo - Chic Riviera","isPartOf":{"@id":"https:\/\/chicriviera.com\/es\/#website"},"primaryImageOfPage":{"@id":"https:\/\/chicriviera.com\/de\/2019\/10\/29\/festival-cineroman-nice-premiere-und-jetzt-ein-realer-erfolg\/#primaryimage"},"image":{"@id":"https:\/\/chicriviera.com\/de\/2019\/10\/29\/festival-cineroman-nice-premiere-und-jetzt-ein-realer-erfolg\/#primaryimage"},"thumbnailUrl":"https:\/\/chicriviera.com\/wp-content\/uploads\/2019\/10\/2184c1ef-2453-4574-aecf-309f9fd20dc8.jpg","datePublished":"2019-10-28T23:43:31+00:00","dateModified":"2024-04-07T09:18:07+00:00","breadcrumb":{"@id":"https:\/\/chicriviera.com\/de\/2019\/10\/29\/festival-cineroman-nice-premiere-und-jetzt-ein-realer-erfolg\/#breadcrumb"},"inLanguage":"it-IT","potentialAction":[{"@type":"ReadAction","target":["https:\/\/chicriviera.com\/de\/2019\/10\/29\/festival-cineroman-nice-premiere-und-jetzt-ein-realer-erfolg\/"]}]},{"@type":"ImageObject","inLanguage":"it-IT","@id":"https:\/\/chicriviera.com\/de\/2019\/10\/29\/festival-cineroman-nice-premiere-und-jetzt-ein-realer-erfolg\/#primaryimage","url":"https:\/\/chicriviera.com\/wp-content\/uploads\/2019\/10\/2184c1ef-2453-4574-aecf-309f9fd20dc8.jpg","contentUrl":"https:\/\/chicriviera.com\/wp-content\/uploads\/2019\/10\/2184c1ef-2453-4574-aecf-309f9fd20dc8.jpg","width":1058,"height":1230},{"@type":"BreadcrumbList","@id":"https:\/\/chicriviera.com\/de\/2019\/10\/29\/festival-cineroman-nice-premiere-und-jetzt-ein-realer-erfolg\/#breadcrumb","itemListElement":[{"@type":"ListItem","position":1,"name":"Accueil","item":"https:\/\/chicriviera.com\/"},{"@type":"ListItem","position":2,"name":"Festival Cin\u00e9roman Nice, premi\u00e8re \u00e9dition et d\u00e9j\u00e0 un vrai succ\u00e8s"}]},{"@type":"WebSite","@id":"https:\/\/chicriviera.com\/es\/#website","url":"https:\/\/chicriviera.com\/es\/","name":"Chic Riviera","description":"Il meglio della Costa Azzurra : Ristoranti, spiagge, gite","publisher":{"@id":"https:\/\/chicriviera.com\/es\/#organization"},"potentialAction":[{"@type":"SearchAction","target":{"@type":"EntryPoint","urlTemplate":"https:\/\/chicriviera.com\/es\/?s={search_term_string}"},"query-input":{"@type":"PropertyValueSpecification","valueRequired":true,"valueName":"search_term_string"}}],"inLanguage":"it-IT"},{"@type":"Organization","@id":"https:\/\/chicriviera.com\/es\/#organization","name":"Chic Riviera","url":"https:\/\/chicriviera.com\/es\/","logo":{"@type":"ImageObject","inLanguage":"it-IT","@id":"https:\/\/chicriviera.com\/es\/#\/schema\/logo\/image\/","url":"https:\/\/chicriviera.com\/wp-content\/uploads\/2019\/03\/cropped-crfavicon.png","contentUrl":"https:\/\/chicriviera.com\/wp-content\/uploads\/2019\/03\/cropped-crfavicon.png","width":512,"height":512,"caption":"Chic Riviera"},"image":{"@id":"https:\/\/chicriviera.com\/es\/#\/schema\/logo\/image\/"},"sameAs":["https:\/\/www.facebook.com\/ChicRivieracom\/","https:\/\/x.com\/Chic_Riviera","https:\/\/www.instagram.com\/chicriviera\/"]},{"@type":"Person","@id":"https:\/\/chicriviera.com\/es\/#\/schema\/person\/c563ec1d9481b6d038092938cde95a4b","name":"Alex","image":{"@type":"ImageObject","inLanguage":"it-IT","@id":"https:\/\/chicriviera.com\/es\/#\/schema\/person\/image\/","url":"https:\/\/secure.gravatar.com\/avatar\/0bb721c49cd74f5b36020571509cc39351075de1991c6145cdbecbab8cf22c82?s=96&d=mm&r=g","contentUrl":"https:\/\/secure.gravatar.com\/avatar\/0bb721c49cd74f5b36020571509cc39351075de1991c6145cdbecbab8cf22c82?s=96&d=mm&r=g","caption":"Alex"},"url":"https:\/\/chicriviera.com\/it\/author\/alexben\/"}]}},"_links":{"self":[{"href":"https:\/\/chicriviera.com\/it\/wp-json\/wp\/v2\/posts\/2490","targetHints":{"allow":["GET"]}}],"collection":[{"href":"https:\/\/chicriviera.com\/it\/wp-json\/wp\/v2\/posts"}],"about":[{"href":"https:\/\/chicriviera.com\/it\/wp-json\/wp\/v2\/types\/post"}],"author":[{"embeddable":true,"href":"https:\/\/chicriviera.com\/it\/wp-json\/wp\/v2\/users\/2"}],"replies":[{"embeddable":true,"href":"https:\/\/chicriviera.com\/it\/wp-json\/wp\/v2\/comments?post=2490"}],"version-history":[{"count":33,"href":"https:\/\/chicriviera.com\/it\/wp-json\/wp\/v2\/posts\/2490\/revisions"}],"predecessor-version":[{"id":2537,"href":"https:\/\/chicriviera.com\/it\/wp-json\/wp\/v2\/posts\/2490\/revisions\/2537"}],"wp:featuredmedia":[{"embeddable":true,"href":"https:\/\/chicriviera.com\/it\/wp-json\/wp\/v2\/media\/2492"}],"wp:attachment":[{"href":"https:\/\/chicriviera.com\/it\/wp-json\/wp\/v2\/media?parent=2490"}],"wp:term":[{"taxonomy":"category","embeddable":true,"href":"https:\/\/chicriviera.com\/it\/wp-json\/wp\/v2\/categories?post=2490"},{"taxonomy":"post_tag","embeddable":true,"href":"https:\/\/chicriviera.com\/it\/wp-json\/wp\/v2\/tags?post=2490"}],"curies":[{"name":"wp","href":"https:\/\/api.w.org\/{rel}","templated":true}]}}