{"id":2252,"date":"2019-09-10T14:04:46","date_gmt":"2019-09-10T12:04:46","guid":{"rendered":"https:\/\/chicriviera.com\/?p=2252"},"modified":"2019-09-10T14:43:44","modified_gmt":"2019-09-10T12:43:44","slug":"a-ne-pas-rater-en-septembre-sur-la-cote-dazur","status":"publish","type":"post","link":"https:\/\/chicriviera.com\/it\/2019\/09\/10\/da-non-perdere-a-settembre-sulla-costa\/","title":{"rendered":"Da non perdere a settembre in Costa Azzurra"},"content":{"rendered":"<p>Per gli amanti del mare, il Campionato Mondiale di Apnea, a Villefranche Sur Mer, fino al 15 settembre 2019.  <\/p>\n\n\n\n<figure class=\"wp-block-image\"><img decoding=\"async\" width=\"783\" height=\"640\" src=\"https:\/\/chicriviera.com\/wp-content\/uploads\/2019\/09\/31fb89c3-532d-4b25-bd16-f9238322ae01.jpg\" alt=\"\" class=\"wp-image-2254\" srcset=\"https:\/\/chicriviera.com\/wp-content\/uploads\/2019\/09\/31fb89c3-532d-4b25-bd16-f9238322ae01.jpg 783w, https:\/\/chicriviera.com\/wp-content\/uploads\/2019\/09\/31fb89c3-532d-4b25-bd16-f9238322ae01-300x245.jpg 300w, https:\/\/chicriviera.com\/wp-content\/uploads\/2019\/09\/31fb89c3-532d-4b25-bd16-f9238322ae01-768x628.jpg 768w, https:\/\/chicriviera.com\/wp-content\/uploads\/2019\/09\/31fb89c3-532d-4b25-bd16-f9238322ae01-600x490.jpg 600w\" sizes=\"(max-width: 783px) 100vw, 783px\" \/><figcaption>Villefranche Sur Mer<\/figcaption><\/figure>\n\n\n\n<p>Fu nel 1996 che il primo Campionato Mondiale di Apnea AIDA inizi\u00f2 nella baia di Villefranche. Per questa quinta edizione, 3 discipline e i migliori concorrenti sono presenti, con animazioni previste. Programma completo su: https:\/\/villefranche-sur-mer.fr\/programme-complet-du-mondial-aida-2019-a-villefranche-sur-mer\/ <\/p>\n\n\n\n<p>Per chi ama la gastronomia francese, le F\u00eates Gourmandes Escoffier, 14 e 15 settembre 2019 a Villeneuve Loubet : <\/p>\n\n\n\n<figure class=\"wp-block-image\"><img decoding=\"async\" width=\"861\" height=\"640\" src=\"https:\/\/chicriviera.com\/wp-content\/uploads\/2019\/09\/559501ff-1dec-4e4e-8438-3430562bfde6.jpg\" alt=\"\" class=\"wp-image-2278\" srcset=\"https:\/\/chicriviera.com\/wp-content\/uploads\/2019\/09\/559501ff-1dec-4e4e-8438-3430562bfde6.jpg 861w, https:\/\/chicriviera.com\/wp-content\/uploads\/2019\/09\/559501ff-1dec-4e4e-8438-3430562bfde6-300x223.jpg 300w, https:\/\/chicriviera.com\/wp-content\/uploads\/2019\/09\/559501ff-1dec-4e4e-8438-3430562bfde6-768x571.jpg 768w, https:\/\/chicriviera.com\/wp-content\/uploads\/2019\/09\/559501ff-1dec-4e4e-8438-3430562bfde6-600x446.jpg 600w\" sizes=\"(max-width: 861px) 100vw, 861px\" \/><figcaption>Villeneuve Loubet <\/figcaption><\/figure>\n\n\n\n<p>Nella citt\u00e0 dove nacque il grande chef Auguste Escoffier, i pi\u00f9 grandi chef e artisti rinomati si riuniscono per questo evento originale e gustoso. Sullo stesso palco, creeranno alcune delle loro migliori ricette intorno a temi selezionati sotto gli occhi deliziati del pubblico. Per maggiori informazioni: http:\/\/villeneuveloubet.fr\/wp-content\/uploads\/2019\/08\/NEW_PROG-FGE-2019.pdf<\/p>\n\n\n\n<p>Per gli amanti della musica classica, il Beaulieu Classic Festival, dal 14 al 21 settembre 2019: <\/p>\n\n\n\n<figure class=\"wp-block-image\"><img decoding=\"async\" width=\"2048\" height=\"1364\" src=\"https:\/\/chicriviera.com\/wp-content\/uploads\/2019\/09\/dd84e86e-1967-495c-969b-205f7df86f56.jpg\" alt=\"\" class=\"wp-image-2283\" srcset=\"https:\/\/chicriviera.com\/wp-content\/uploads\/2019\/09\/dd84e86e-1967-495c-969b-205f7df86f56.jpg 2048w, https:\/\/chicriviera.com\/wp-content\/uploads\/2019\/09\/dd84e86e-1967-495c-969b-205f7df86f56-300x200.jpg 300w, https:\/\/chicriviera.com\/wp-content\/uploads\/2019\/09\/dd84e86e-1967-495c-969b-205f7df86f56-768x512.jpg 768w, https:\/\/chicriviera.com\/wp-content\/uploads\/2019\/09\/dd84e86e-1967-495c-969b-205f7df86f56-1024x682.jpg 1024w, https:\/\/chicriviera.com\/wp-content\/uploads\/2019\/09\/dd84e86e-1967-495c-969b-205f7df86f56-600x400.jpg 600w, https:\/\/chicriviera.com\/wp-content\/uploads\/2019\/09\/dd84e86e-1967-495c-969b-205f7df86f56-1320x879.jpg 1320w\" sizes=\"(max-width: 2048px) 100vw, 2048px\" \/><figcaption>Beaulieu-Sur-Mer<\/figcaption><\/figure>\n\n\n\n<p>Durante 8 giorni, questo festival vi offre eccezionali concerti di musica classica nei luoghi pi\u00f9 belli della citt\u00e0, per scoprire il patrimonio di Berlugan. Il programma: https:\/\/www.beaulieuclassicfestival.com\/wp-content\/uploads\/2019\/08\/BEAULIEU-CLASSIC-FESTIVAL-2019.pdf<\/p>\n\n\n\n<p>Per chi ama le auto e le moto d'epoca, Saint-Jean-Cap-Ferrat Prestige, 21 e 22 settembre 2019. <\/p>\n\n\n\n<figure class=\"wp-block-image\"><img decoding=\"async\" width=\"1242\" height=\"1552\" src=\"https:\/\/chicriviera.com\/wp-content\/uploads\/2019\/09\/58470ea1-5af4-4f6a-8bfd-1bf91059f006.jpg\" alt=\"\" class=\"wp-image-2258\" srcset=\"https:\/\/chicriviera.com\/wp-content\/uploads\/2019\/09\/58470ea1-5af4-4f6a-8bfd-1bf91059f006.jpg 1242w, https:\/\/chicriviera.com\/wp-content\/uploads\/2019\/09\/58470ea1-5af4-4f6a-8bfd-1bf91059f006-240x300.jpg 240w, https:\/\/chicriviera.com\/wp-content\/uploads\/2019\/09\/58470ea1-5af4-4f6a-8bfd-1bf91059f006-768x960.jpg 768w, https:\/\/chicriviera.com\/wp-content\/uploads\/2019\/09\/58470ea1-5af4-4f6a-8bfd-1bf91059f006-819x1024.jpg 819w, https:\/\/chicriviera.com\/wp-content\/uploads\/2019\/09\/58470ea1-5af4-4f6a-8bfd-1bf91059f006-600x750.jpg 600w\" sizes=\"(max-width: 1242px) 100vw, 1242px\" \/><figcaption>Saint-Jean-Cap-Ferrat<\/figcaption><\/figure>\n\n\n\n<p>Sul bordo dell'acqua, una sfilata e un concorso di tutti i pi\u00f9 bei veicoli antichi venuti per l'occasione, con animazioni nel villaggio e sulle banchine del porto. Questa sesta edizione \u00e8 posta sotto il segno dell'eleganza maschile. Per il programma completo: https:\/\/www.saintjeancapferrat-tourisme.fr\/event\/saint-jean-cap-ferrat-prestige-2\/<\/p>\n\n\n\n<p>Per gli amanti delle belle vele, Les R\u00e9gates Royales, a Cannes dal 22 al 29 settembre 2019: <\/p>\n\n\n\n<figure class=\"wp-block-image\"><img decoding=\"async\" width=\"1241\" height=\"650\" src=\"https:\/\/chicriviera.com\/wp-content\/uploads\/2019\/09\/57a12106-23f4-4455-96c6-2f4aa0a9583c.jpg\" alt=\"\" class=\"wp-image-2264\" srcset=\"https:\/\/chicriviera.com\/wp-content\/uploads\/2019\/09\/57a12106-23f4-4455-96c6-2f4aa0a9583c.jpg 1241w, https:\/\/chicriviera.com\/wp-content\/uploads\/2019\/09\/57a12106-23f4-4455-96c6-2f4aa0a9583c-300x157.jpg 300w, https:\/\/chicriviera.com\/wp-content\/uploads\/2019\/09\/57a12106-23f4-4455-96c6-2f4aa0a9583c-768x402.jpg 768w, https:\/\/chicriviera.com\/wp-content\/uploads\/2019\/09\/57a12106-23f4-4455-96c6-2f4aa0a9583c-1024x536.jpg 1024w, https:\/\/chicriviera.com\/wp-content\/uploads\/2019\/09\/57a12106-23f4-4455-96c6-2f4aa0a9583c-600x314.jpg 600w\" sizes=\"(max-width: 1241px) 100vw, 1241px\" \/><figcaption>La Regata Reale<\/figcaption><\/figure>\n\n\n\n<p>Subito dopo il Cannes Yachting Festival, Cannes continua ad onorare il mare e le barche con questa magnifica competizione, che da 43 anni accoglie i pi\u00f9 bei yacht tradizionali del mondo, alcuni dei quali hanno cento anni. Per ulteriori informazioni: http:\/\/www.regatesroyales.com<\/p>\n\n\n\n<p>Per gli appassionati del Principato di Monaco, la Giornata del Patrimonio il 29 settembre 2019: <\/p>\n\n\n\n<figure class=\"wp-block-image\"><img decoding=\"async\" width=\"1065\" height=\"1065\" src=\"https:\/\/chicriviera.com\/wp-content\/uploads\/2019\/09\/f759c250-ba8f-4774-b3c4-112ea8e04093.jpg\" alt=\"\" class=\"wp-image-2273\" srcset=\"https:\/\/chicriviera.com\/wp-content\/uploads\/2019\/09\/f759c250-ba8f-4774-b3c4-112ea8e04093.jpg 1065w, https:\/\/chicriviera.com\/wp-content\/uploads\/2019\/09\/f759c250-ba8f-4774-b3c4-112ea8e04093-150x150.jpg 150w, https:\/\/chicriviera.com\/wp-content\/uploads\/2019\/09\/f759c250-ba8f-4774-b3c4-112ea8e04093-300x300.jpg 300w, https:\/\/chicriviera.com\/wp-content\/uploads\/2019\/09\/f759c250-ba8f-4774-b3c4-112ea8e04093-768x768.jpg 768w, https:\/\/chicriviera.com\/wp-content\/uploads\/2019\/09\/f759c250-ba8f-4774-b3c4-112ea8e04093-1024x1024.jpg 1024w, https:\/\/chicriviera.com\/wp-content\/uploads\/2019\/09\/f759c250-ba8f-4774-b3c4-112ea8e04093-600x600.jpg 600w\" sizes=\"(max-width: 1065px) 100vw, 1065px\" \/><figcaption>Opera di Monte-Carlo <\/figcaption><\/figure>\n\n\n\n<p>Quest'anno, per questa 24esima edizione, potrete visitare pi\u00f9 di 40 siti per celebrare le arti e lo spettacolo nel Principato, come il Circo, il Teatro, i Balletti, luoghi dove i pi\u00f9 grandi artisti hanno lasciato il loro segno. Programma completo: https:\/\/journeepatrimoinemonaco.com<\/p>\n\n\n\n<p>Per gli appassionati di moda, la mostra \"L'Asie R\u00eav\u00e9e\" di Yves Saint Laurent, al Mus\u00e9e D\u00e9partemental Des Arts Asiatiques di Nizza, fino al 6 ottobre 2019: <\/p>\n\n\n\n<figure class=\"wp-block-image\"><img decoding=\"async\" width=\"640\" height=\"640\" src=\"https:\/\/chicriviera.com\/wp-content\/uploads\/2019\/09\/8f2d4081-4b3b-4f80-b762-f0c9b4fef71c.jpg\" alt=\"\" class=\"wp-image-2287\" srcset=\"https:\/\/chicriviera.com\/wp-content\/uploads\/2019\/09\/8f2d4081-4b3b-4f80-b762-f0c9b4fef71c.jpg 640w, https:\/\/chicriviera.com\/wp-content\/uploads\/2019\/09\/8f2d4081-4b3b-4f80-b762-f0c9b4fef71c-150x150.jpg 150w, https:\/\/chicriviera.com\/wp-content\/uploads\/2019\/09\/8f2d4081-4b3b-4f80-b762-f0c9b4fef71c-300x300.jpg 300w, https:\/\/chicriviera.com\/wp-content\/uploads\/2019\/09\/8f2d4081-4b3b-4f80-b762-f0c9b4fef71c-600x600.jpg 600w\" sizes=\"(max-width: 640px) 100vw, 640px\" \/><figcaption>Museo d'arte asiatica <\/figcaption><\/figure>\n\n\n\n<p>La citt\u00e0 di Nizza \u00e8 stata scelta dal Museo Yves Saint Laurent (situato nella vecchia casa dello stilista a Parigi) per la sua prima mostra temporanea tematica. Gli abiti e i gioielli tradizionali dello stilista vi aiuteranno a capire la carriera dell'artista. Ulteriori informazioni: https:\/\/maa.departement06.fr\/agenda\/agenda-13390\/l-asie-revee-d-yves-saint-laurent-30882.html?cHash=a82cc9d8789eddb07fc70ba1586f7e30<\/p>","protected":false},"excerpt":{"rendered":"<p>Pour les amoureux de la mer, le Championnat Mondial d\u2019Apn\u00e9e, \u00e0 Villefranche Sur Mer, jusqu\u2019au 15 Septembre 2019. C\u2019est en 1996 que le premier Championnat du Monde d\u2019Apn\u00e9e AIDA d\u00e9bute dans la rade de Villefranche. Pour cette 5 \u00e8me \u00e9dition, 3 disciplines et les meilleurs comp\u00e9titeurs sont pr\u00e9sent, avec des animations pr\u00e9vues. Programme complet sur [&hellip;]<\/p>\n","protected":false},"author":2,"featured_media":2293,"comment_status":"open","ping_status":"closed","sticky":false,"template":"","format":"standard","meta":{"_genesis_hide_title":false,"_genesis_hide_breadcrumbs":false,"_genesis_hide_singular_image":false,"_genesis_hide_footer_widgets":false,"_genesis_custom_body_class":"","_genesis_custom_post_class":"","_genesis_layout":"","footnotes":""},"categories":[27,29,18],"tags":[],"class_list":{"0":"post-2252","1":"post","2":"type-post","3":"status-publish","4":"format-standard","5":"has-post-thumbnail","7":"category-activites","8":"category-evenements","9":"category-sortir","10":"entry"},"yoast_head":"<!-- This site is optimized with the Yoast SEO plugin v27.1.1 - https:\/\/yoast.com\/product\/yoast-seo-wordpress\/ -->\n<title>\u00c0 ne pas rater en Septembre sur la C\u00f4te d\u2019Azur - Chic Riviera<\/title>\n<meta name=\"robots\" content=\"index, follow, max-snippet:-1, max-image-preview:large, max-video-preview:-1\" \/>\n<link rel=\"canonical\" href=\"https:\/\/chicriviera.com\/it\/es\/2019\/09\/10\/no-se-pierda-en-septiembre-en-el-cote-dazur\/\" \/>\n<meta property=\"og:locale\" content=\"it_IT\" \/>\n<meta property=\"og:type\" content=\"article\" \/>\n<meta property=\"og:title\" content=\"\u00c0 ne pas rater en Septembre sur la C\u00f4te d\u2019Azur - Chic Riviera\" \/>\n<meta property=\"og:description\" content=\"Pour les amoureux de la mer, le Championnat Mondial d\u2019Apn\u00e9e, \u00e0 Villefranche Sur Mer, jusqu\u2019au 15 Septembre 2019. C\u2019est en 1996 que le premier Championnat du Monde d\u2019Apn\u00e9e AIDA d\u00e9bute dans la rade de Villefranche. Pour cette 5 \u00e8me \u00e9dition, 3 disciplines et les meilleurs comp\u00e9titeurs sont pr\u00e9sent, avec des animations pr\u00e9vues. Programme complet sur [&hellip;]\" \/>\n<meta property=\"og:url\" content=\"https:\/\/chicriviera.com\/it\/es\/2019\/09\/10\/no-se-pierda-en-septiembre-en-el-cote-dazur\/\" \/>\n<meta property=\"og:site_name\" content=\"Chic Riviera\" \/>\n<meta property=\"article:publisher\" content=\"https:\/\/www.facebook.com\/ChicRivieracom\/\" \/>\n<meta property=\"article:published_time\" content=\"2019-09-10T12:04:46+00:00\" \/>\n<meta property=\"article:modified_time\" content=\"2019-09-10T12:43:44+00:00\" \/>\n<meta property=\"og:image\" content=\"https:\/\/chicriviera.com\/wp-content\/uploads\/2019\/09\/fac8bd64-bc05-4fdf-8f5c-cfe01ff4b59a-1.jpg\" \/>\n\t<meta property=\"og:image:width\" content=\"993\" \/>\n\t<meta property=\"og:image:height\" content=\"1238\" \/>\n\t<meta property=\"og:image:type\" content=\"image\/jpeg\" \/>\n<meta name=\"author\" content=\"Alex\" \/>\n<meta name=\"twitter:card\" content=\"summary_large_image\" \/>\n<meta name=\"twitter:creator\" content=\"@Chic_Riviera\" \/>\n<meta name=\"twitter:site\" content=\"@Chic_Riviera\" \/>\n<meta name=\"twitter:label1\" content=\"Scritto da\" \/>\n\t<meta name=\"twitter:data1\" content=\"Alex\" \/>\n\t<meta name=\"twitter:label2\" content=\"Tempo di lettura stimato\" \/>\n\t<meta name=\"twitter:data2\" content=\"3 minuti\" \/>\n<script type=\"application\/ld+json\" class=\"yoast-schema-graph\">{\"@context\":\"https:\/\/schema.org\",\"@graph\":[{\"@type\":\"Article\",\"@id\":\"https:\/\/chicriviera.com\/es\/2019\/09\/10\/no-se-pierda-en-septiembre-en-el-cote-dazur\/#article\",\"isPartOf\":{\"@id\":\"https:\/\/chicriviera.com\/es\/2019\/09\/10\/no-se-pierda-en-septiembre-en-el-cote-dazur\/\"},\"author\":{\"name\":\"Alex\",\"@id\":\"https:\/\/chicriviera.com\/es\/#\/schema\/person\/c563ec1d9481b6d038092938cde95a4b\"},\"headline\":\"\u00c0 ne pas rater en Septembre sur la C\u00f4te d\u2019Azur\",\"datePublished\":\"2019-09-10T12:04:46+00:00\",\"dateModified\":\"2019-09-10T12:43:44+00:00\",\"mainEntityOfPage\":{\"@id\":\"https:\/\/chicriviera.com\/es\/2019\/09\/10\/no-se-pierda-en-septiembre-en-el-cote-dazur\/\"},\"wordCount\":528,\"commentCount\":0,\"publisher\":{\"@id\":\"https:\/\/chicriviera.com\/es\/#organization\"},\"image\":{\"@id\":\"https:\/\/chicriviera.com\/es\/2019\/09\/10\/no-se-pierda-en-septiembre-en-el-cote-dazur\/#primaryimage\"},\"thumbnailUrl\":\"https:\/\/chicriviera.com\/wp-content\/uploads\/2019\/09\/fac8bd64-bc05-4fdf-8f5c-cfe01ff4b59a-1.jpg\",\"articleSection\":[\"Activit\u00e9s\",\"\u00c9v\u00e9nements\",\"Sortir\"],\"inLanguage\":\"it-IT\",\"potentialAction\":[{\"@type\":\"CommentAction\",\"name\":\"Comment\",\"target\":[\"https:\/\/chicriviera.com\/es\/2019\/09\/10\/no-se-pierda-en-septiembre-en-el-cote-dazur\/#respond\"]}]},{\"@type\":\"WebPage\",\"@id\":\"https:\/\/chicriviera.com\/es\/2019\/09\/10\/no-se-pierda-en-septiembre-en-el-cote-dazur\/\",\"url\":\"https:\/\/chicriviera.com\/es\/2019\/09\/10\/no-se-pierda-en-septiembre-en-el-cote-dazur\/\",\"name\":\"\u00c0 ne pas rater en Septembre sur la C\u00f4te d\u2019Azur - Chic Riviera\",\"isPartOf\":{\"@id\":\"https:\/\/chicriviera.com\/es\/#website\"},\"primaryImageOfPage\":{\"@id\":\"https:\/\/chicriviera.com\/es\/2019\/09\/10\/no-se-pierda-en-septiembre-en-el-cote-dazur\/#primaryimage\"},\"image\":{\"@id\":\"https:\/\/chicriviera.com\/es\/2019\/09\/10\/no-se-pierda-en-septiembre-en-el-cote-dazur\/#primaryimage\"},\"thumbnailUrl\":\"https:\/\/chicriviera.com\/wp-content\/uploads\/2019\/09\/fac8bd64-bc05-4fdf-8f5c-cfe01ff4b59a-1.jpg\",\"datePublished\":\"2019-09-10T12:04:46+00:00\",\"dateModified\":\"2019-09-10T12:43:44+00:00\",\"breadcrumb\":{\"@id\":\"https:\/\/chicriviera.com\/es\/2019\/09\/10\/no-se-pierda-en-septiembre-en-el-cote-dazur\/#breadcrumb\"},\"inLanguage\":\"it-IT\",\"potentialAction\":[{\"@type\":\"ReadAction\",\"target\":[\"https:\/\/chicriviera.com\/es\/2019\/09\/10\/no-se-pierda-en-septiembre-en-el-cote-dazur\/\"]}]},{\"@type\":\"ImageObject\",\"inLanguage\":\"it-IT\",\"@id\":\"https:\/\/chicriviera.com\/es\/2019\/09\/10\/no-se-pierda-en-septiembre-en-el-cote-dazur\/#primaryimage\",\"url\":\"https:\/\/chicriviera.com\/wp-content\/uploads\/2019\/09\/fac8bd64-bc05-4fdf-8f5c-cfe01ff4b59a-1.jpg\",\"contentUrl\":\"https:\/\/chicriviera.com\/wp-content\/uploads\/2019\/09\/fac8bd64-bc05-4fdf-8f5c-cfe01ff4b59a-1.jpg\",\"width\":993,\"height\":1238},{\"@type\":\"BreadcrumbList\",\"@id\":\"https:\/\/chicriviera.com\/es\/2019\/09\/10\/no-se-pierda-en-septiembre-en-el-cote-dazur\/#breadcrumb\",\"itemListElement\":[{\"@type\":\"ListItem\",\"position\":1,\"name\":\"Accueil\",\"item\":\"https:\/\/chicriviera.com\/\"},{\"@type\":\"ListItem\",\"position\":2,\"name\":\"\u00c0 ne pas rater en Septembre sur la C\u00f4te d\u2019Azur\"}]},{\"@type\":\"WebSite\",\"@id\":\"https:\/\/chicriviera.com\/es\/#website\",\"url\":\"https:\/\/chicriviera.com\/es\/\",\"name\":\"Chic Riviera\",\"description\":\"Le meilleur de la C\u00f4te d&#039;Azur : Restaurants, Plages, Sorties\",\"publisher\":{\"@id\":\"https:\/\/chicriviera.com\/es\/#organization\"},\"potentialAction\":[{\"@type\":\"SearchAction\",\"target\":{\"@type\":\"EntryPoint\",\"urlTemplate\":\"https:\/\/chicriviera.com\/es\/?s={search_term_string}\"},\"query-input\":{\"@type\":\"PropertyValueSpecification\",\"valueRequired\":true,\"valueName\":\"search_term_string\"}}],\"inLanguage\":\"it-IT\"},{\"@type\":\"Organization\",\"@id\":\"https:\/\/chicriviera.com\/es\/#organization\",\"name\":\"Chic Riviera\",\"url\":\"https:\/\/chicriviera.com\/es\/\",\"logo\":{\"@type\":\"ImageObject\",\"inLanguage\":\"it-IT\",\"@id\":\"https:\/\/chicriviera.com\/es\/#\/schema\/logo\/image\/\",\"url\":\"https:\/\/chicriviera.com\/wp-content\/uploads\/2019\/03\/cropped-crfavicon.png\",\"contentUrl\":\"https:\/\/chicriviera.com\/wp-content\/uploads\/2019\/03\/cropped-crfavicon.png\",\"width\":512,\"height\":512,\"caption\":\"Chic Riviera\"},\"image\":{\"@id\":\"https:\/\/chicriviera.com\/es\/#\/schema\/logo\/image\/\"},\"sameAs\":[\"https:\/\/www.facebook.com\/ChicRivieracom\/\",\"https:\/\/x.com\/Chic_Riviera\",\"https:\/\/www.instagram.com\/chicriviera\/\"]},{\"@type\":\"Person\",\"@id\":\"https:\/\/chicriviera.com\/es\/#\/schema\/person\/c563ec1d9481b6d038092938cde95a4b\",\"name\":\"Alex\",\"image\":{\"@type\":\"ImageObject\",\"inLanguage\":\"it-IT\",\"@id\":\"https:\/\/chicriviera.com\/es\/#\/schema\/person\/image\/\",\"url\":\"https:\/\/secure.gravatar.com\/avatar\/0bb721c49cd74f5b36020571509cc39351075de1991c6145cdbecbab8cf22c82?s=96&d=mm&r=g\",\"contentUrl\":\"https:\/\/secure.gravatar.com\/avatar\/0bb721c49cd74f5b36020571509cc39351075de1991c6145cdbecbab8cf22c82?s=96&d=mm&r=g\",\"caption\":\"Alex\"},\"url\":\"https:\/\/chicriviera.com\/it\/author\/alexben\/\"}]}<\/script>\n<!-- \/ Yoast SEO plugin. -->","yoast_head_json":{"title":"Da non perdere in Costa Azzurra a settembre - Chic Riviera","robots":{"index":"index","follow":"follow","max-snippet":"max-snippet:-1","max-image-preview":"max-image-preview:large","max-video-preview":"max-video-preview:-1"},"canonical":"https:\/\/chicriviera.com\/it\/es\/2019\/09\/10\/no-se-pierda-en-septiembre-en-el-cote-dazur\/","og_locale":"it_IT","og_type":"article","og_title":"\u00c0 ne pas rater en Septembre sur la C\u00f4te d\u2019Azur - Chic Riviera","og_description":"Pour les amoureux de la mer, le Championnat Mondial d\u2019Apn\u00e9e, \u00e0 Villefranche Sur Mer, jusqu\u2019au 15 Septembre 2019. C\u2019est en 1996 que le premier Championnat du Monde d\u2019Apn\u00e9e AIDA d\u00e9bute dans la rade de Villefranche. Pour cette 5 \u00e8me \u00e9dition, 3 disciplines et les meilleurs comp\u00e9titeurs sont pr\u00e9sent, avec des animations pr\u00e9vues. Programme complet sur [&hellip;]","og_url":"https:\/\/chicriviera.com\/it\/es\/2019\/09\/10\/no-se-pierda-en-septiembre-en-el-cote-dazur\/","og_site_name":"Chic Riviera","article_publisher":"https:\/\/www.facebook.com\/ChicRivieracom\/","article_published_time":"2019-09-10T12:04:46+00:00","article_modified_time":"2019-09-10T12:43:44+00:00","og_image":[{"width":993,"height":1238,"url":"https:\/\/chicriviera.com\/wp-content\/uploads\/2019\/09\/fac8bd64-bc05-4fdf-8f5c-cfe01ff4b59a-1.jpg","type":"image\/jpeg"}],"author":"Alex","twitter_card":"summary_large_image","twitter_creator":"@Chic_Riviera","twitter_site":"@Chic_Riviera","twitter_misc":{"Scritto da":"Alex","Tempo di lettura stimato":"3 minuti"},"schema":{"@context":"https:\/\/schema.org","@graph":[{"@type":"Article","@id":"https:\/\/chicriviera.com\/es\/2019\/09\/10\/no-se-pierda-en-septiembre-en-el-cote-dazur\/#article","isPartOf":{"@id":"https:\/\/chicriviera.com\/es\/2019\/09\/10\/no-se-pierda-en-septiembre-en-el-cote-dazur\/"},"author":{"name":"Alex","@id":"https:\/\/chicriviera.com\/es\/#\/schema\/person\/c563ec1d9481b6d038092938cde95a4b"},"headline":"\u00c0 ne pas rater en Septembre sur la C\u00f4te d\u2019Azur","datePublished":"2019-09-10T12:04:46+00:00","dateModified":"2019-09-10T12:43:44+00:00","mainEntityOfPage":{"@id":"https:\/\/chicriviera.com\/es\/2019\/09\/10\/no-se-pierda-en-septiembre-en-el-cote-dazur\/"},"wordCount":528,"commentCount":0,"publisher":{"@id":"https:\/\/chicriviera.com\/es\/#organization"},"image":{"@id":"https:\/\/chicriviera.com\/es\/2019\/09\/10\/no-se-pierda-en-septiembre-en-el-cote-dazur\/#primaryimage"},"thumbnailUrl":"https:\/\/chicriviera.com\/wp-content\/uploads\/2019\/09\/fac8bd64-bc05-4fdf-8f5c-cfe01ff4b59a-1.jpg","articleSection":["Activit\u00e9s","\u00c9v\u00e9nements","Sortir"],"inLanguage":"it-IT","potentialAction":[{"@type":"CommentAction","name":"Comment","target":["https:\/\/chicriviera.com\/es\/2019\/09\/10\/no-se-pierda-en-septiembre-en-el-cote-dazur\/#respond"]}]},{"@type":"WebPage","@id":"https:\/\/chicriviera.com\/es\/2019\/09\/10\/no-se-pierda-en-septiembre-en-el-cote-dazur\/","url":"https:\/\/chicriviera.com\/es\/2019\/09\/10\/no-se-pierda-en-septiembre-en-el-cote-dazur\/","name":"Da non perdere in Costa Azzurra a settembre - Chic Riviera","isPartOf":{"@id":"https:\/\/chicriviera.com\/es\/#website"},"primaryImageOfPage":{"@id":"https:\/\/chicriviera.com\/es\/2019\/09\/10\/no-se-pierda-en-septiembre-en-el-cote-dazur\/#primaryimage"},"image":{"@id":"https:\/\/chicriviera.com\/es\/2019\/09\/10\/no-se-pierda-en-septiembre-en-el-cote-dazur\/#primaryimage"},"thumbnailUrl":"https:\/\/chicriviera.com\/wp-content\/uploads\/2019\/09\/fac8bd64-bc05-4fdf-8f5c-cfe01ff4b59a-1.jpg","datePublished":"2019-09-10T12:04:46+00:00","dateModified":"2019-09-10T12:43:44+00:00","breadcrumb":{"@id":"https:\/\/chicriviera.com\/es\/2019\/09\/10\/no-se-pierda-en-septiembre-en-el-cote-dazur\/#breadcrumb"},"inLanguage":"it-IT","potentialAction":[{"@type":"ReadAction","target":["https:\/\/chicriviera.com\/es\/2019\/09\/10\/no-se-pierda-en-septiembre-en-el-cote-dazur\/"]}]},{"@type":"ImageObject","inLanguage":"it-IT","@id":"https:\/\/chicriviera.com\/es\/2019\/09\/10\/no-se-pierda-en-septiembre-en-el-cote-dazur\/#primaryimage","url":"https:\/\/chicriviera.com\/wp-content\/uploads\/2019\/09\/fac8bd64-bc05-4fdf-8f5c-cfe01ff4b59a-1.jpg","contentUrl":"https:\/\/chicriviera.com\/wp-content\/uploads\/2019\/09\/fac8bd64-bc05-4fdf-8f5c-cfe01ff4b59a-1.jpg","width":993,"height":1238},{"@type":"BreadcrumbList","@id":"https:\/\/chicriviera.com\/es\/2019\/09\/10\/no-se-pierda-en-septiembre-en-el-cote-dazur\/#breadcrumb","itemListElement":[{"@type":"ListItem","position":1,"name":"Accueil","item":"https:\/\/chicriviera.com\/"},{"@type":"ListItem","position":2,"name":"\u00c0 ne pas rater en Septembre sur la C\u00f4te d\u2019Azur"}]},{"@type":"WebSite","@id":"https:\/\/chicriviera.com\/es\/#website","url":"https:\/\/chicriviera.com\/es\/","name":"Chic Riviera","description":"Il meglio della Costa Azzurra : Ristoranti, spiagge, gite","publisher":{"@id":"https:\/\/chicriviera.com\/es\/#organization"},"potentialAction":[{"@type":"SearchAction","target":{"@type":"EntryPoint","urlTemplate":"https:\/\/chicriviera.com\/es\/?s={search_term_string}"},"query-input":{"@type":"PropertyValueSpecification","valueRequired":true,"valueName":"search_term_string"}}],"inLanguage":"it-IT"},{"@type":"Organization","@id":"https:\/\/chicriviera.com\/es\/#organization","name":"Chic Riviera","url":"https:\/\/chicriviera.com\/es\/","logo":{"@type":"ImageObject","inLanguage":"it-IT","@id":"https:\/\/chicriviera.com\/es\/#\/schema\/logo\/image\/","url":"https:\/\/chicriviera.com\/wp-content\/uploads\/2019\/03\/cropped-crfavicon.png","contentUrl":"https:\/\/chicriviera.com\/wp-content\/uploads\/2019\/03\/cropped-crfavicon.png","width":512,"height":512,"caption":"Chic Riviera"},"image":{"@id":"https:\/\/chicriviera.com\/es\/#\/schema\/logo\/image\/"},"sameAs":["https:\/\/www.facebook.com\/ChicRivieracom\/","https:\/\/x.com\/Chic_Riviera","https:\/\/www.instagram.com\/chicriviera\/"]},{"@type":"Person","@id":"https:\/\/chicriviera.com\/es\/#\/schema\/person\/c563ec1d9481b6d038092938cde95a4b","name":"Alex","image":{"@type":"ImageObject","inLanguage":"it-IT","@id":"https:\/\/chicriviera.com\/es\/#\/schema\/person\/image\/","url":"https:\/\/secure.gravatar.com\/avatar\/0bb721c49cd74f5b36020571509cc39351075de1991c6145cdbecbab8cf22c82?s=96&d=mm&r=g","contentUrl":"https:\/\/secure.gravatar.com\/avatar\/0bb721c49cd74f5b36020571509cc39351075de1991c6145cdbecbab8cf22c82?s=96&d=mm&r=g","caption":"Alex"},"url":"https:\/\/chicriviera.com\/it\/author\/alexben\/"}]}},"_links":{"self":[{"href":"https:\/\/chicriviera.com\/it\/wp-json\/wp\/v2\/posts\/2252","targetHints":{"allow":["GET"]}}],"collection":[{"href":"https:\/\/chicriviera.com\/it\/wp-json\/wp\/v2\/posts"}],"about":[{"href":"https:\/\/chicriviera.com\/it\/wp-json\/wp\/v2\/types\/post"}],"author":[{"embeddable":true,"href":"https:\/\/chicriviera.com\/it\/wp-json\/wp\/v2\/users\/2"}],"replies":[{"embeddable":true,"href":"https:\/\/chicriviera.com\/it\/wp-json\/wp\/v2\/comments?post=2252"}],"version-history":[{"count":35,"href":"https:\/\/chicriviera.com\/it\/wp-json\/wp\/v2\/posts\/2252\/revisions"}],"predecessor-version":[{"id":2296,"href":"https:\/\/chicriviera.com\/it\/wp-json\/wp\/v2\/posts\/2252\/revisions\/2296"}],"wp:featuredmedia":[{"embeddable":true,"href":"https:\/\/chicriviera.com\/it\/wp-json\/wp\/v2\/media\/2293"}],"wp:attachment":[{"href":"https:\/\/chicriviera.com\/it\/wp-json\/wp\/v2\/media?parent=2252"}],"wp:term":[{"taxonomy":"category","embeddable":true,"href":"https:\/\/chicriviera.com\/it\/wp-json\/wp\/v2\/categories?post=2252"},{"taxonomy":"post_tag","embeddable":true,"href":"https:\/\/chicriviera.com\/it\/wp-json\/wp\/v2\/tags?post=2252"}],"curies":[{"name":"wp","href":"https:\/\/api.w.org\/{rel}","templated":true}]}}