{"id":2114,"date":"2019-09-07T15:32:48","date_gmt":"2019-09-07T13:32:48","guid":{"rendered":"https:\/\/chicriviera.com\/?p=2114"},"modified":"2019-09-07T17:45:40","modified_gmt":"2019-09-07T15:45:40","slug":"philippe-berry-nous-a-quitte-ses-oeuvres-sur-la-cote-dazur","status":"publish","type":"post","link":"https:\/\/chicriviera.com\/it\/2019\/09\/07\/philippe-berry-nous-a-quitte-ses-oeuvres-sur-la-cote-dazur\/","title":{"rendered":"Philippe Berry \u00e8 andato alle stelle, ma ci ha lasciato le sue opere sulla Costa Azzurra."},"content":{"rendered":"<p>\u00c8 con grande tristezza che abbiamo appreso questa mattina della morte dello scultore e pittore di grande talento Philippe Berry, fratello di Richard Berry e padre di Marilou e Rudy.<\/p>\n\n\n\n<figure class=\"wp-block-image\"><img decoding=\"async\" width=\"1242\" height=\"1538\" src=\"https:\/\/chicriviera.com\/wp-content\/uploads\/2019\/09\/a5a4fb2b-2ec1-4af4-9242-b2447fc91afb.jpg\" alt=\"\" class=\"wp-image-2136\" srcset=\"https:\/\/chicriviera.com\/wp-content\/uploads\/2019\/09\/a5a4fb2b-2ec1-4af4-9242-b2447fc91afb.jpg 1242w, https:\/\/chicriviera.com\/wp-content\/uploads\/2019\/09\/a5a4fb2b-2ec1-4af4-9242-b2447fc91afb-242x300.jpg 242w, https:\/\/chicriviera.com\/wp-content\/uploads\/2019\/09\/a5a4fb2b-2ec1-4af4-9242-b2447fc91afb-768x951.jpg 768w, https:\/\/chicriviera.com\/wp-content\/uploads\/2019\/09\/a5a4fb2b-2ec1-4af4-9242-b2447fc91afb-827x1024.jpg 827w, https:\/\/chicriviera.com\/wp-content\/uploads\/2019\/09\/a5a4fb2b-2ec1-4af4-9242-b2447fc91afb-600x743.jpg 600w\" sizes=\"(max-width: 1242px) 100vw, 1242px\" \/><\/figure>\n\n\n\n<p>Philippe, ci ha lasciato all'et\u00e0 di 63 anni, troppo presto... aveva iniziato la sua vita professionale come grafico, poi come impaginatore e direttore di agenzia pubblicitaria. <\/p>\n\n\n\n<p>Sposato con Josiane Balasko, ha anche disegnato il manifesto della Nuit d'Ivresse, ha lavorato regolarmente con il cinema ma anche con il teatro creando delle scenografie. <\/p>\n\n\n\n<p>Nel 1984, oltre alle sue attivit\u00e0, ha iniziato a dipingere, per poi passare alla scultura quattro anni dopo. <\/p>\n\n\n\n<p>In un'intervista rilasciata nel 2012, Philippe spiega che attraverso il suo lavoro ha cercato inizialmente di sapere chi fosse \"per trovare me stesso\", e si descrive anche come una persona atipica. <\/p>\n\n\n\n<figure class=\"wp-block-image\"><img decoding=\"async\" width=\"974\" height=\"974\" src=\"https:\/\/chicriviera.com\/wp-content\/uploads\/2019\/09\/4e4aaf93-4cbc-44e5-bc66-023829cb616c.jpg\" alt=\"\" class=\"wp-image-2144\" srcset=\"https:\/\/chicriviera.com\/wp-content\/uploads\/2019\/09\/4e4aaf93-4cbc-44e5-bc66-023829cb616c.jpg 974w, https:\/\/chicriviera.com\/wp-content\/uploads\/2019\/09\/4e4aaf93-4cbc-44e5-bc66-023829cb616c-150x150.jpg 150w, https:\/\/chicriviera.com\/wp-content\/uploads\/2019\/09\/4e4aaf93-4cbc-44e5-bc66-023829cb616c-300x300.jpg 300w, https:\/\/chicriviera.com\/wp-content\/uploads\/2019\/09\/4e4aaf93-4cbc-44e5-bc66-023829cb616c-768x768.jpg 768w, https:\/\/chicriviera.com\/wp-content\/uploads\/2019\/09\/4e4aaf93-4cbc-44e5-bc66-023829cb616c-600x600.jpg 600w\" sizes=\"(max-width: 974px) 100vw, 974px\" \/><figcaption>I 3 palloni che si possono attualmente vedere a Mougins <\/figcaption><\/figure>\n\n\n\n<p>La sua ispirazione: l'infanzia, non per nostalgia ma per gioco e desiderio... il desiderio di un gioco, di un giocattolo... il piacere e la gioia che ne deriva. Si sente attraverso le sue opere che il tema dell'infanzia \u00e8 intrinsecamente legato allo sfondo del suo concetto. <\/p>\n\n\n\n<p>Sulla Costa Azzurra attualmente:<\/p>\n\n\n\n<p>-La Galleria Gabel di Biot espone il lavoro dell'artista. <\/p>\n\n\n\n<figure class=\"wp-block-image\"><img decoding=\"async\" width=\"1242\" height=\"1552\" src=\"https:\/\/chicriviera.com\/wp-content\/uploads\/2019\/09\/ff88b943-fcfa-498d-8503-5bf48b7c3a82-1.jpg\" alt=\"\" class=\"wp-image-2148\" srcset=\"https:\/\/chicriviera.com\/wp-content\/uploads\/2019\/09\/ff88b943-fcfa-498d-8503-5bf48b7c3a82-1.jpg 1242w, https:\/\/chicriviera.com\/wp-content\/uploads\/2019\/09\/ff88b943-fcfa-498d-8503-5bf48b7c3a82-1-240x300.jpg 240w, https:\/\/chicriviera.com\/wp-content\/uploads\/2019\/09\/ff88b943-fcfa-498d-8503-5bf48b7c3a82-1-768x960.jpg 768w, https:\/\/chicriviera.com\/wp-content\/uploads\/2019\/09\/ff88b943-fcfa-498d-8503-5bf48b7c3a82-1-819x1024.jpg 819w, https:\/\/chicriviera.com\/wp-content\/uploads\/2019\/09\/ff88b943-fcfa-498d-8503-5bf48b7c3a82-1-600x750.jpg 600w\" sizes=\"(max-width: 1242px) 100vw, 1242px\" \/><figcaption>L'elefante, Galleria Gabel<\/figcaption><\/figure>\n\n\n\n<p>- A Mougins, la mostra Monumental 2019, fino al 15 settembre 2019, dove potrete ammirare gli elefanti di Philippe Berry che fanno l'equilibrista all'ingresso della Place des Patriotes. <\/p>\n\n\n\n<figure class=\"wp-block-image\"><img decoding=\"async\" width=\"1242\" height=\"1250\" src=\"https:\/\/chicriviera.com\/wp-content\/uploads\/2019\/09\/dee7c3d7-5dd8-4d1e-8cfa-d9d6390eb868.jpg\" alt=\"\" class=\"wp-image-2140\" srcset=\"https:\/\/chicriviera.com\/wp-content\/uploads\/2019\/09\/dee7c3d7-5dd8-4d1e-8cfa-d9d6390eb868.jpg 1242w, https:\/\/chicriviera.com\/wp-content\/uploads\/2019\/09\/dee7c3d7-5dd8-4d1e-8cfa-d9d6390eb868-150x150.jpg 150w, https:\/\/chicriviera.com\/wp-content\/uploads\/2019\/09\/dee7c3d7-5dd8-4d1e-8cfa-d9d6390eb868-298x300.jpg 298w, https:\/\/chicriviera.com\/wp-content\/uploads\/2019\/09\/dee7c3d7-5dd8-4d1e-8cfa-d9d6390eb868-768x773.jpg 768w, https:\/\/chicriviera.com\/wp-content\/uploads\/2019\/09\/dee7c3d7-5dd8-4d1e-8cfa-d9d6390eb868-1017x1024.jpg 1017w, https:\/\/chicriviera.com\/wp-content\/uploads\/2019\/09\/dee7c3d7-5dd8-4d1e-8cfa-d9d6390eb868-600x604.jpg 600w\" sizes=\"(max-width: 1242px) 100vw, 1242px\" \/><figcaption>Elefanti a Mougins <\/figcaption><\/figure>\n\n\n\n<p>Philippe Berry era un uomo di grande sensibilit\u00e0 e filosofia positiva, e rimarr\u00e0 presente attraverso le opere che ci lascia. <\/p>\n\n\n\n<p>Offriamo le nostre condoglianze alla sua famiglia. <\/p>\n\n\n\n<p>Addio Philippe, e grazie.<\/p>\n\n\n\n<figure class=\"wp-block-image\"><img decoding=\"async\" width=\"1242\" height=\"1244\" src=\"https:\/\/chicriviera.com\/wp-content\/uploads\/2019\/09\/f0b8f69b-bd72-4b93-b9e2-c18e9ae9dced.jpg\" alt=\"\" class=\"wp-image-2138\" srcset=\"https:\/\/chicriviera.com\/wp-content\/uploads\/2019\/09\/f0b8f69b-bd72-4b93-b9e2-c18e9ae9dced.jpg 1242w, https:\/\/chicriviera.com\/wp-content\/uploads\/2019\/09\/f0b8f69b-bd72-4b93-b9e2-c18e9ae9dced-150x150.jpg 150w, https:\/\/chicriviera.com\/wp-content\/uploads\/2019\/09\/f0b8f69b-bd72-4b93-b9e2-c18e9ae9dced-300x300.jpg 300w, https:\/\/chicriviera.com\/wp-content\/uploads\/2019\/09\/f0b8f69b-bd72-4b93-b9e2-c18e9ae9dced-768x769.jpg 768w, https:\/\/chicriviera.com\/wp-content\/uploads\/2019\/09\/f0b8f69b-bd72-4b93-b9e2-c18e9ae9dced-1022x1024.jpg 1022w, https:\/\/chicriviera.com\/wp-content\/uploads\/2019\/09\/f0b8f69b-bd72-4b93-b9e2-c18e9ae9dced-600x601.jpg 600w\" sizes=\"(max-width: 1242px) 100vw, 1242px\" \/><figcaption>Elefanti di notte...<\/figcaption><\/figure>","protected":false},"excerpt":{"rendered":"<p>C\u2019est avec une immense tristesse qu\u2019on apprenait ce matin la mort du tr\u00e8s talentueux sculpteur et peintre Philippe Berry, fr\u00e8re de Richard Berry et papa de Marilou et Rudy. Philippe, nous a quitt\u00e9 \u00e0 l\u2019\u00e2ge de 63 ans, beaucoup trop t\u00f4t.. il avait commenc\u00e9 sa vie professionnelle comme graphiste, puis maquettiste et directeur d\u2019agences de [&hellip;]<\/p>\n","protected":false},"author":2,"featured_media":2156,"comment_status":"open","ping_status":"closed","sticky":false,"template":"","format":"standard","meta":{"_genesis_hide_title":false,"_genesis_hide_breadcrumbs":false,"_genesis_hide_singular_image":false,"_genesis_hide_footer_widgets":false,"_genesis_custom_body_class":"","_genesis_custom_post_class":"","_genesis_layout":"","footnotes":""},"categories":[29,18],"tags":[],"class_list":{"0":"post-2114","1":"post","2":"type-post","3":"status-publish","4":"format-standard","5":"has-post-thumbnail","7":"category-evenements","8":"category-sortir","9":"entry"},"yoast_head":"<!-- This site is optimized with the Yoast SEO plugin v27.1.1 - https:\/\/yoast.com\/product\/yoast-seo-wordpress\/ -->\n<title>Philippe Berry est parti rejoindre les \u00e9toiles, mais nous a laiss\u00e9 ses \u0153uvres sur la C\u00f4te d\u2019Azur.. - Chic Riviera<\/title>\n<meta name=\"robots\" content=\"index, follow, max-snippet:-1, max-image-preview:large, max-video-preview:-1\" \/>\n<link rel=\"canonical\" href=\"https:\/\/chicriviera.com\/it\/2019\/09\/07\/philippe-berry-we-are-quite-working-on-the-cote-dazur\/\" \/>\n<meta property=\"og:locale\" content=\"it_IT\" \/>\n<meta property=\"og:type\" content=\"article\" \/>\n<meta property=\"og:title\" content=\"Philippe Berry est parti rejoindre les \u00e9toiles, mais nous a laiss\u00e9 ses \u0153uvres sur la C\u00f4te d\u2019Azur.. - Chic Riviera\" \/>\n<meta property=\"og:description\" content=\"C\u2019est avec une immense tristesse qu\u2019on apprenait ce matin la mort du tr\u00e8s talentueux sculpteur et peintre Philippe Berry, fr\u00e8re de Richard Berry et papa de Marilou et Rudy. Philippe, nous a quitt\u00e9 \u00e0 l\u2019\u00e2ge de 63 ans, beaucoup trop t\u00f4t.. il avait commenc\u00e9 sa vie professionnelle comme graphiste, puis maquettiste et directeur d\u2019agences de [&hellip;]\" \/>\n<meta property=\"og:url\" content=\"https:\/\/chicriviera.com\/it\/2019\/09\/07\/philippe-berry-we-are-quite-working-on-the-cote-dazur\/\" \/>\n<meta property=\"og:site_name\" content=\"Chic Riviera\" \/>\n<meta property=\"article:publisher\" content=\"https:\/\/www.facebook.com\/ChicRivieracom\/\" \/>\n<meta property=\"article:published_time\" content=\"2019-09-07T13:32:48+00:00\" \/>\n<meta property=\"article:modified_time\" content=\"2019-09-07T15:45:40+00:00\" \/>\n<meta property=\"og:image\" content=\"https:\/\/chicriviera.com\/wp-content\/uploads\/2019\/09\/5d8222bd-88ed-4dab-a483-612eefd0a63e-4.jpg\" \/>\n\t<meta property=\"og:image:width\" content=\"1242\" \/>\n\t<meta property=\"og:image:height\" content=\"1246\" \/>\n\t<meta property=\"og:image:type\" content=\"image\/jpeg\" \/>\n<meta name=\"author\" content=\"Alex\" \/>\n<meta name=\"twitter:card\" content=\"summary_large_image\" \/>\n<meta name=\"twitter:creator\" content=\"@Chic_Riviera\" \/>\n<meta name=\"twitter:site\" content=\"@Chic_Riviera\" \/>\n<meta name=\"twitter:label1\" content=\"Scritto da\" \/>\n\t<meta name=\"twitter:data1\" content=\"Alex\" \/>\n\t<meta name=\"twitter:label2\" content=\"Tempo di lettura stimato\" \/>\n\t<meta name=\"twitter:data2\" content=\"2 minuti\" \/>\n<script type=\"application\/ld+json\" class=\"yoast-schema-graph\">{\"@context\":\"https:\/\/schema.org\",\"@graph\":[{\"@type\":\"Article\",\"@id\":\"https:\/\/chicriviera.com\/en\/2019\/09\/07\/philippe-berry-we-are-quite-working-on-the-cote-dazur\/#article\",\"isPartOf\":{\"@id\":\"https:\/\/chicriviera.com\/en\/2019\/09\/07\/philippe-berry-we-are-quite-working-on-the-cote-dazur\/\"},\"author\":{\"name\":\"Alex\",\"@id\":\"https:\/\/chicriviera.com\/es\/#\/schema\/person\/c563ec1d9481b6d038092938cde95a4b\"},\"headline\":\"Philippe Berry est parti rejoindre les \u00e9toiles, mais nous a laiss\u00e9 ses \u0153uvres sur la C\u00f4te d\u2019Azur..\",\"datePublished\":\"2019-09-07T13:32:48+00:00\",\"dateModified\":\"2019-09-07T15:45:40+00:00\",\"mainEntityOfPage\":{\"@id\":\"https:\/\/chicriviera.com\/en\/2019\/09\/07\/philippe-berry-we-are-quite-working-on-the-cote-dazur\/\"},\"wordCount\":342,\"commentCount\":0,\"publisher\":{\"@id\":\"https:\/\/chicriviera.com\/es\/#organization\"},\"image\":{\"@id\":\"https:\/\/chicriviera.com\/en\/2019\/09\/07\/philippe-berry-we-are-quite-working-on-the-cote-dazur\/#primaryimage\"},\"thumbnailUrl\":\"https:\/\/chicriviera.com\/wp-content\/uploads\/2019\/09\/5d8222bd-88ed-4dab-a483-612eefd0a63e-4.jpg\",\"articleSection\":[\"\u00c9v\u00e9nements\",\"Sortir\"],\"inLanguage\":\"it-IT\",\"potentialAction\":[{\"@type\":\"CommentAction\",\"name\":\"Comment\",\"target\":[\"https:\/\/chicriviera.com\/en\/2019\/09\/07\/philippe-berry-we-are-quite-working-on-the-cote-dazur\/#respond\"]}]},{\"@type\":\"WebPage\",\"@id\":\"https:\/\/chicriviera.com\/en\/2019\/09\/07\/philippe-berry-we-are-quite-working-on-the-cote-dazur\/\",\"url\":\"https:\/\/chicriviera.com\/en\/2019\/09\/07\/philippe-berry-we-are-quite-working-on-the-cote-dazur\/\",\"name\":\"Philippe Berry est parti rejoindre les \u00e9toiles, mais nous a laiss\u00e9 ses \u0153uvres sur la C\u00f4te d\u2019Azur.. - Chic Riviera\",\"isPartOf\":{\"@id\":\"https:\/\/chicriviera.com\/es\/#website\"},\"primaryImageOfPage\":{\"@id\":\"https:\/\/chicriviera.com\/en\/2019\/09\/07\/philippe-berry-we-are-quite-working-on-the-cote-dazur\/#primaryimage\"},\"image\":{\"@id\":\"https:\/\/chicriviera.com\/en\/2019\/09\/07\/philippe-berry-we-are-quite-working-on-the-cote-dazur\/#primaryimage\"},\"thumbnailUrl\":\"https:\/\/chicriviera.com\/wp-content\/uploads\/2019\/09\/5d8222bd-88ed-4dab-a483-612eefd0a63e-4.jpg\",\"datePublished\":\"2019-09-07T13:32:48+00:00\",\"dateModified\":\"2019-09-07T15:45:40+00:00\",\"breadcrumb\":{\"@id\":\"https:\/\/chicriviera.com\/en\/2019\/09\/07\/philippe-berry-we-are-quite-working-on-the-cote-dazur\/#breadcrumb\"},\"inLanguage\":\"it-IT\",\"potentialAction\":[{\"@type\":\"ReadAction\",\"target\":[\"https:\/\/chicriviera.com\/en\/2019\/09\/07\/philippe-berry-we-are-quite-working-on-the-cote-dazur\/\"]}]},{\"@type\":\"ImageObject\",\"inLanguage\":\"it-IT\",\"@id\":\"https:\/\/chicriviera.com\/en\/2019\/09\/07\/philippe-berry-we-are-quite-working-on-the-cote-dazur\/#primaryimage\",\"url\":\"https:\/\/chicriviera.com\/wp-content\/uploads\/2019\/09\/5d8222bd-88ed-4dab-a483-612eefd0a63e-4.jpg\",\"contentUrl\":\"https:\/\/chicriviera.com\/wp-content\/uploads\/2019\/09\/5d8222bd-88ed-4dab-a483-612eefd0a63e-4.jpg\",\"width\":1242,\"height\":1246},{\"@type\":\"BreadcrumbList\",\"@id\":\"https:\/\/chicriviera.com\/en\/2019\/09\/07\/philippe-berry-we-are-quite-working-on-the-cote-dazur\/#breadcrumb\",\"itemListElement\":[{\"@type\":\"ListItem\",\"position\":1,\"name\":\"Accueil\",\"item\":\"https:\/\/chicriviera.com\/\"},{\"@type\":\"ListItem\",\"position\":2,\"name\":\"Philippe Berry est parti rejoindre les \u00e9toiles, mais nous a laiss\u00e9 ses \u0153uvres sur la C\u00f4te d\u2019Azur..\"}]},{\"@type\":\"WebSite\",\"@id\":\"https:\/\/chicriviera.com\/es\/#website\",\"url\":\"https:\/\/chicriviera.com\/es\/\",\"name\":\"Chic Riviera\",\"description\":\"Le meilleur de la C\u00f4te d&#039;Azur : Restaurants, Plages, Sorties\",\"publisher\":{\"@id\":\"https:\/\/chicriviera.com\/es\/#organization\"},\"potentialAction\":[{\"@type\":\"SearchAction\",\"target\":{\"@type\":\"EntryPoint\",\"urlTemplate\":\"https:\/\/chicriviera.com\/es\/?s={search_term_string}\"},\"query-input\":{\"@type\":\"PropertyValueSpecification\",\"valueRequired\":true,\"valueName\":\"search_term_string\"}}],\"inLanguage\":\"it-IT\"},{\"@type\":\"Organization\",\"@id\":\"https:\/\/chicriviera.com\/es\/#organization\",\"name\":\"Chic Riviera\",\"url\":\"https:\/\/chicriviera.com\/es\/\",\"logo\":{\"@type\":\"ImageObject\",\"inLanguage\":\"it-IT\",\"@id\":\"https:\/\/chicriviera.com\/es\/#\/schema\/logo\/image\/\",\"url\":\"https:\/\/chicriviera.com\/wp-content\/uploads\/2019\/03\/cropped-crfavicon.png\",\"contentUrl\":\"https:\/\/chicriviera.com\/wp-content\/uploads\/2019\/03\/cropped-crfavicon.png\",\"width\":512,\"height\":512,\"caption\":\"Chic Riviera\"},\"image\":{\"@id\":\"https:\/\/chicriviera.com\/es\/#\/schema\/logo\/image\/\"},\"sameAs\":[\"https:\/\/www.facebook.com\/ChicRivieracom\/\",\"https:\/\/x.com\/Chic_Riviera\",\"https:\/\/www.instagram.com\/chicriviera\/\"]},{\"@type\":\"Person\",\"@id\":\"https:\/\/chicriviera.com\/es\/#\/schema\/person\/c563ec1d9481b6d038092938cde95a4b\",\"name\":\"Alex\",\"image\":{\"@type\":\"ImageObject\",\"inLanguage\":\"it-IT\",\"@id\":\"https:\/\/chicriviera.com\/es\/#\/schema\/person\/image\/\",\"url\":\"https:\/\/secure.gravatar.com\/avatar\/0bb721c49cd74f5b36020571509cc39351075de1991c6145cdbecbab8cf22c82?s=96&d=mm&r=g\",\"contentUrl\":\"https:\/\/secure.gravatar.com\/avatar\/0bb721c49cd74f5b36020571509cc39351075de1991c6145cdbecbab8cf22c82?s=96&d=mm&r=g\",\"caption\":\"Alex\"},\"url\":\"https:\/\/chicriviera.com\/it\/author\/alexben\/\"}]}<\/script>\n<!-- \/ Yoast SEO plugin. -->","yoast_head_json":{"title":"Philippe Berry \u00e8 partito per raggiungere le stelle, ma ci ha lasciato il suo lavoro in Costa Azzurra... - Costa Azzurra chic","robots":{"index":"index","follow":"follow","max-snippet":"max-snippet:-1","max-image-preview":"max-image-preview:large","max-video-preview":"max-video-preview:-1"},"canonical":"https:\/\/chicriviera.com\/it\/2019\/09\/07\/philippe-berry-we-are-quite-working-on-the-cote-dazur\/","og_locale":"it_IT","og_type":"article","og_title":"Philippe Berry est parti rejoindre les \u00e9toiles, mais nous a laiss\u00e9 ses \u0153uvres sur la C\u00f4te d\u2019Azur.. - Chic Riviera","og_description":"C\u2019est avec une immense tristesse qu\u2019on apprenait ce matin la mort du tr\u00e8s talentueux sculpteur et peintre Philippe Berry, fr\u00e8re de Richard Berry et papa de Marilou et Rudy. Philippe, nous a quitt\u00e9 \u00e0 l\u2019\u00e2ge de 63 ans, beaucoup trop t\u00f4t.. il avait commenc\u00e9 sa vie professionnelle comme graphiste, puis maquettiste et directeur d\u2019agences de [&hellip;]","og_url":"https:\/\/chicriviera.com\/it\/2019\/09\/07\/philippe-berry-we-are-quite-working-on-the-cote-dazur\/","og_site_name":"Chic Riviera","article_publisher":"https:\/\/www.facebook.com\/ChicRivieracom\/","article_published_time":"2019-09-07T13:32:48+00:00","article_modified_time":"2019-09-07T15:45:40+00:00","og_image":[{"width":1242,"height":1246,"url":"https:\/\/chicriviera.com\/wp-content\/uploads\/2019\/09\/5d8222bd-88ed-4dab-a483-612eefd0a63e-4.jpg","type":"image\/jpeg"}],"author":"Alex","twitter_card":"summary_large_image","twitter_creator":"@Chic_Riviera","twitter_site":"@Chic_Riviera","twitter_misc":{"Scritto da":"Alex","Tempo di lettura stimato":"2 minuti"},"schema":{"@context":"https:\/\/schema.org","@graph":[{"@type":"Article","@id":"https:\/\/chicriviera.com\/en\/2019\/09\/07\/philippe-berry-we-are-quite-working-on-the-cote-dazur\/#article","isPartOf":{"@id":"https:\/\/chicriviera.com\/en\/2019\/09\/07\/philippe-berry-we-are-quite-working-on-the-cote-dazur\/"},"author":{"name":"Alex","@id":"https:\/\/chicriviera.com\/es\/#\/schema\/person\/c563ec1d9481b6d038092938cde95a4b"},"headline":"Philippe Berry est parti rejoindre les \u00e9toiles, mais nous a laiss\u00e9 ses \u0153uvres sur la C\u00f4te d\u2019Azur..","datePublished":"2019-09-07T13:32:48+00:00","dateModified":"2019-09-07T15:45:40+00:00","mainEntityOfPage":{"@id":"https:\/\/chicriviera.com\/en\/2019\/09\/07\/philippe-berry-we-are-quite-working-on-the-cote-dazur\/"},"wordCount":342,"commentCount":0,"publisher":{"@id":"https:\/\/chicriviera.com\/es\/#organization"},"image":{"@id":"https:\/\/chicriviera.com\/en\/2019\/09\/07\/philippe-berry-we-are-quite-working-on-the-cote-dazur\/#primaryimage"},"thumbnailUrl":"https:\/\/chicriviera.com\/wp-content\/uploads\/2019\/09\/5d8222bd-88ed-4dab-a483-612eefd0a63e-4.jpg","articleSection":["\u00c9v\u00e9nements","Sortir"],"inLanguage":"it-IT","potentialAction":[{"@type":"CommentAction","name":"Comment","target":["https:\/\/chicriviera.com\/en\/2019\/09\/07\/philippe-berry-we-are-quite-working-on-the-cote-dazur\/#respond"]}]},{"@type":"WebPage","@id":"https:\/\/chicriviera.com\/en\/2019\/09\/07\/philippe-berry-we-are-quite-working-on-the-cote-dazur\/","url":"https:\/\/chicriviera.com\/en\/2019\/09\/07\/philippe-berry-we-are-quite-working-on-the-cote-dazur\/","name":"Philippe Berry \u00e8 partito per raggiungere le stelle, ma ci ha lasciato il suo lavoro in Costa Azzurra... - Costa Azzurra chic","isPartOf":{"@id":"https:\/\/chicriviera.com\/es\/#website"},"primaryImageOfPage":{"@id":"https:\/\/chicriviera.com\/en\/2019\/09\/07\/philippe-berry-we-are-quite-working-on-the-cote-dazur\/#primaryimage"},"image":{"@id":"https:\/\/chicriviera.com\/en\/2019\/09\/07\/philippe-berry-we-are-quite-working-on-the-cote-dazur\/#primaryimage"},"thumbnailUrl":"https:\/\/chicriviera.com\/wp-content\/uploads\/2019\/09\/5d8222bd-88ed-4dab-a483-612eefd0a63e-4.jpg","datePublished":"2019-09-07T13:32:48+00:00","dateModified":"2019-09-07T15:45:40+00:00","breadcrumb":{"@id":"https:\/\/chicriviera.com\/en\/2019\/09\/07\/philippe-berry-we-are-quite-working-on-the-cote-dazur\/#breadcrumb"},"inLanguage":"it-IT","potentialAction":[{"@type":"ReadAction","target":["https:\/\/chicriviera.com\/en\/2019\/09\/07\/philippe-berry-we-are-quite-working-on-the-cote-dazur\/"]}]},{"@type":"ImageObject","inLanguage":"it-IT","@id":"https:\/\/chicriviera.com\/en\/2019\/09\/07\/philippe-berry-we-are-quite-working-on-the-cote-dazur\/#primaryimage","url":"https:\/\/chicriviera.com\/wp-content\/uploads\/2019\/09\/5d8222bd-88ed-4dab-a483-612eefd0a63e-4.jpg","contentUrl":"https:\/\/chicriviera.com\/wp-content\/uploads\/2019\/09\/5d8222bd-88ed-4dab-a483-612eefd0a63e-4.jpg","width":1242,"height":1246},{"@type":"BreadcrumbList","@id":"https:\/\/chicriviera.com\/en\/2019\/09\/07\/philippe-berry-we-are-quite-working-on-the-cote-dazur\/#breadcrumb","itemListElement":[{"@type":"ListItem","position":1,"name":"Accueil","item":"https:\/\/chicriviera.com\/"},{"@type":"ListItem","position":2,"name":"Philippe Berry est parti rejoindre les \u00e9toiles, mais nous a laiss\u00e9 ses \u0153uvres sur la C\u00f4te d\u2019Azur.."}]},{"@type":"WebSite","@id":"https:\/\/chicriviera.com\/es\/#website","url":"https:\/\/chicriviera.com\/es\/","name":"Chic Riviera","description":"Il meglio della Costa Azzurra : Ristoranti, spiagge, gite","publisher":{"@id":"https:\/\/chicriviera.com\/es\/#organization"},"potentialAction":[{"@type":"SearchAction","target":{"@type":"EntryPoint","urlTemplate":"https:\/\/chicriviera.com\/es\/?s={search_term_string}"},"query-input":{"@type":"PropertyValueSpecification","valueRequired":true,"valueName":"search_term_string"}}],"inLanguage":"it-IT"},{"@type":"Organization","@id":"https:\/\/chicriviera.com\/es\/#organization","name":"Chic Riviera","url":"https:\/\/chicriviera.com\/es\/","logo":{"@type":"ImageObject","inLanguage":"it-IT","@id":"https:\/\/chicriviera.com\/es\/#\/schema\/logo\/image\/","url":"https:\/\/chicriviera.com\/wp-content\/uploads\/2019\/03\/cropped-crfavicon.png","contentUrl":"https:\/\/chicriviera.com\/wp-content\/uploads\/2019\/03\/cropped-crfavicon.png","width":512,"height":512,"caption":"Chic Riviera"},"image":{"@id":"https:\/\/chicriviera.com\/es\/#\/schema\/logo\/image\/"},"sameAs":["https:\/\/www.facebook.com\/ChicRivieracom\/","https:\/\/x.com\/Chic_Riviera","https:\/\/www.instagram.com\/chicriviera\/"]},{"@type":"Person","@id":"https:\/\/chicriviera.com\/es\/#\/schema\/person\/c563ec1d9481b6d038092938cde95a4b","name":"Alex","image":{"@type":"ImageObject","inLanguage":"it-IT","@id":"https:\/\/chicriviera.com\/es\/#\/schema\/person\/image\/","url":"https:\/\/secure.gravatar.com\/avatar\/0bb721c49cd74f5b36020571509cc39351075de1991c6145cdbecbab8cf22c82?s=96&d=mm&r=g","contentUrl":"https:\/\/secure.gravatar.com\/avatar\/0bb721c49cd74f5b36020571509cc39351075de1991c6145cdbecbab8cf22c82?s=96&d=mm&r=g","caption":"Alex"},"url":"https:\/\/chicriviera.com\/it\/author\/alexben\/"}]}},"_links":{"self":[{"href":"https:\/\/chicriviera.com\/it\/wp-json\/wp\/v2\/posts\/2114","targetHints":{"allow":["GET"]}}],"collection":[{"href":"https:\/\/chicriviera.com\/it\/wp-json\/wp\/v2\/posts"}],"about":[{"href":"https:\/\/chicriviera.com\/it\/wp-json\/wp\/v2\/types\/post"}],"author":[{"embeddable":true,"href":"https:\/\/chicriviera.com\/it\/wp-json\/wp\/v2\/users\/2"}],"replies":[{"embeddable":true,"href":"https:\/\/chicriviera.com\/it\/wp-json\/wp\/v2\/comments?post=2114"}],"version-history":[{"count":29,"href":"https:\/\/chicriviera.com\/it\/wp-json\/wp\/v2\/posts\/2114\/revisions"}],"predecessor-version":[{"id":2154,"href":"https:\/\/chicriviera.com\/it\/wp-json\/wp\/v2\/posts\/2114\/revisions\/2154"}],"wp:featuredmedia":[{"embeddable":true,"href":"https:\/\/chicriviera.com\/it\/wp-json\/wp\/v2\/media\/2156"}],"wp:attachment":[{"href":"https:\/\/chicriviera.com\/it\/wp-json\/wp\/v2\/media?parent=2114"}],"wp:term":[{"taxonomy":"category","embeddable":true,"href":"https:\/\/chicriviera.com\/it\/wp-json\/wp\/v2\/categories?post=2114"},{"taxonomy":"post_tag","embeddable":true,"href":"https:\/\/chicriviera.com\/it\/wp-json\/wp\/v2\/tags?post=2114"}],"curies":[{"name":"wp","href":"https:\/\/api.w.org\/{rel}","templated":true}]}}