{"id":2077,"date":"2019-09-02T14:31:38","date_gmt":"2019-09-02T12:31:38","guid":{"rendered":"https:\/\/chicriviera.com\/?p=2077"},"modified":"2019-09-02T19:04:10","modified_gmt":"2019-09-02T17:04:10","slug":"14-eme-monaco-classic-week-la-belle-classe","status":"publish","type":"post","link":"https:\/\/chicriviera.com\/it\/2019\/09\/02\/14-eme-monaco-classico-weekend-la-classe\/","title":{"rendered":"Monaco Classic Week-La Belle Classe, dall'11 al 15 settembre"},"content":{"rendered":"<p>Dal 1994, questo evento biennale molto elegante, organizzato dal Monte-Carlo Yacht Club, che mira a riunire tutte le barche del passato, piccoli e grandi yacht, ci mostra ancora una volta l'attaccamento indefettibile del Principato al mare e al suo patrimonio marittimo. <\/p>\n\n\n\n<p>Quest'anno, per la 14esima edizione, Denis Conner, quattro volte vincitore della Coppa America, pluricampione del mondo e medaglia olimpica, far\u00e0 il viaggio speciale dagli Stati Uniti per essere il presidente del Grand Jury. <\/p>\n\n\n\n<figure class=\"wp-block-image\"><img decoding=\"async\" width=\"1211\" height=\"1211\" src=\"https:\/\/chicriviera.com\/wp-content\/uploads\/2019\/09\/8bb046f5-57ef-49d8-baf6-193da294fc69.jpg\" alt=\"\" class=\"wp-image-2092\" srcset=\"https:\/\/chicriviera.com\/wp-content\/uploads\/2019\/09\/8bb046f5-57ef-49d8-baf6-193da294fc69.jpg 1211w, https:\/\/chicriviera.com\/wp-content\/uploads\/2019\/09\/8bb046f5-57ef-49d8-baf6-193da294fc69-150x150.jpg 150w, https:\/\/chicriviera.com\/wp-content\/uploads\/2019\/09\/8bb046f5-57ef-49d8-baf6-193da294fc69-300x300.jpg 300w, https:\/\/chicriviera.com\/wp-content\/uploads\/2019\/09\/8bb046f5-57ef-49d8-baf6-193da294fc69-768x768.jpg 768w, https:\/\/chicriviera.com\/wp-content\/uploads\/2019\/09\/8bb046f5-57ef-49d8-baf6-193da294fc69-1024x1024.jpg 1024w, https:\/\/chicriviera.com\/wp-content\/uploads\/2019\/09\/8bb046f5-57ef-49d8-baf6-193da294fc69-600x600.jpg 600w\" sizes=\"(max-width: 1211px) 100vw, 1211px\" \/><figcaption>Denis Conner<\/figcaption><\/figure>\n\n\n\n<p>Per quanto riguarda le barche, un nuovo arrivato, Atlantic, lungo 64,50 m, \u00e8 una replica perfetta della goletta a 3 alberi che Charlie Barr aveva costruito per la Coppa del Kaiser del 1905. <\/p>\n\n\n\n<figure class=\"wp-block-image\"><img decoding=\"async\" width=\"968\" height=\"640\" src=\"https:\/\/chicriviera.com\/wp-content\/uploads\/2019\/09\/1215e4a2-22dd-45d2-a6b2-d9d572e00632.jpg\" alt=\"\" class=\"wp-image-2094\" srcset=\"https:\/\/chicriviera.com\/wp-content\/uploads\/2019\/09\/1215e4a2-22dd-45d2-a6b2-d9d572e00632.jpg 968w, https:\/\/chicriviera.com\/wp-content\/uploads\/2019\/09\/1215e4a2-22dd-45d2-a6b2-d9d572e00632-300x198.jpg 300w, https:\/\/chicriviera.com\/wp-content\/uploads\/2019\/09\/1215e4a2-22dd-45d2-a6b2-d9d572e00632-768x508.jpg 768w, https:\/\/chicriviera.com\/wp-content\/uploads\/2019\/09\/1215e4a2-22dd-45d2-a6b2-d9d572e00632-600x397.jpg 600w\" sizes=\"(max-width: 968px) 100vw, 968px\" \/><figcaption>Atlantico<\/figcaption><\/figure>\n\n\n\n<p>Si pu\u00f2 anche ammirare la SS Delphine (la mia preferita), le cui linee sono di una finezza maestosa, 78,50 m di lunghezza, 3 caldaie, una pura meraviglia. <\/p>\n\n\n\n<figure class=\"wp-block-image\"><img decoding=\"async\" width=\"962\" height=\"640\" src=\"https:\/\/chicriviera.com\/wp-content\/uploads\/2019\/09\/3f6d40d0-c749-4e62-92fb-348848ed224e-1.jpg\" alt=\"\" class=\"wp-image-2095\" srcset=\"https:\/\/chicriviera.com\/wp-content\/uploads\/2019\/09\/3f6d40d0-c749-4e62-92fb-348848ed224e-1.jpg 962w, https:\/\/chicriviera.com\/wp-content\/uploads\/2019\/09\/3f6d40d0-c749-4e62-92fb-348848ed224e-1-300x200.jpg 300w, https:\/\/chicriviera.com\/wp-content\/uploads\/2019\/09\/3f6d40d0-c749-4e62-92fb-348848ed224e-1-768x511.jpg 768w, https:\/\/chicriviera.com\/wp-content\/uploads\/2019\/09\/3f6d40d0-c749-4e62-92fb-348848ed224e-1-600x399.jpg 600w\" sizes=\"(max-width: 962px) 100vw, 962px\" \/><figcaption>SS Delphine <\/figcaption><\/figure>\n\n\n\n<p>Essendo questa quattordicesima edizione dedicata agli Stati Uniti, un \"Villaggio Americano\" sar\u00e0 sotto i riflettori per esporre il patrimonio marittimo del paese che ha contribuito allo sviluppo dello yachting nel mondo. <\/p>\n\n\n\n<p>Buono a sapersi: <\/p>\n\n\n\n<p>- Lo spettacolo sar\u00e0 accessibile a tutti! Tutti gli eventi saranno visibili dai ponti dello Yacht Club de Monaco e da tutti i punti di vista sul mare. <\/p>\n\n\n\n<p>- Dopo le gare sull'acqua, la competizione continua a terra con il premio \"La Belle Classe Restauration\", un evento culinario che mette in evidenza la creativit\u00e0 degli equipaggi. <\/p>\n\n\n\n<p>- Se sei un proprietario di yacht d'epoca o classici, non esitare a partecipare online: www.ymc.org\/mcw2019 <\/p>\n\n\n\n<p>Per maggiori informazioni, visitate il sito ufficiale: www.monacoclassicweek.com<\/p>\n\n\n\n<figure class=\"wp-block-image\"><img decoding=\"async\" width=\"1500\" height=\"919\" src=\"https:\/\/chicriviera.com\/wp-content\/uploads\/2019\/09\/76e7f1c7-1fb8-4449-884b-3747deb54dd2.jpg\" alt=\"\" class=\"wp-image-2097\" srcset=\"https:\/\/chicriviera.com\/wp-content\/uploads\/2019\/09\/76e7f1c7-1fb8-4449-884b-3747deb54dd2.jpg 1500w, https:\/\/chicriviera.com\/wp-content\/uploads\/2019\/09\/76e7f1c7-1fb8-4449-884b-3747deb54dd2-300x184.jpg 300w, https:\/\/chicriviera.com\/wp-content\/uploads\/2019\/09\/76e7f1c7-1fb8-4449-884b-3747deb54dd2-768x471.jpg 768w, https:\/\/chicriviera.com\/wp-content\/uploads\/2019\/09\/76e7f1c7-1fb8-4449-884b-3747deb54dd2-1024x627.jpg 1024w, https:\/\/chicriviera.com\/wp-content\/uploads\/2019\/09\/76e7f1c7-1fb8-4449-884b-3747deb54dd2-600x368.jpg 600w, https:\/\/chicriviera.com\/wp-content\/uploads\/2019\/09\/76e7f1c7-1fb8-4449-884b-3747deb54dd2-1320x809.jpg 1320w\" sizes=\"(max-width: 1500px) 100vw, 1500px\" \/><figcaption>Monaco<\/figcaption><\/figure>\n\n\n\n<p>Fonti: monacoclassicweek.com<\/p>","protected":false},"excerpt":{"rendered":"<p>Depuis 1994, cette tr\u00e8s \u00e9l\u00e9gante biennale, organis\u00e9e par le Yacht Club de Monte-Carlo, qui a pour objectif de r\u00e9unir tous les bateaux d\u2019autrefois, petite et grande plaisance, nous montre une fois de plus l\u2019attachement ind\u00e9fectible de la Principaut\u00e9 \u00e0 la mer, ainsi qu\u2019au patrimoine maritime. Cette Ann\u00e9e, pour la 14 \u00e9me \u00e9dition, Denis Conner, quadruple [&hellip;]<\/p>\n","protected":false},"author":2,"featured_media":2100,"comment_status":"open","ping_status":"closed","sticky":false,"template":"","format":"standard","meta":{"_genesis_hide_title":false,"_genesis_hide_breadcrumbs":false,"_genesis_hide_singular_image":false,"_genesis_hide_footer_widgets":false,"_genesis_custom_body_class":"","_genesis_custom_post_class":"","_genesis_layout":"","footnotes":""},"categories":[27,29,18],"tags":[],"class_list":{"0":"post-2077","1":"post","2":"type-post","3":"status-publish","4":"format-standard","5":"has-post-thumbnail","7":"category-activites","8":"category-evenements","9":"category-sortir","10":"entry"},"yoast_head":"<!-- This site is optimized with the Yoast SEO plugin v27.1.1 - https:\/\/yoast.com\/product\/yoast-seo-wordpress\/ -->\n<title>Monaco Classic Week-La Belle Classe, du 11 au 15 Septembre - Chic Riviera<\/title>\n<meta name=\"robots\" content=\"index, follow, max-snippet:-1, max-image-preview:large, max-video-preview:-1\" \/>\n<link rel=\"canonical\" href=\"https:\/\/chicriviera.com\/it\/2019\/09\/02\/14-me-monako-klassisches-wochenende-der-klasse\/\" \/>\n<meta property=\"og:locale\" content=\"it_IT\" \/>\n<meta property=\"og:type\" content=\"article\" \/>\n<meta property=\"og:title\" content=\"Monaco Classic Week-La Belle Classe, du 11 au 15 Septembre - Chic Riviera\" \/>\n<meta property=\"og:description\" content=\"Depuis 1994, cette tr\u00e8s \u00e9l\u00e9gante biennale, organis\u00e9e par le Yacht Club de Monte-Carlo, qui a pour objectif de r\u00e9unir tous les bateaux d\u2019autrefois, petite et grande plaisance, nous montre une fois de plus l\u2019attachement ind\u00e9fectible de la Principaut\u00e9 \u00e0 la mer, ainsi qu\u2019au patrimoine maritime. Cette Ann\u00e9e, pour la 14 \u00e9me \u00e9dition, Denis Conner, quadruple [&hellip;]\" \/>\n<meta property=\"og:url\" content=\"https:\/\/chicriviera.com\/it\/2019\/09\/02\/14-me-monako-klassisches-wochenende-der-klasse\/\" \/>\n<meta property=\"og:site_name\" content=\"Chic Riviera\" \/>\n<meta property=\"article:publisher\" content=\"https:\/\/www.facebook.com\/ChicRivieracom\/\" \/>\n<meta property=\"article:published_time\" content=\"2019-09-02T12:31:38+00:00\" \/>\n<meta property=\"article:modified_time\" content=\"2019-09-02T17:04:10+00:00\" \/>\n<meta property=\"og:image\" content=\"https:\/\/chicriviera.com\/wp-content\/uploads\/2019\/09\/38e64a9c-c55f-4324-8b4d-cb38dbe043c7-1.jpg\" \/>\n\t<meta property=\"og:image:width\" content=\"1500\" \/>\n\t<meta property=\"og:image:height\" content=\"898\" \/>\n\t<meta property=\"og:image:type\" content=\"image\/jpeg\" \/>\n<meta name=\"author\" content=\"Alex\" \/>\n<meta name=\"twitter:card\" content=\"summary_large_image\" \/>\n<meta name=\"twitter:creator\" content=\"@Chic_Riviera\" \/>\n<meta name=\"twitter:site\" content=\"@Chic_Riviera\" \/>\n<meta name=\"twitter:label1\" content=\"Scritto da\" \/>\n\t<meta name=\"twitter:data1\" content=\"Alex\" \/>\n\t<meta name=\"twitter:label2\" content=\"Tempo di lettura stimato\" \/>\n\t<meta name=\"twitter:data2\" content=\"1 minuto\" \/>\n<script type=\"application\/ld+json\" class=\"yoast-schema-graph\">{\"@context\":\"https:\/\/schema.org\",\"@graph\":[{\"@type\":\"Article\",\"@id\":\"https:\/\/chicriviera.com\/de\/2019\/09\/02\/14-me-monako-klassisches-wochenende-der-klasse\/#article\",\"isPartOf\":{\"@id\":\"https:\/\/chicriviera.com\/de\/2019\/09\/02\/14-me-monako-klassisches-wochenende-der-klasse\/\"},\"author\":{\"name\":\"Alex\",\"@id\":\"https:\/\/chicriviera.com\/es\/#\/schema\/person\/c563ec1d9481b6d038092938cde95a4b\"},\"headline\":\"Monaco Classic Week-La Belle Classe, du 11 au 15 Septembre\",\"datePublished\":\"2019-09-02T12:31:38+00:00\",\"dateModified\":\"2019-09-02T17:04:10+00:00\",\"mainEntityOfPage\":{\"@id\":\"https:\/\/chicriviera.com\/de\/2019\/09\/02\/14-me-monako-klassisches-wochenende-der-klasse\/\"},\"wordCount\":301,\"commentCount\":0,\"publisher\":{\"@id\":\"https:\/\/chicriviera.com\/es\/#organization\"},\"image\":{\"@id\":\"https:\/\/chicriviera.com\/de\/2019\/09\/02\/14-me-monako-klassisches-wochenende-der-klasse\/#primaryimage\"},\"thumbnailUrl\":\"https:\/\/chicriviera.com\/wp-content\/uploads\/2019\/09\/38e64a9c-c55f-4324-8b4d-cb38dbe043c7-1.jpg\",\"articleSection\":[\"Activit\u00e9s\",\"\u00c9v\u00e9nements\",\"Sortir\"],\"inLanguage\":\"it-IT\",\"potentialAction\":[{\"@type\":\"CommentAction\",\"name\":\"Comment\",\"target\":[\"https:\/\/chicriviera.com\/de\/2019\/09\/02\/14-me-monako-klassisches-wochenende-der-klasse\/#respond\"]}]},{\"@type\":\"WebPage\",\"@id\":\"https:\/\/chicriviera.com\/de\/2019\/09\/02\/14-me-monako-klassisches-wochenende-der-klasse\/\",\"url\":\"https:\/\/chicriviera.com\/de\/2019\/09\/02\/14-me-monako-klassisches-wochenende-der-klasse\/\",\"name\":\"Monaco Classic Week-La Belle Classe, du 11 au 15 Septembre - Chic Riviera\",\"isPartOf\":{\"@id\":\"https:\/\/chicriviera.com\/es\/#website\"},\"primaryImageOfPage\":{\"@id\":\"https:\/\/chicriviera.com\/de\/2019\/09\/02\/14-me-monako-klassisches-wochenende-der-klasse\/#primaryimage\"},\"image\":{\"@id\":\"https:\/\/chicriviera.com\/de\/2019\/09\/02\/14-me-monako-klassisches-wochenende-der-klasse\/#primaryimage\"},\"thumbnailUrl\":\"https:\/\/chicriviera.com\/wp-content\/uploads\/2019\/09\/38e64a9c-c55f-4324-8b4d-cb38dbe043c7-1.jpg\",\"datePublished\":\"2019-09-02T12:31:38+00:00\",\"dateModified\":\"2019-09-02T17:04:10+00:00\",\"breadcrumb\":{\"@id\":\"https:\/\/chicriviera.com\/de\/2019\/09\/02\/14-me-monako-klassisches-wochenende-der-klasse\/#breadcrumb\"},\"inLanguage\":\"it-IT\",\"potentialAction\":[{\"@type\":\"ReadAction\",\"target\":[\"https:\/\/chicriviera.com\/de\/2019\/09\/02\/14-me-monako-klassisches-wochenende-der-klasse\/\"]}]},{\"@type\":\"ImageObject\",\"inLanguage\":\"it-IT\",\"@id\":\"https:\/\/chicriviera.com\/de\/2019\/09\/02\/14-me-monako-klassisches-wochenende-der-klasse\/#primaryimage\",\"url\":\"https:\/\/chicriviera.com\/wp-content\/uploads\/2019\/09\/38e64a9c-c55f-4324-8b4d-cb38dbe043c7-1.jpg\",\"contentUrl\":\"https:\/\/chicriviera.com\/wp-content\/uploads\/2019\/09\/38e64a9c-c55f-4324-8b4d-cb38dbe043c7-1.jpg\",\"width\":1500,\"height\":898},{\"@type\":\"BreadcrumbList\",\"@id\":\"https:\/\/chicriviera.com\/de\/2019\/09\/02\/14-me-monako-klassisches-wochenende-der-klasse\/#breadcrumb\",\"itemListElement\":[{\"@type\":\"ListItem\",\"position\":1,\"name\":\"Accueil\",\"item\":\"https:\/\/chicriviera.com\/\"},{\"@type\":\"ListItem\",\"position\":2,\"name\":\"Monaco Classic Week-La Belle Classe, du 11 au 15 Septembre\"}]},{\"@type\":\"WebSite\",\"@id\":\"https:\/\/chicriviera.com\/es\/#website\",\"url\":\"https:\/\/chicriviera.com\/es\/\",\"name\":\"Chic Riviera\",\"description\":\"Le meilleur de la C\u00f4te d&#039;Azur : Restaurants, Plages, Sorties\",\"publisher\":{\"@id\":\"https:\/\/chicriviera.com\/es\/#organization\"},\"potentialAction\":[{\"@type\":\"SearchAction\",\"target\":{\"@type\":\"EntryPoint\",\"urlTemplate\":\"https:\/\/chicriviera.com\/es\/?s={search_term_string}\"},\"query-input\":{\"@type\":\"PropertyValueSpecification\",\"valueRequired\":true,\"valueName\":\"search_term_string\"}}],\"inLanguage\":\"it-IT\"},{\"@type\":\"Organization\",\"@id\":\"https:\/\/chicriviera.com\/es\/#organization\",\"name\":\"Chic Riviera\",\"url\":\"https:\/\/chicriviera.com\/es\/\",\"logo\":{\"@type\":\"ImageObject\",\"inLanguage\":\"it-IT\",\"@id\":\"https:\/\/chicriviera.com\/es\/#\/schema\/logo\/image\/\",\"url\":\"https:\/\/chicriviera.com\/wp-content\/uploads\/2019\/03\/cropped-crfavicon.png\",\"contentUrl\":\"https:\/\/chicriviera.com\/wp-content\/uploads\/2019\/03\/cropped-crfavicon.png\",\"width\":512,\"height\":512,\"caption\":\"Chic Riviera\"},\"image\":{\"@id\":\"https:\/\/chicriviera.com\/es\/#\/schema\/logo\/image\/\"},\"sameAs\":[\"https:\/\/www.facebook.com\/ChicRivieracom\/\",\"https:\/\/x.com\/Chic_Riviera\",\"https:\/\/www.instagram.com\/chicriviera\/\"]},{\"@type\":\"Person\",\"@id\":\"https:\/\/chicriviera.com\/es\/#\/schema\/person\/c563ec1d9481b6d038092938cde95a4b\",\"name\":\"Alex\",\"image\":{\"@type\":\"ImageObject\",\"inLanguage\":\"it-IT\",\"@id\":\"https:\/\/chicriviera.com\/es\/#\/schema\/person\/image\/\",\"url\":\"https:\/\/secure.gravatar.com\/avatar\/0bb721c49cd74f5b36020571509cc39351075de1991c6145cdbecbab8cf22c82?s=96&d=mm&r=g\",\"contentUrl\":\"https:\/\/secure.gravatar.com\/avatar\/0bb721c49cd74f5b36020571509cc39351075de1991c6145cdbecbab8cf22c82?s=96&d=mm&r=g\",\"caption\":\"Alex\"},\"url\":\"https:\/\/chicriviera.com\/it\/author\/alexben\/\"}]}<\/script>\n<!-- \/ Yoast SEO plugin. -->","yoast_head_json":{"title":"Settimana classica di Monaco-La Belle Classe, dall'11 al 15 settembre - Riviera Chic","robots":{"index":"index","follow":"follow","max-snippet":"max-snippet:-1","max-image-preview":"max-image-preview:large","max-video-preview":"max-video-preview:-1"},"canonical":"https:\/\/chicriviera.com\/it\/2019\/09\/02\/14-me-monako-klassisches-wochenende-der-klasse\/","og_locale":"it_IT","og_type":"article","og_title":"Monaco Classic Week-La Belle Classe, du 11 au 15 Septembre - Chic Riviera","og_description":"Depuis 1994, cette tr\u00e8s \u00e9l\u00e9gante biennale, organis\u00e9e par le Yacht Club de Monte-Carlo, qui a pour objectif de r\u00e9unir tous les bateaux d\u2019autrefois, petite et grande plaisance, nous montre une fois de plus l\u2019attachement ind\u00e9fectible de la Principaut\u00e9 \u00e0 la mer, ainsi qu\u2019au patrimoine maritime. Cette Ann\u00e9e, pour la 14 \u00e9me \u00e9dition, Denis Conner, quadruple [&hellip;]","og_url":"https:\/\/chicriviera.com\/it\/2019\/09\/02\/14-me-monako-klassisches-wochenende-der-klasse\/","og_site_name":"Chic Riviera","article_publisher":"https:\/\/www.facebook.com\/ChicRivieracom\/","article_published_time":"2019-09-02T12:31:38+00:00","article_modified_time":"2019-09-02T17:04:10+00:00","og_image":[{"width":1500,"height":898,"url":"https:\/\/chicriviera.com\/wp-content\/uploads\/2019\/09\/38e64a9c-c55f-4324-8b4d-cb38dbe043c7-1.jpg","type":"image\/jpeg"}],"author":"Alex","twitter_card":"summary_large_image","twitter_creator":"@Chic_Riviera","twitter_site":"@Chic_Riviera","twitter_misc":{"Scritto da":"Alex","Tempo di lettura stimato":"1 minuto"},"schema":{"@context":"https:\/\/schema.org","@graph":[{"@type":"Article","@id":"https:\/\/chicriviera.com\/de\/2019\/09\/02\/14-me-monako-klassisches-wochenende-der-klasse\/#article","isPartOf":{"@id":"https:\/\/chicriviera.com\/de\/2019\/09\/02\/14-me-monako-klassisches-wochenende-der-klasse\/"},"author":{"name":"Alex","@id":"https:\/\/chicriviera.com\/es\/#\/schema\/person\/c563ec1d9481b6d038092938cde95a4b"},"headline":"Monaco Classic Week-La Belle Classe, du 11 au 15 Septembre","datePublished":"2019-09-02T12:31:38+00:00","dateModified":"2019-09-02T17:04:10+00:00","mainEntityOfPage":{"@id":"https:\/\/chicriviera.com\/de\/2019\/09\/02\/14-me-monako-klassisches-wochenende-der-klasse\/"},"wordCount":301,"commentCount":0,"publisher":{"@id":"https:\/\/chicriviera.com\/es\/#organization"},"image":{"@id":"https:\/\/chicriviera.com\/de\/2019\/09\/02\/14-me-monako-klassisches-wochenende-der-klasse\/#primaryimage"},"thumbnailUrl":"https:\/\/chicriviera.com\/wp-content\/uploads\/2019\/09\/38e64a9c-c55f-4324-8b4d-cb38dbe043c7-1.jpg","articleSection":["Activit\u00e9s","\u00c9v\u00e9nements","Sortir"],"inLanguage":"it-IT","potentialAction":[{"@type":"CommentAction","name":"Comment","target":["https:\/\/chicriviera.com\/de\/2019\/09\/02\/14-me-monako-klassisches-wochenende-der-klasse\/#respond"]}]},{"@type":"WebPage","@id":"https:\/\/chicriviera.com\/de\/2019\/09\/02\/14-me-monako-klassisches-wochenende-der-klasse\/","url":"https:\/\/chicriviera.com\/de\/2019\/09\/02\/14-me-monako-klassisches-wochenende-der-klasse\/","name":"Settimana classica di Monaco-La Belle Classe, dall'11 al 15 settembre - Riviera Chic","isPartOf":{"@id":"https:\/\/chicriviera.com\/es\/#website"},"primaryImageOfPage":{"@id":"https:\/\/chicriviera.com\/de\/2019\/09\/02\/14-me-monako-klassisches-wochenende-der-klasse\/#primaryimage"},"image":{"@id":"https:\/\/chicriviera.com\/de\/2019\/09\/02\/14-me-monako-klassisches-wochenende-der-klasse\/#primaryimage"},"thumbnailUrl":"https:\/\/chicriviera.com\/wp-content\/uploads\/2019\/09\/38e64a9c-c55f-4324-8b4d-cb38dbe043c7-1.jpg","datePublished":"2019-09-02T12:31:38+00:00","dateModified":"2019-09-02T17:04:10+00:00","breadcrumb":{"@id":"https:\/\/chicriviera.com\/de\/2019\/09\/02\/14-me-monako-klassisches-wochenende-der-klasse\/#breadcrumb"},"inLanguage":"it-IT","potentialAction":[{"@type":"ReadAction","target":["https:\/\/chicriviera.com\/de\/2019\/09\/02\/14-me-monako-klassisches-wochenende-der-klasse\/"]}]},{"@type":"ImageObject","inLanguage":"it-IT","@id":"https:\/\/chicriviera.com\/de\/2019\/09\/02\/14-me-monako-klassisches-wochenende-der-klasse\/#primaryimage","url":"https:\/\/chicriviera.com\/wp-content\/uploads\/2019\/09\/38e64a9c-c55f-4324-8b4d-cb38dbe043c7-1.jpg","contentUrl":"https:\/\/chicriviera.com\/wp-content\/uploads\/2019\/09\/38e64a9c-c55f-4324-8b4d-cb38dbe043c7-1.jpg","width":1500,"height":898},{"@type":"BreadcrumbList","@id":"https:\/\/chicriviera.com\/de\/2019\/09\/02\/14-me-monako-klassisches-wochenende-der-klasse\/#breadcrumb","itemListElement":[{"@type":"ListItem","position":1,"name":"Accueil","item":"https:\/\/chicriviera.com\/"},{"@type":"ListItem","position":2,"name":"Monaco Classic Week-La Belle Classe, du 11 au 15 Septembre"}]},{"@type":"WebSite","@id":"https:\/\/chicriviera.com\/es\/#website","url":"https:\/\/chicriviera.com\/es\/","name":"Chic Riviera","description":"Il meglio della Costa Azzurra : Ristoranti, spiagge, gite","publisher":{"@id":"https:\/\/chicriviera.com\/es\/#organization"},"potentialAction":[{"@type":"SearchAction","target":{"@type":"EntryPoint","urlTemplate":"https:\/\/chicriviera.com\/es\/?s={search_term_string}"},"query-input":{"@type":"PropertyValueSpecification","valueRequired":true,"valueName":"search_term_string"}}],"inLanguage":"it-IT"},{"@type":"Organization","@id":"https:\/\/chicriviera.com\/es\/#organization","name":"Chic Riviera","url":"https:\/\/chicriviera.com\/es\/","logo":{"@type":"ImageObject","inLanguage":"it-IT","@id":"https:\/\/chicriviera.com\/es\/#\/schema\/logo\/image\/","url":"https:\/\/chicriviera.com\/wp-content\/uploads\/2019\/03\/cropped-crfavicon.png","contentUrl":"https:\/\/chicriviera.com\/wp-content\/uploads\/2019\/03\/cropped-crfavicon.png","width":512,"height":512,"caption":"Chic Riviera"},"image":{"@id":"https:\/\/chicriviera.com\/es\/#\/schema\/logo\/image\/"},"sameAs":["https:\/\/www.facebook.com\/ChicRivieracom\/","https:\/\/x.com\/Chic_Riviera","https:\/\/www.instagram.com\/chicriviera\/"]},{"@type":"Person","@id":"https:\/\/chicriviera.com\/es\/#\/schema\/person\/c563ec1d9481b6d038092938cde95a4b","name":"Alex","image":{"@type":"ImageObject","inLanguage":"it-IT","@id":"https:\/\/chicriviera.com\/es\/#\/schema\/person\/image\/","url":"https:\/\/secure.gravatar.com\/avatar\/0bb721c49cd74f5b36020571509cc39351075de1991c6145cdbecbab8cf22c82?s=96&d=mm&r=g","contentUrl":"https:\/\/secure.gravatar.com\/avatar\/0bb721c49cd74f5b36020571509cc39351075de1991c6145cdbecbab8cf22c82?s=96&d=mm&r=g","caption":"Alex"},"url":"https:\/\/chicriviera.com\/it\/author\/alexben\/"}]}},"_links":{"self":[{"href":"https:\/\/chicriviera.com\/it\/wp-json\/wp\/v2\/posts\/2077","targetHints":{"allow":["GET"]}}],"collection":[{"href":"https:\/\/chicriviera.com\/it\/wp-json\/wp\/v2\/posts"}],"about":[{"href":"https:\/\/chicriviera.com\/it\/wp-json\/wp\/v2\/types\/post"}],"author":[{"embeddable":true,"href":"https:\/\/chicriviera.com\/it\/wp-json\/wp\/v2\/users\/2"}],"replies":[{"embeddable":true,"href":"https:\/\/chicriviera.com\/it\/wp-json\/wp\/v2\/comments?post=2077"}],"version-history":[{"count":16,"href":"https:\/\/chicriviera.com\/it\/wp-json\/wp\/v2\/posts\/2077\/revisions"}],"predecessor-version":[{"id":2101,"href":"https:\/\/chicriviera.com\/it\/wp-json\/wp\/v2\/posts\/2077\/revisions\/2101"}],"wp:featuredmedia":[{"embeddable":true,"href":"https:\/\/chicriviera.com\/it\/wp-json\/wp\/v2\/media\/2100"}],"wp:attachment":[{"href":"https:\/\/chicriviera.com\/it\/wp-json\/wp\/v2\/media?parent=2077"}],"wp:term":[{"taxonomy":"category","embeddable":true,"href":"https:\/\/chicriviera.com\/it\/wp-json\/wp\/v2\/categories?post=2077"},{"taxonomy":"post_tag","embeddable":true,"href":"https:\/\/chicriviera.com\/it\/wp-json\/wp\/v2\/tags?post=2077"}],"curies":[{"name":"wp","href":"https:\/\/api.w.org\/{rel}","templated":true}]}}