{"id":1826,"date":"2019-06-12T22:26:11","date_gmt":"2019-06-12T20:26:11","guid":{"rendered":"https:\/\/chicriviera.com\/?p=1826"},"modified":"2024-04-07T11:18:07","modified_gmt":"2024-04-07T09:18:07","slug":"fete-de-la-musique-2019-a-nice-2eme-edition-avec-france-televisions","status":"publish","type":"post","link":"https:\/\/chicriviera.com\/it\/2019\/06\/12\/fete-de-la-musique-2019-a-nice-2eme-edition-with-france-televisions\/","title":{"rendered":"F\u00eate de la Musique 2019 a Nizza, 2a edizione con France T\u00e9l\u00e9visions"},"content":{"rendered":"<p>La F\u00eate de la Musique ha avuto un tale successo l'anno scorso nella Citt\u00e0 degli Angeli che France T\u00e9l\u00e9visions ha deciso di rinnovare il suo partenariato con la Citt\u00e0 di Nizza, guidata da Christian Estrosi, sindaco di Nizza. <\/p>\n\n\n\n<p>Un grande concerto avr\u00e0 luogo nella famosa Place Mass\u00e9na, che ospiter\u00e0 una serie di artisti: Patrick Bruel, Pascal Obispo, Soprano, Vitaa, Jeremy Fr\u00e9rot, The Avener, Mika, Jennifer, Zazie, Matt Pokora, Maitre Gims, Ang\u00e8le, Ja\u00efn, Kassav, Aya Nakamura, Bigflo et Oli, Clara Luciani, Eddy de Pretto, Slimane, Claudio Capeo, Zaz et Barry Moore... Accompagnato da 150 ballerini e un centinaio di musicisti per uno spettacolo di 4 ore, una magica F\u00eate de la Musique da non perdere. <\/p>\n\n\n\n<p>France Bleu sar\u00e0 al fianco di France 2 per trasmettere la serata in diretta, condotta da Laury Tilleman e Garou. <\/p>\n\n\n\n<p>Il concerto accoglier\u00e0 quindi gratuitamente fino a 30.000 spettatori (capacit\u00e0 massima della Place Mass\u00e9na). Ma, a differenza dell'anno scorso, quando ci si poteva registrare su internet e ritirare il braccialetto che d\u00e0 accesso al concerto sul posto, quest'anno si dovr\u00e0 andare direttamente all'ingresso e fare la fila. Chi prima arriva, meglio alloggia. <\/p>\n\n\n\n<figure class=\"wp-block-image\"><img decoding=\"async\" width=\"1138\" height=\"640\" src=\"https:\/\/chicriviera.com\/wp-content\/uploads\/2019\/06\/e4fdee40-188e-442d-9811-b11937250e23.jpg\" alt=\"\" class=\"wp-image-1857\" srcset=\"https:\/\/chicriviera.com\/wp-content\/uploads\/2019\/06\/e4fdee40-188e-442d-9811-b11937250e23.jpg 1138w, https:\/\/chicriviera.com\/wp-content\/uploads\/2019\/06\/e4fdee40-188e-442d-9811-b11937250e23-300x169.jpg 300w, https:\/\/chicriviera.com\/wp-content\/uploads\/2019\/06\/e4fdee40-188e-442d-9811-b11937250e23-768x432.jpg 768w, https:\/\/chicriviera.com\/wp-content\/uploads\/2019\/06\/e4fdee40-188e-442d-9811-b11937250e23-1024x576.jpg 1024w, https:\/\/chicriviera.com\/wp-content\/uploads\/2019\/06\/e4fdee40-188e-442d-9811-b11937250e23-600x337.jpg 600w\" sizes=\"(max-width: 1138px) 100vw, 1138px\" \/><figcaption>Preparazione per la Festa della Musica <\/figcaption><\/figure>\n\n\n\n<figure class=\"wp-block-image\"><img decoding=\"async\" width=\"640\" height=\"640\" src=\"https:\/\/chicriviera.com\/wp-content\/uploads\/2019\/06\/742e743b-fb67-479c-82f6-1947d903cd2d.jpg\" alt=\"\" class=\"wp-image-1860\" srcset=\"https:\/\/chicriviera.com\/wp-content\/uploads\/2019\/06\/742e743b-fb67-479c-82f6-1947d903cd2d.jpg 640w, https:\/\/chicriviera.com\/wp-content\/uploads\/2019\/06\/742e743b-fb67-479c-82f6-1947d903cd2d-150x150.jpg 150w, https:\/\/chicriviera.com\/wp-content\/uploads\/2019\/06\/742e743b-fb67-479c-82f6-1947d903cd2d-300x300.jpg 300w, https:\/\/chicriviera.com\/wp-content\/uploads\/2019\/06\/742e743b-fb67-479c-82f6-1947d903cd2d-600x600.jpg 600w\" sizes=\"(max-width: 640px) 100vw, 640px\" \/><figcaption>Christian Estrosi e sua moglie, F\u00eate de la Musique 2018<\/figcaption><\/figure>\n\n\n\n<p>Per tutte le informazioni utili: <\/p>\n\n\n\n<ul class=\"wp-block-list\"><li>https:\/\/www.nicetourisme.com\/agenda\/evenement\/3509-fete-de-la-musique<\/li><\/ul>","protected":false},"excerpt":{"rendered":"<p>La F\u00eate de la Musique a \u00e9t\u00e9 un tel succ\u00e8s l\u2019ann\u00e9e derni\u00e8re dans la Cit\u00e9 des Anges, que France T\u00e9l\u00e9visions a d\u00e9cid\u00e9 de renouveler son partenariat avec la Ville de Nice dirig\u00e9e par Christian Estrosi, Maire de Nice. Un grand concert aura lieu sur la c\u00e9l\u00e8bre Place Mass\u00e9na, qui accueillera une palette d\u2019artistes : Patrick [&hellip;]<\/p>\n","protected":false},"author":2,"featured_media":1829,"comment_status":"open","ping_status":"closed","sticky":false,"template":"","format":"standard","meta":{"_genesis_hide_title":false,"_genesis_hide_breadcrumbs":false,"_genesis_hide_singular_image":false,"_genesis_hide_footer_widgets":false,"_genesis_custom_body_class":"","_genesis_custom_post_class":"","_genesis_layout":"","footnotes":""},"categories":[29,337,335,18],"tags":[],"class_list":{"0":"post-1826","1":"post","2":"type-post","3":"status-publish","4":"format-standard","5":"has-post-thumbnail","7":"category-evenements","8":"category-france","9":"category-nice","10":"category-sortir","11":"entry"},"yoast_head":"<!-- This site is optimized with the Yoast SEO plugin v27.1.1 - https:\/\/yoast.com\/product\/yoast-seo-wordpress\/ -->\n<title>F\u00eate de la Musique 2019 \u00e0 Nice, 2\u00e8me \u00e9dition avec France T\u00e9l\u00e9visions - Chic Riviera<\/title>\n<meta name=\"robots\" content=\"index, follow, max-snippet:-1, max-image-preview:large, max-video-preview:-1\" \/>\n<link rel=\"canonical\" href=\"https:\/\/chicriviera.com\/it\/2019\/06\/12\/fete-de-la-musique-2019-a-nice-2eme-edition-with-france-televisions\/\" \/>\n<meta property=\"og:locale\" content=\"it_IT\" \/>\n<meta property=\"og:type\" content=\"article\" \/>\n<meta property=\"og:title\" content=\"F\u00eate de la Musique 2019 \u00e0 Nice, 2\u00e8me \u00e9dition avec France T\u00e9l\u00e9visions - Chic Riviera\" \/>\n<meta property=\"og:description\" content=\"La F\u00eate de la Musique a \u00e9t\u00e9 un tel succ\u00e8s l\u2019ann\u00e9e derni\u00e8re dans la Cit\u00e9 des Anges, que France T\u00e9l\u00e9visions a d\u00e9cid\u00e9 de renouveler son partenariat avec la Ville de Nice dirig\u00e9e par Christian Estrosi, Maire de Nice. Un grand concert aura lieu sur la c\u00e9l\u00e8bre Place Mass\u00e9na, qui accueillera une palette d\u2019artistes : Patrick [&hellip;]\" \/>\n<meta property=\"og:url\" content=\"https:\/\/chicriviera.com\/it\/2019\/06\/12\/fete-de-la-musique-2019-a-nice-2eme-edition-with-france-televisions\/\" \/>\n<meta property=\"og:site_name\" content=\"Chic Riviera\" \/>\n<meta property=\"article:publisher\" content=\"https:\/\/www.facebook.com\/ChicRivieracom\/\" \/>\n<meta property=\"article:published_time\" content=\"2019-06-12T20:26:11+00:00\" \/>\n<meta property=\"article:modified_time\" content=\"2024-04-07T09:18:07+00:00\" \/>\n<meta property=\"og:image\" content=\"https:\/\/chicriviera.com\/wp-content\/uploads\/2019\/06\/7f40535d-8069-4347-8d3b-1013d1891cda-1.jpg\" \/>\n\t<meta property=\"og:image:width\" content=\"724\" \/>\n\t<meta property=\"og:image:height\" content=\"691\" \/>\n\t<meta property=\"og:image:type\" content=\"image\/jpeg\" \/>\n<meta name=\"author\" content=\"Alex\" \/>\n<meta name=\"twitter:card\" content=\"summary_large_image\" \/>\n<meta name=\"twitter:creator\" content=\"@Chic_Riviera\" \/>\n<meta name=\"twitter:site\" content=\"@Chic_Riviera\" \/>\n<meta name=\"twitter:label1\" content=\"Scritto da\" \/>\n\t<meta name=\"twitter:data1\" content=\"Alex\" \/>\n\t<meta name=\"twitter:label2\" content=\"Tempo di lettura stimato\" \/>\n\t<meta name=\"twitter:data2\" content=\"1 minuto\" \/>\n<script type=\"application\/ld+json\" class=\"yoast-schema-graph\">{\"@context\":\"https:\/\/schema.org\",\"@graph\":[{\"@type\":\"Article\",\"@id\":\"https:\/\/chicriviera.com\/2019\/06\/12\/fete-de-la-musique-2019-a-nice-2eme-edition-avec-france-televisions\/#article\",\"isPartOf\":{\"@id\":\"https:\/\/chicriviera.com\/2019\/06\/12\/fete-de-la-musique-2019-a-nice-2eme-edition-avec-france-televisions\/\"},\"author\":{\"name\":\"Alex\",\"@id\":\"https:\/\/chicriviera.com\/es\/#\/schema\/person\/c563ec1d9481b6d038092938cde95a4b\"},\"headline\":\"F\u00eate de la Musique 2019 \u00e0 Nice, 2\u00e8me \u00e9dition avec France T\u00e9l\u00e9visions\",\"datePublished\":\"2019-06-12T20:26:11+00:00\",\"dateModified\":\"2024-04-07T09:18:07+00:00\",\"mainEntityOfPage\":{\"@id\":\"https:\/\/chicriviera.com\/2019\/06\/12\/fete-de-la-musique-2019-a-nice-2eme-edition-avec-france-televisions\/\"},\"wordCount\":258,\"commentCount\":0,\"publisher\":{\"@id\":\"https:\/\/chicriviera.com\/es\/#organization\"},\"image\":{\"@id\":\"https:\/\/chicriviera.com\/2019\/06\/12\/fete-de-la-musique-2019-a-nice-2eme-edition-avec-france-televisions\/#primaryimage\"},\"thumbnailUrl\":\"https:\/\/chicriviera.com\/wp-content\/uploads\/2019\/06\/7f40535d-8069-4347-8d3b-1013d1891cda-1.jpg\",\"articleSection\":[\"\u00c9v\u00e9nements\",\"France\",\"Nice\",\"Sortir\"],\"inLanguage\":\"it-IT\",\"potentialAction\":[{\"@type\":\"CommentAction\",\"name\":\"Comment\",\"target\":[\"https:\/\/chicriviera.com\/2019\/06\/12\/fete-de-la-musique-2019-a-nice-2eme-edition-avec-france-televisions\/#respond\"]}]},{\"@type\":\"WebPage\",\"@id\":\"https:\/\/chicriviera.com\/2019\/06\/12\/fete-de-la-musique-2019-a-nice-2eme-edition-avec-france-televisions\/\",\"url\":\"https:\/\/chicriviera.com\/2019\/06\/12\/fete-de-la-musique-2019-a-nice-2eme-edition-avec-france-televisions\/\",\"name\":\"F\u00eate de la Musique 2019 \u00e0 Nice, 2\u00e8me \u00e9dition avec France T\u00e9l\u00e9visions - Chic Riviera\",\"isPartOf\":{\"@id\":\"https:\/\/chicriviera.com\/es\/#website\"},\"primaryImageOfPage\":{\"@id\":\"https:\/\/chicriviera.com\/2019\/06\/12\/fete-de-la-musique-2019-a-nice-2eme-edition-avec-france-televisions\/#primaryimage\"},\"image\":{\"@id\":\"https:\/\/chicriviera.com\/2019\/06\/12\/fete-de-la-musique-2019-a-nice-2eme-edition-avec-france-televisions\/#primaryimage\"},\"thumbnailUrl\":\"https:\/\/chicriviera.com\/wp-content\/uploads\/2019\/06\/7f40535d-8069-4347-8d3b-1013d1891cda-1.jpg\",\"datePublished\":\"2019-06-12T20:26:11+00:00\",\"dateModified\":\"2024-04-07T09:18:07+00:00\",\"breadcrumb\":{\"@id\":\"https:\/\/chicriviera.com\/2019\/06\/12\/fete-de-la-musique-2019-a-nice-2eme-edition-avec-france-televisions\/#breadcrumb\"},\"inLanguage\":\"it-IT\",\"potentialAction\":[{\"@type\":\"ReadAction\",\"target\":[\"https:\/\/chicriviera.com\/2019\/06\/12\/fete-de-la-musique-2019-a-nice-2eme-edition-avec-france-televisions\/\"]}]},{\"@type\":\"ImageObject\",\"inLanguage\":\"it-IT\",\"@id\":\"https:\/\/chicriviera.com\/2019\/06\/12\/fete-de-la-musique-2019-a-nice-2eme-edition-avec-france-televisions\/#primaryimage\",\"url\":\"https:\/\/chicriviera.com\/wp-content\/uploads\/2019\/06\/7f40535d-8069-4347-8d3b-1013d1891cda-1.jpg\",\"contentUrl\":\"https:\/\/chicriviera.com\/wp-content\/uploads\/2019\/06\/7f40535d-8069-4347-8d3b-1013d1891cda-1.jpg\",\"width\":724,\"height\":691},{\"@type\":\"BreadcrumbList\",\"@id\":\"https:\/\/chicriviera.com\/2019\/06\/12\/fete-de-la-musique-2019-a-nice-2eme-edition-avec-france-televisions\/#breadcrumb\",\"itemListElement\":[{\"@type\":\"ListItem\",\"position\":1,\"name\":\"Accueil\",\"item\":\"https:\/\/chicriviera.com\/\"},{\"@type\":\"ListItem\",\"position\":2,\"name\":\"F\u00eate de la Musique 2019 \u00e0 Nice, 2\u00e8me \u00e9dition avec France T\u00e9l\u00e9visions\"}]},{\"@type\":\"WebSite\",\"@id\":\"https:\/\/chicriviera.com\/es\/#website\",\"url\":\"https:\/\/chicriviera.com\/es\/\",\"name\":\"Chic Riviera\",\"description\":\"Le meilleur de la C\u00f4te d&#039;Azur : Restaurants, Plages, Sorties\",\"publisher\":{\"@id\":\"https:\/\/chicriviera.com\/es\/#organization\"},\"potentialAction\":[{\"@type\":\"SearchAction\",\"target\":{\"@type\":\"EntryPoint\",\"urlTemplate\":\"https:\/\/chicriviera.com\/es\/?s={search_term_string}\"},\"query-input\":{\"@type\":\"PropertyValueSpecification\",\"valueRequired\":true,\"valueName\":\"search_term_string\"}}],\"inLanguage\":\"it-IT\"},{\"@type\":\"Organization\",\"@id\":\"https:\/\/chicriviera.com\/es\/#organization\",\"name\":\"Chic Riviera\",\"url\":\"https:\/\/chicriviera.com\/es\/\",\"logo\":{\"@type\":\"ImageObject\",\"inLanguage\":\"it-IT\",\"@id\":\"https:\/\/chicriviera.com\/es\/#\/schema\/logo\/image\/\",\"url\":\"https:\/\/chicriviera.com\/wp-content\/uploads\/2019\/03\/cropped-crfavicon.png\",\"contentUrl\":\"https:\/\/chicriviera.com\/wp-content\/uploads\/2019\/03\/cropped-crfavicon.png\",\"width\":512,\"height\":512,\"caption\":\"Chic Riviera\"},\"image\":{\"@id\":\"https:\/\/chicriviera.com\/es\/#\/schema\/logo\/image\/\"},\"sameAs\":[\"https:\/\/www.facebook.com\/ChicRivieracom\/\",\"https:\/\/x.com\/Chic_Riviera\",\"https:\/\/www.instagram.com\/chicriviera\/\"]},{\"@type\":\"Person\",\"@id\":\"https:\/\/chicriviera.com\/es\/#\/schema\/person\/c563ec1d9481b6d038092938cde95a4b\",\"name\":\"Alex\",\"image\":{\"@type\":\"ImageObject\",\"inLanguage\":\"it-IT\",\"@id\":\"https:\/\/chicriviera.com\/es\/#\/schema\/person\/image\/\",\"url\":\"https:\/\/secure.gravatar.com\/avatar\/0bb721c49cd74f5b36020571509cc39351075de1991c6145cdbecbab8cf22c82?s=96&d=mm&r=g\",\"contentUrl\":\"https:\/\/secure.gravatar.com\/avatar\/0bb721c49cd74f5b36020571509cc39351075de1991c6145cdbecbab8cf22c82?s=96&d=mm&r=g\",\"caption\":\"Alex\"},\"url\":\"https:\/\/chicriviera.com\/it\/author\/alexben\/\"}]}<\/script>\n<!-- \/ Yoast SEO plugin. -->","yoast_head_json":{"title":"Festa della Musica 2019 a Nizza, 2a edizione con France T\u00e9l\u00e9visions - Riviera Chic","robots":{"index":"index","follow":"follow","max-snippet":"max-snippet:-1","max-image-preview":"max-image-preview:large","max-video-preview":"max-video-preview:-1"},"canonical":"https:\/\/chicriviera.com\/it\/2019\/06\/12\/fete-de-la-musique-2019-a-nice-2eme-edition-with-france-televisions\/","og_locale":"it_IT","og_type":"article","og_title":"F\u00eate de la Musique 2019 \u00e0 Nice, 2\u00e8me \u00e9dition avec France T\u00e9l\u00e9visions - Chic Riviera","og_description":"La F\u00eate de la Musique a \u00e9t\u00e9 un tel succ\u00e8s l\u2019ann\u00e9e derni\u00e8re dans la Cit\u00e9 des Anges, que France T\u00e9l\u00e9visions a d\u00e9cid\u00e9 de renouveler son partenariat avec la Ville de Nice dirig\u00e9e par Christian Estrosi, Maire de Nice. Un grand concert aura lieu sur la c\u00e9l\u00e8bre Place Mass\u00e9na, qui accueillera une palette d\u2019artistes : Patrick [&hellip;]","og_url":"https:\/\/chicriviera.com\/it\/2019\/06\/12\/fete-de-la-musique-2019-a-nice-2eme-edition-with-france-televisions\/","og_site_name":"Chic Riviera","article_publisher":"https:\/\/www.facebook.com\/ChicRivieracom\/","article_published_time":"2019-06-12T20:26:11+00:00","article_modified_time":"2024-04-07T09:18:07+00:00","og_image":[{"width":724,"height":691,"url":"https:\/\/chicriviera.com\/wp-content\/uploads\/2019\/06\/7f40535d-8069-4347-8d3b-1013d1891cda-1.jpg","type":"image\/jpeg"}],"author":"Alex","twitter_card":"summary_large_image","twitter_creator":"@Chic_Riviera","twitter_site":"@Chic_Riviera","twitter_misc":{"Scritto da":"Alex","Tempo di lettura stimato":"1 minuto"},"schema":{"@context":"https:\/\/schema.org","@graph":[{"@type":"Article","@id":"https:\/\/chicriviera.com\/2019\/06\/12\/fete-de-la-musique-2019-a-nice-2eme-edition-avec-france-televisions\/#article","isPartOf":{"@id":"https:\/\/chicriviera.com\/2019\/06\/12\/fete-de-la-musique-2019-a-nice-2eme-edition-avec-france-televisions\/"},"author":{"name":"Alex","@id":"https:\/\/chicriviera.com\/es\/#\/schema\/person\/c563ec1d9481b6d038092938cde95a4b"},"headline":"F\u00eate de la Musique 2019 \u00e0 Nice, 2\u00e8me \u00e9dition avec France T\u00e9l\u00e9visions","datePublished":"2019-06-12T20:26:11+00:00","dateModified":"2024-04-07T09:18:07+00:00","mainEntityOfPage":{"@id":"https:\/\/chicriviera.com\/2019\/06\/12\/fete-de-la-musique-2019-a-nice-2eme-edition-avec-france-televisions\/"},"wordCount":258,"commentCount":0,"publisher":{"@id":"https:\/\/chicriviera.com\/es\/#organization"},"image":{"@id":"https:\/\/chicriviera.com\/2019\/06\/12\/fete-de-la-musique-2019-a-nice-2eme-edition-avec-france-televisions\/#primaryimage"},"thumbnailUrl":"https:\/\/chicriviera.com\/wp-content\/uploads\/2019\/06\/7f40535d-8069-4347-8d3b-1013d1891cda-1.jpg","articleSection":["\u00c9v\u00e9nements","France","Nice","Sortir"],"inLanguage":"it-IT","potentialAction":[{"@type":"CommentAction","name":"Comment","target":["https:\/\/chicriviera.com\/2019\/06\/12\/fete-de-la-musique-2019-a-nice-2eme-edition-avec-france-televisions\/#respond"]}]},{"@type":"WebPage","@id":"https:\/\/chicriviera.com\/2019\/06\/12\/fete-de-la-musique-2019-a-nice-2eme-edition-avec-france-televisions\/","url":"https:\/\/chicriviera.com\/2019\/06\/12\/fete-de-la-musique-2019-a-nice-2eme-edition-avec-france-televisions\/","name":"Festa della Musica 2019 a Nizza, 2a edizione con France T\u00e9l\u00e9visions - Riviera Chic","isPartOf":{"@id":"https:\/\/chicriviera.com\/es\/#website"},"primaryImageOfPage":{"@id":"https:\/\/chicriviera.com\/2019\/06\/12\/fete-de-la-musique-2019-a-nice-2eme-edition-avec-france-televisions\/#primaryimage"},"image":{"@id":"https:\/\/chicriviera.com\/2019\/06\/12\/fete-de-la-musique-2019-a-nice-2eme-edition-avec-france-televisions\/#primaryimage"},"thumbnailUrl":"https:\/\/chicriviera.com\/wp-content\/uploads\/2019\/06\/7f40535d-8069-4347-8d3b-1013d1891cda-1.jpg","datePublished":"2019-06-12T20:26:11+00:00","dateModified":"2024-04-07T09:18:07+00:00","breadcrumb":{"@id":"https:\/\/chicriviera.com\/2019\/06\/12\/fete-de-la-musique-2019-a-nice-2eme-edition-avec-france-televisions\/#breadcrumb"},"inLanguage":"it-IT","potentialAction":[{"@type":"ReadAction","target":["https:\/\/chicriviera.com\/2019\/06\/12\/fete-de-la-musique-2019-a-nice-2eme-edition-avec-france-televisions\/"]}]},{"@type":"ImageObject","inLanguage":"it-IT","@id":"https:\/\/chicriviera.com\/2019\/06\/12\/fete-de-la-musique-2019-a-nice-2eme-edition-avec-france-televisions\/#primaryimage","url":"https:\/\/chicriviera.com\/wp-content\/uploads\/2019\/06\/7f40535d-8069-4347-8d3b-1013d1891cda-1.jpg","contentUrl":"https:\/\/chicriviera.com\/wp-content\/uploads\/2019\/06\/7f40535d-8069-4347-8d3b-1013d1891cda-1.jpg","width":724,"height":691},{"@type":"BreadcrumbList","@id":"https:\/\/chicriviera.com\/2019\/06\/12\/fete-de-la-musique-2019-a-nice-2eme-edition-avec-france-televisions\/#breadcrumb","itemListElement":[{"@type":"ListItem","position":1,"name":"Accueil","item":"https:\/\/chicriviera.com\/"},{"@type":"ListItem","position":2,"name":"F\u00eate de la Musique 2019 \u00e0 Nice, 2\u00e8me \u00e9dition avec France T\u00e9l\u00e9visions"}]},{"@type":"WebSite","@id":"https:\/\/chicriviera.com\/es\/#website","url":"https:\/\/chicriviera.com\/es\/","name":"Chic Riviera","description":"Il meglio della Costa Azzurra : Ristoranti, spiagge, gite","publisher":{"@id":"https:\/\/chicriviera.com\/es\/#organization"},"potentialAction":[{"@type":"SearchAction","target":{"@type":"EntryPoint","urlTemplate":"https:\/\/chicriviera.com\/es\/?s={search_term_string}"},"query-input":{"@type":"PropertyValueSpecification","valueRequired":true,"valueName":"search_term_string"}}],"inLanguage":"it-IT"},{"@type":"Organization","@id":"https:\/\/chicriviera.com\/es\/#organization","name":"Chic Riviera","url":"https:\/\/chicriviera.com\/es\/","logo":{"@type":"ImageObject","inLanguage":"it-IT","@id":"https:\/\/chicriviera.com\/es\/#\/schema\/logo\/image\/","url":"https:\/\/chicriviera.com\/wp-content\/uploads\/2019\/03\/cropped-crfavicon.png","contentUrl":"https:\/\/chicriviera.com\/wp-content\/uploads\/2019\/03\/cropped-crfavicon.png","width":512,"height":512,"caption":"Chic Riviera"},"image":{"@id":"https:\/\/chicriviera.com\/es\/#\/schema\/logo\/image\/"},"sameAs":["https:\/\/www.facebook.com\/ChicRivieracom\/","https:\/\/x.com\/Chic_Riviera","https:\/\/www.instagram.com\/chicriviera\/"]},{"@type":"Person","@id":"https:\/\/chicriviera.com\/es\/#\/schema\/person\/c563ec1d9481b6d038092938cde95a4b","name":"Alex","image":{"@type":"ImageObject","inLanguage":"it-IT","@id":"https:\/\/chicriviera.com\/es\/#\/schema\/person\/image\/","url":"https:\/\/secure.gravatar.com\/avatar\/0bb721c49cd74f5b36020571509cc39351075de1991c6145cdbecbab8cf22c82?s=96&d=mm&r=g","contentUrl":"https:\/\/secure.gravatar.com\/avatar\/0bb721c49cd74f5b36020571509cc39351075de1991c6145cdbecbab8cf22c82?s=96&d=mm&r=g","caption":"Alex"},"url":"https:\/\/chicriviera.com\/it\/author\/alexben\/"}]}},"_links":{"self":[{"href":"https:\/\/chicriviera.com\/it\/wp-json\/wp\/v2\/posts\/1826","targetHints":{"allow":["GET"]}}],"collection":[{"href":"https:\/\/chicriviera.com\/it\/wp-json\/wp\/v2\/posts"}],"about":[{"href":"https:\/\/chicriviera.com\/it\/wp-json\/wp\/v2\/types\/post"}],"author":[{"embeddable":true,"href":"https:\/\/chicriviera.com\/it\/wp-json\/wp\/v2\/users\/2"}],"replies":[{"embeddable":true,"href":"https:\/\/chicriviera.com\/it\/wp-json\/wp\/v2\/comments?post=1826"}],"version-history":[{"count":30,"href":"https:\/\/chicriviera.com\/it\/wp-json\/wp\/v2\/posts\/1826\/revisions"}],"predecessor-version":[{"id":1865,"href":"https:\/\/chicriviera.com\/it\/wp-json\/wp\/v2\/posts\/1826\/revisions\/1865"}],"wp:featuredmedia":[{"embeddable":true,"href":"https:\/\/chicriviera.com\/it\/wp-json\/wp\/v2\/media\/1829"}],"wp:attachment":[{"href":"https:\/\/chicriviera.com\/it\/wp-json\/wp\/v2\/media?parent=1826"}],"wp:term":[{"taxonomy":"category","embeddable":true,"href":"https:\/\/chicriviera.com\/it\/wp-json\/wp\/v2\/categories?post=1826"},{"taxonomy":"post_tag","embeddable":true,"href":"https:\/\/chicriviera.com\/it\/wp-json\/wp\/v2\/tags?post=1826"}],"curies":[{"name":"wp","href":"https:\/\/api.w.org\/{rel}","templated":true}]}}