{"id":1338,"date":"2019-04-12T01:05:36","date_gmt":"2019-04-11T23:05:36","guid":{"rendered":"https:\/\/chicriviera.com\/?p=1338"},"modified":"2019-04-12T10:43:00","modified_gmt":"2019-04-12T08:43:00","slug":"ceremonie-de-cloture-des-canneseries-2019","status":"publish","type":"post","link":"https:\/\/chicriviera.com\/it\/2019\/04\/12\/chiusura-cerimonia-della-canneseria-2019\/","title":{"rendered":"Cerimonia di chiusura delle CANNESERIES 2019"},"content":{"rendered":"<p>Questa seconda edizione di CannesSeries \u00e8 stata un vero successo! Possiamo congratularci con gli organizzatori e il sindaco di Cannes, David Lisnard, che hanno fatto un lavoro \"impeccabile\". Tutto era al top per accogliere gli attori, i registi e i 25.000 spettatori che hanno assistito al Festival, vale a dire 5.000 in pi\u00f9 dell'anno scorso.<\/p>\n<p>Ringraziamo anche David Lisnard e la citt\u00e0 di Cannes per aver permesso agli abitanti di Cannes di assistere alle sessioni cos\u00ec facilmente e soprattutto gratuitamente.<\/p>\n<p><img decoding=\"async\" src=\"https:\/\/chicriviera.com\/wp-content\/uploads\/2019\/04\/img_0669.jpg\" class=\"size-full wp-image-1391\" width=\"950\" height=\"1424\" srcset=\"https:\/\/chicriviera.com\/wp-content\/uploads\/2019\/04\/img_0669.jpg 950w, https:\/\/chicriviera.com\/wp-content\/uploads\/2019\/04\/img_0669-200x300.jpg 200w, https:\/\/chicriviera.com\/wp-content\/uploads\/2019\/04\/img_0669-768x1151.jpg 768w, https:\/\/chicriviera.com\/wp-content\/uploads\/2019\/04\/img_0669-683x1024.jpg 683w, https:\/\/chicriviera.com\/wp-content\/uploads\/2019\/04\/img_0669-600x899.jpg 600w\" sizes=\"(max-width: 950px) 100vw, 950px\" \/>David Lisnard Sindaco di Cannes<\/p>\n<p><img decoding=\"async\" src=\"https:\/\/chicriviera.com\/wp-content\/uploads\/2019\/04\/8f10d8d4-6e88-43a9-9d9f-0b7480478f0c-1.jpg\" class=\"size-full wp-image-1395\" width=\"2448\" height=\"2448\" srcset=\"https:\/\/chicriviera.com\/wp-content\/uploads\/2019\/04\/8f10d8d4-6e88-43a9-9d9f-0b7480478f0c-1.jpg 2448w, https:\/\/chicriviera.com\/wp-content\/uploads\/2019\/04\/8f10d8d4-6e88-43a9-9d9f-0b7480478f0c-1-150x150.jpg 150w, https:\/\/chicriviera.com\/wp-content\/uploads\/2019\/04\/8f10d8d4-6e88-43a9-9d9f-0b7480478f0c-1-300x300.jpg 300w, https:\/\/chicriviera.com\/wp-content\/uploads\/2019\/04\/8f10d8d4-6e88-43a9-9d9f-0b7480478f0c-1-768x768.jpg 768w, https:\/\/chicriviera.com\/wp-content\/uploads\/2019\/04\/8f10d8d4-6e88-43a9-9d9f-0b7480478f0c-1-1024x1024.jpg 1024w, https:\/\/chicriviera.com\/wp-content\/uploads\/2019\/04\/8f10d8d4-6e88-43a9-9d9f-0b7480478f0c-1-600x600.jpg 600w, https:\/\/chicriviera.com\/wp-content\/uploads\/2019\/04\/8f10d8d4-6e88-43a9-9d9f-0b7480478f0c-1-1320x1320.jpg 1320w\" sizes=\"(max-width: 2448px) 100vw, 2448px\" \/>Gli attori sul tappeto rosa<\/p>\n<p><img decoding=\"async\" src=\"https:\/\/chicriviera.com\/wp-content\/uploads\/2019\/04\/img_0668.jpg\" class=\"size-full\">Ramzy.<\/p>\n<h1>Il <strong>Cerimonia<\/strong> da <strong>Recinto<\/strong> :<\/h1>\n<p>Presentata da Monsieur Poulpe, arrivato a cavallo sul palco del Palais des Festivals, che era tutto esaurito, questa cerimonia di chiusura, in presenza del sindaco di Cannes e di sua moglie, ha portato un'ora di relax al pubblico. Sketch, umorismo, sobriet\u00e0 degli ospiti, Monsieur Poulpe come presentatore molto professionale, e la lista dei premi dei vincitori:<\/p>\n<p>Premio per la migliore serie: Perfect Life, Spagna.<\/p>\n<p>Performance Award: Reshef Levi, per la serie \"Nehama\", Israele<\/p>\n<p>Premio per la migliore musica di serie: Christoph M. Kaiser e Julian Maas per la serie \"A New Era\", Germania.<\/p>\n<p>Premio per la migliore sceneggiatura: Bert Van Dael e Sanne Nuyens, per la serie \"The Twelve\", Belgio.<\/p>\n<p>Un premio speciale per la performance \u00e8 stato dato alle 3 attrici della serie \"Perfect Life\", Spagna: Laeticia Dolera, Celia Freijeiro e Aixa Villagr\u00e1n.<\/p>\n<p>Per non parlare del premio per la migliore serie breve: Over And Out, Australia.<\/p>\n<p>Tutti sono stati toccati dal commovente discorso di Reshef Levi.<\/p>\n<p><img decoding=\"async\" src=\"https:\/\/chicriviera.com\/wp-content\/uploads\/2019\/04\/8e9f8bcb-8110-4216-95f0-5643883737a9-1.jpg\" class=\"size-full wp-image-1370\" width=\"2448\" height=\"2448\" srcset=\"https:\/\/chicriviera.com\/wp-content\/uploads\/2019\/04\/8e9f8bcb-8110-4216-95f0-5643883737a9-1.jpg 2448w, https:\/\/chicriviera.com\/wp-content\/uploads\/2019\/04\/8e9f8bcb-8110-4216-95f0-5643883737a9-1-150x150.jpg 150w, https:\/\/chicriviera.com\/wp-content\/uploads\/2019\/04\/8e9f8bcb-8110-4216-95f0-5643883737a9-1-300x300.jpg 300w, https:\/\/chicriviera.com\/wp-content\/uploads\/2019\/04\/8e9f8bcb-8110-4216-95f0-5643883737a9-1-768x768.jpg 768w, https:\/\/chicriviera.com\/wp-content\/uploads\/2019\/04\/8e9f8bcb-8110-4216-95f0-5643883737a9-1-1024x1024.jpg 1024w, https:\/\/chicriviera.com\/wp-content\/uploads\/2019\/04\/8e9f8bcb-8110-4216-95f0-5643883737a9-1-600x600.jpg 600w, https:\/\/chicriviera.com\/wp-content\/uploads\/2019\/04\/8e9f8bcb-8110-4216-95f0-5643883737a9-1-1320x1320.jpg 1320w\" sizes=\"(max-width: 2448px) 100vw, 2448px\" \/>Mr. Octopus e il suo cavallo sul palco<\/p>\n<h1>Anni e anni<\/h1>\n<p>Dopo la cerimonia di chiusura, il pubblico ha potuto assistere all'anteprima dell'episodio 1 della serie britannica di Russell T Davies, con Emma Thompson.<\/p>\n<p>Un vero capolavoro, il pubblico ha dato all'episodio 1 una grande accoglienza, e non vediamo l'ora di vedere gli altri episodi. Alla fine dello spettacolo, Russell T Davies e Russell Tovey sono stati calorosamente applauditi. Hanno accettato i selfie con il pubblico con piacere, gentilezza e molta umilt\u00e0 e hanno anche scambiato con loro.<\/p>\n<p>Ci vediamo l'anno prossimo per la terza edizione!<\/p>\n<p><img decoding=\"async\" src=\"https:\/\/chicriviera.com\/wp-content\/uploads\/2019\/04\/862cef4d-d648-4428-896e-b13710d18d56.jpg\" class=\"size-full wp-image-1363\" width=\"3083\" height=\"2448\" srcset=\"https:\/\/chicriviera.com\/wp-content\/uploads\/2019\/04\/862cef4d-d648-4428-896e-b13710d18d56.jpg 3083w, https:\/\/chicriviera.com\/wp-content\/uploads\/2019\/04\/862cef4d-d648-4428-896e-b13710d18d56-300x238.jpg 300w, https:\/\/chicriviera.com\/wp-content\/uploads\/2019\/04\/862cef4d-d648-4428-896e-b13710d18d56-768x610.jpg 768w, https:\/\/chicriviera.com\/wp-content\/uploads\/2019\/04\/862cef4d-d648-4428-896e-b13710d18d56-1024x813.jpg 1024w, https:\/\/chicriviera.com\/wp-content\/uploads\/2019\/04\/862cef4d-d648-4428-896e-b13710d18d56-600x476.jpg 600w, https:\/\/chicriviera.com\/wp-content\/uploads\/2019\/04\/862cef4d-d648-4428-896e-b13710d18d56-1320x1048.jpg 1320w\" sizes=\"(max-width: 3083px) 100vw, 3083px\" \/>Russel T Davies<\/p>\n<p><img decoding=\"async\" src=\"https:\/\/chicriviera.com\/wp-content\/uploads\/2019\/04\/71d85511-37e2-4f57-b8b1-ec989da14d51.jpg\" class=\"size-full wp-image-1364\" width=\"2448\" height=\"2448\" srcset=\"https:\/\/chicriviera.com\/wp-content\/uploads\/2019\/04\/71d85511-37e2-4f57-b8b1-ec989da14d51.jpg 2448w, https:\/\/chicriviera.com\/wp-content\/uploads\/2019\/04\/71d85511-37e2-4f57-b8b1-ec989da14d51-150x150.jpg 150w, https:\/\/chicriviera.com\/wp-content\/uploads\/2019\/04\/71d85511-37e2-4f57-b8b1-ec989da14d51-300x300.jpg 300w, https:\/\/chicriviera.com\/wp-content\/uploads\/2019\/04\/71d85511-37e2-4f57-b8b1-ec989da14d51-768x768.jpg 768w, https:\/\/chicriviera.com\/wp-content\/uploads\/2019\/04\/71d85511-37e2-4f57-b8b1-ec989da14d51-1024x1024.jpg 1024w, https:\/\/chicriviera.com\/wp-content\/uploads\/2019\/04\/71d85511-37e2-4f57-b8b1-ec989da14d51-600x600.jpg 600w, https:\/\/chicriviera.com\/wp-content\/uploads\/2019\/04\/71d85511-37e2-4f57-b8b1-ec989da14d51-1320x1320.jpg 1320w\" sizes=\"(max-width: 2448px) 100vw, 2448px\" \/>Russell Tovey<\/p>\n<p>Fonte: Foto: Alex Benchetrit<\/p>","protected":false},"excerpt":{"rendered":"<p>Cette seconde \u00e9dition des CannesSeries aura \u00e9t\u00e9 un vrai succ\u00e8s ! On peut f\u00e9liciter les organisateurs et le Maire de Cannes, David Lisnard, qui ont fait un \u00ab\u00a0sans faute\u00a0\u00bb. Tout \u00e9tait au top pour accueillir les acteurs, r\u00e9alisateurs, et les 25 000 spectateurs qui ont particip\u00e9 au Festival, soit 5000 de plus que l&rsquo;an pass\u00e9. [&hellip;]<\/p>\n","protected":false},"author":2,"featured_media":1350,"comment_status":"open","ping_status":"closed","sticky":false,"template":"","format":"standard","meta":{"_genesis_hide_title":false,"_genesis_hide_breadcrumbs":false,"_genesis_hide_singular_image":false,"_genesis_hide_footer_widgets":false,"_genesis_custom_body_class":"","_genesis_custom_post_class":"","_genesis_layout":"","footnotes":""},"categories":[29],"tags":[],"class_list":{"0":"post-1338","1":"post","2":"type-post","3":"status-publish","4":"format-standard","5":"has-post-thumbnail","7":"category-evenements","8":"entry"},"yoast_head":"<!-- This site is optimized with the Yoast SEO plugin v27.1.1 - https:\/\/yoast.com\/product\/yoast-seo-wordpress\/ -->\n<title>C\u00e9r\u00e9monie de Cl\u00f4ture des CANNESERIES 2019 - Chic Riviera<\/title>\n<meta name=\"robots\" content=\"index, follow, max-snippet:-1, max-image-preview:large, max-video-preview:-1\" \/>\n<link rel=\"canonical\" href=\"https:\/\/chicriviera.com\/it\/2019\/04\/12\/chiusura-cerimonia-della-canneseria-2019\/\" \/>\n<meta property=\"og:locale\" content=\"it_IT\" \/>\n<meta property=\"og:type\" content=\"article\" \/>\n<meta property=\"og:title\" content=\"C\u00e9r\u00e9monie de Cl\u00f4ture des CANNESERIES 2019 - Chic Riviera\" \/>\n<meta property=\"og:description\" content=\"Cette seconde \u00e9dition des CannesSeries aura \u00e9t\u00e9 un vrai succ\u00e8s ! On peut f\u00e9liciter les organisateurs et le Maire de Cannes, David Lisnard, qui ont fait un \u00ab\u00a0sans faute\u00a0\u00bb. Tout \u00e9tait au top pour accueillir les acteurs, r\u00e9alisateurs, et les 25 000 spectateurs qui ont particip\u00e9 au Festival, soit 5000 de plus que l&rsquo;an pass\u00e9. [&hellip;]\" \/>\n<meta property=\"og:url\" content=\"https:\/\/chicriviera.com\/it\/2019\/04\/12\/chiusura-cerimonia-della-canneseria-2019\/\" \/>\n<meta property=\"og:site_name\" content=\"Chic Riviera\" \/>\n<meta property=\"article:publisher\" content=\"https:\/\/www.facebook.com\/ChicRivieracom\/\" \/>\n<meta property=\"article:published_time\" content=\"2019-04-11T23:05:36+00:00\" \/>\n<meta property=\"article:modified_time\" content=\"2019-04-12T08:43:00+00:00\" \/>\n<meta property=\"og:image\" content=\"https:\/\/chicriviera.com\/wp-content\/uploads\/2019\/04\/54f0635d-d518-49a0-a8d3-e2da15d687d6.jpg\" \/>\n\t<meta property=\"og:image:width\" content=\"2448\" \/>\n\t<meta property=\"og:image:height\" content=\"3060\" \/>\n\t<meta property=\"og:image:type\" content=\"image\/jpeg\" \/>\n<meta name=\"author\" content=\"Alex\" \/>\n<meta name=\"twitter:card\" content=\"summary_large_image\" \/>\n<meta name=\"twitter:creator\" content=\"@Chic_Riviera\" \/>\n<meta name=\"twitter:site\" content=\"@Chic_Riviera\" \/>\n<meta name=\"twitter:label1\" content=\"Scritto da\" \/>\n\t<meta name=\"twitter:data1\" content=\"Alex\" \/>\n\t<meta name=\"twitter:label2\" content=\"Tempo di lettura stimato\" \/>\n\t<meta name=\"twitter:data2\" content=\"2 minuti\" \/>\n<script type=\"application\/ld+json\" class=\"yoast-schema-graph\">{\"@context\":\"https:\/\/schema.org\",\"@graph\":[{\"@type\":\"Article\",\"@id\":\"https:\/\/chicriviera.com\/it\/2019\/04\/12\/chiusura-cerimonia-della-canneseria-2019\/#article\",\"isPartOf\":{\"@id\":\"https:\/\/chicriviera.com\/it\/2019\/04\/12\/chiusura-cerimonia-della-canneseria-2019\/\"},\"author\":{\"name\":\"Alex\",\"@id\":\"https:\/\/chicriviera.com\/es\/#\/schema\/person\/c563ec1d9481b6d038092938cde95a4b\"},\"headline\":\"C\u00e9r\u00e9monie de Cl\u00f4ture des CANNESERIES 2019\",\"datePublished\":\"2019-04-11T23:05:36+00:00\",\"dateModified\":\"2019-04-12T08:43:00+00:00\",\"mainEntityOfPage\":{\"@id\":\"https:\/\/chicriviera.com\/it\/2019\/04\/12\/chiusura-cerimonia-della-canneseria-2019\/\"},\"wordCount\":411,\"commentCount\":0,\"publisher\":{\"@id\":\"https:\/\/chicriviera.com\/es\/#organization\"},\"image\":{\"@id\":\"https:\/\/chicriviera.com\/it\/2019\/04\/12\/chiusura-cerimonia-della-canneseria-2019\/#primaryimage\"},\"thumbnailUrl\":\"https:\/\/chicriviera.com\/wp-content\/uploads\/2019\/04\/54f0635d-d518-49a0-a8d3-e2da15d687d6.jpg\",\"articleSection\":[\"\u00c9v\u00e9nements\"],\"inLanguage\":\"it-IT\",\"potentialAction\":[{\"@type\":\"CommentAction\",\"name\":\"Comment\",\"target\":[\"https:\/\/chicriviera.com\/it\/2019\/04\/12\/chiusura-cerimonia-della-canneseria-2019\/#respond\"]}]},{\"@type\":\"WebPage\",\"@id\":\"https:\/\/chicriviera.com\/it\/2019\/04\/12\/chiusura-cerimonia-della-canneseria-2019\/\",\"url\":\"https:\/\/chicriviera.com\/it\/2019\/04\/12\/chiusura-cerimonia-della-canneseria-2019\/\",\"name\":\"C\u00e9r\u00e9monie de Cl\u00f4ture des CANNESERIES 2019 - Chic Riviera\",\"isPartOf\":{\"@id\":\"https:\/\/chicriviera.com\/es\/#website\"},\"primaryImageOfPage\":{\"@id\":\"https:\/\/chicriviera.com\/it\/2019\/04\/12\/chiusura-cerimonia-della-canneseria-2019\/#primaryimage\"},\"image\":{\"@id\":\"https:\/\/chicriviera.com\/it\/2019\/04\/12\/chiusura-cerimonia-della-canneseria-2019\/#primaryimage\"},\"thumbnailUrl\":\"https:\/\/chicriviera.com\/wp-content\/uploads\/2019\/04\/54f0635d-d518-49a0-a8d3-e2da15d687d6.jpg\",\"datePublished\":\"2019-04-11T23:05:36+00:00\",\"dateModified\":\"2019-04-12T08:43:00+00:00\",\"breadcrumb\":{\"@id\":\"https:\/\/chicriviera.com\/it\/2019\/04\/12\/chiusura-cerimonia-della-canneseria-2019\/#breadcrumb\"},\"inLanguage\":\"it-IT\",\"potentialAction\":[{\"@type\":\"ReadAction\",\"target\":[\"https:\/\/chicriviera.com\/it\/2019\/04\/12\/chiusura-cerimonia-della-canneseria-2019\/\"]}]},{\"@type\":\"ImageObject\",\"inLanguage\":\"it-IT\",\"@id\":\"https:\/\/chicriviera.com\/it\/2019\/04\/12\/chiusura-cerimonia-della-canneseria-2019\/#primaryimage\",\"url\":\"https:\/\/chicriviera.com\/wp-content\/uploads\/2019\/04\/54f0635d-d518-49a0-a8d3-e2da15d687d6.jpg\",\"contentUrl\":\"https:\/\/chicriviera.com\/wp-content\/uploads\/2019\/04\/54f0635d-d518-49a0-a8d3-e2da15d687d6.jpg\",\"width\":2448,\"height\":3060},{\"@type\":\"BreadcrumbList\",\"@id\":\"https:\/\/chicriviera.com\/it\/2019\/04\/12\/chiusura-cerimonia-della-canneseria-2019\/#breadcrumb\",\"itemListElement\":[{\"@type\":\"ListItem\",\"position\":1,\"name\":\"Accueil\",\"item\":\"https:\/\/chicriviera.com\/\"},{\"@type\":\"ListItem\",\"position\":2,\"name\":\"C\u00e9r\u00e9monie de Cl\u00f4ture des CANNESERIES 2019\"}]},{\"@type\":\"WebSite\",\"@id\":\"https:\/\/chicriviera.com\/es\/#website\",\"url\":\"https:\/\/chicriviera.com\/es\/\",\"name\":\"Chic Riviera\",\"description\":\"Le meilleur de la C\u00f4te d&#039;Azur : Restaurants, Plages, Sorties\",\"publisher\":{\"@id\":\"https:\/\/chicriviera.com\/es\/#organization\"},\"potentialAction\":[{\"@type\":\"SearchAction\",\"target\":{\"@type\":\"EntryPoint\",\"urlTemplate\":\"https:\/\/chicriviera.com\/es\/?s={search_term_string}\"},\"query-input\":{\"@type\":\"PropertyValueSpecification\",\"valueRequired\":true,\"valueName\":\"search_term_string\"}}],\"inLanguage\":\"it-IT\"},{\"@type\":\"Organization\",\"@id\":\"https:\/\/chicriviera.com\/es\/#organization\",\"name\":\"Chic Riviera\",\"url\":\"https:\/\/chicriviera.com\/es\/\",\"logo\":{\"@type\":\"ImageObject\",\"inLanguage\":\"it-IT\",\"@id\":\"https:\/\/chicriviera.com\/es\/#\/schema\/logo\/image\/\",\"url\":\"https:\/\/chicriviera.com\/wp-content\/uploads\/2019\/03\/cropped-crfavicon.png\",\"contentUrl\":\"https:\/\/chicriviera.com\/wp-content\/uploads\/2019\/03\/cropped-crfavicon.png\",\"width\":512,\"height\":512,\"caption\":\"Chic Riviera\"},\"image\":{\"@id\":\"https:\/\/chicriviera.com\/es\/#\/schema\/logo\/image\/\"},\"sameAs\":[\"https:\/\/www.facebook.com\/ChicRivieracom\/\",\"https:\/\/x.com\/Chic_Riviera\",\"https:\/\/www.instagram.com\/chicriviera\/\"]},{\"@type\":\"Person\",\"@id\":\"https:\/\/chicriviera.com\/es\/#\/schema\/person\/c563ec1d9481b6d038092938cde95a4b\",\"name\":\"Alex\",\"image\":{\"@type\":\"ImageObject\",\"inLanguage\":\"it-IT\",\"@id\":\"https:\/\/chicriviera.com\/es\/#\/schema\/person\/image\/\",\"url\":\"https:\/\/secure.gravatar.com\/avatar\/0bb721c49cd74f5b36020571509cc39351075de1991c6145cdbecbab8cf22c82?s=96&d=mm&r=g\",\"contentUrl\":\"https:\/\/secure.gravatar.com\/avatar\/0bb721c49cd74f5b36020571509cc39351075de1991c6145cdbecbab8cf22c82?s=96&d=mm&r=g\",\"caption\":\"Alex\"},\"url\":\"https:\/\/chicriviera.com\/it\/author\/alexben\/\"}]}<\/script>\n<!-- \/ Yoast SEO plugin. -->","yoast_head_json":{"title":"Cerimonia di chiusura delle CANNESERIES 2019 - Chic Riviera","robots":{"index":"index","follow":"follow","max-snippet":"max-snippet:-1","max-image-preview":"max-image-preview:large","max-video-preview":"max-video-preview:-1"},"canonical":"https:\/\/chicriviera.com\/it\/2019\/04\/12\/chiusura-cerimonia-della-canneseria-2019\/","og_locale":"it_IT","og_type":"article","og_title":"C\u00e9r\u00e9monie de Cl\u00f4ture des CANNESERIES 2019 - Chic Riviera","og_description":"Cette seconde \u00e9dition des CannesSeries aura \u00e9t\u00e9 un vrai succ\u00e8s ! On peut f\u00e9liciter les organisateurs et le Maire de Cannes, David Lisnard, qui ont fait un \u00ab\u00a0sans faute\u00a0\u00bb. Tout \u00e9tait au top pour accueillir les acteurs, r\u00e9alisateurs, et les 25 000 spectateurs qui ont particip\u00e9 au Festival, soit 5000 de plus que l&rsquo;an pass\u00e9. [&hellip;]","og_url":"https:\/\/chicriviera.com\/it\/2019\/04\/12\/chiusura-cerimonia-della-canneseria-2019\/","og_site_name":"Chic Riviera","article_publisher":"https:\/\/www.facebook.com\/ChicRivieracom\/","article_published_time":"2019-04-11T23:05:36+00:00","article_modified_time":"2019-04-12T08:43:00+00:00","og_image":[{"width":2448,"height":3060,"url":"https:\/\/chicriviera.com\/wp-content\/uploads\/2019\/04\/54f0635d-d518-49a0-a8d3-e2da15d687d6.jpg","type":"image\/jpeg"}],"author":"Alex","twitter_card":"summary_large_image","twitter_creator":"@Chic_Riviera","twitter_site":"@Chic_Riviera","twitter_misc":{"Scritto da":"Alex","Tempo di lettura stimato":"2 minuti"},"schema":{"@context":"https:\/\/schema.org","@graph":[{"@type":"Article","@id":"https:\/\/chicriviera.com\/it\/2019\/04\/12\/chiusura-cerimonia-della-canneseria-2019\/#article","isPartOf":{"@id":"https:\/\/chicriviera.com\/it\/2019\/04\/12\/chiusura-cerimonia-della-canneseria-2019\/"},"author":{"name":"Alex","@id":"https:\/\/chicriviera.com\/es\/#\/schema\/person\/c563ec1d9481b6d038092938cde95a4b"},"headline":"C\u00e9r\u00e9monie de Cl\u00f4ture des CANNESERIES 2019","datePublished":"2019-04-11T23:05:36+00:00","dateModified":"2019-04-12T08:43:00+00:00","mainEntityOfPage":{"@id":"https:\/\/chicriviera.com\/it\/2019\/04\/12\/chiusura-cerimonia-della-canneseria-2019\/"},"wordCount":411,"commentCount":0,"publisher":{"@id":"https:\/\/chicriviera.com\/es\/#organization"},"image":{"@id":"https:\/\/chicriviera.com\/it\/2019\/04\/12\/chiusura-cerimonia-della-canneseria-2019\/#primaryimage"},"thumbnailUrl":"https:\/\/chicriviera.com\/wp-content\/uploads\/2019\/04\/54f0635d-d518-49a0-a8d3-e2da15d687d6.jpg","articleSection":["\u00c9v\u00e9nements"],"inLanguage":"it-IT","potentialAction":[{"@type":"CommentAction","name":"Comment","target":["https:\/\/chicriviera.com\/it\/2019\/04\/12\/chiusura-cerimonia-della-canneseria-2019\/#respond"]}]},{"@type":"WebPage","@id":"https:\/\/chicriviera.com\/it\/2019\/04\/12\/chiusura-cerimonia-della-canneseria-2019\/","url":"https:\/\/chicriviera.com\/it\/2019\/04\/12\/chiusura-cerimonia-della-canneseria-2019\/","name":"Cerimonia di chiusura delle CANNESERIES 2019 - Chic Riviera","isPartOf":{"@id":"https:\/\/chicriviera.com\/es\/#website"},"primaryImageOfPage":{"@id":"https:\/\/chicriviera.com\/it\/2019\/04\/12\/chiusura-cerimonia-della-canneseria-2019\/#primaryimage"},"image":{"@id":"https:\/\/chicriviera.com\/it\/2019\/04\/12\/chiusura-cerimonia-della-canneseria-2019\/#primaryimage"},"thumbnailUrl":"https:\/\/chicriviera.com\/wp-content\/uploads\/2019\/04\/54f0635d-d518-49a0-a8d3-e2da15d687d6.jpg","datePublished":"2019-04-11T23:05:36+00:00","dateModified":"2019-04-12T08:43:00+00:00","breadcrumb":{"@id":"https:\/\/chicriviera.com\/it\/2019\/04\/12\/chiusura-cerimonia-della-canneseria-2019\/#breadcrumb"},"inLanguage":"it-IT","potentialAction":[{"@type":"ReadAction","target":["https:\/\/chicriviera.com\/it\/2019\/04\/12\/chiusura-cerimonia-della-canneseria-2019\/"]}]},{"@type":"ImageObject","inLanguage":"it-IT","@id":"https:\/\/chicriviera.com\/it\/2019\/04\/12\/chiusura-cerimonia-della-canneseria-2019\/#primaryimage","url":"https:\/\/chicriviera.com\/wp-content\/uploads\/2019\/04\/54f0635d-d518-49a0-a8d3-e2da15d687d6.jpg","contentUrl":"https:\/\/chicriviera.com\/wp-content\/uploads\/2019\/04\/54f0635d-d518-49a0-a8d3-e2da15d687d6.jpg","width":2448,"height":3060},{"@type":"BreadcrumbList","@id":"https:\/\/chicriviera.com\/it\/2019\/04\/12\/chiusura-cerimonia-della-canneseria-2019\/#breadcrumb","itemListElement":[{"@type":"ListItem","position":1,"name":"Accueil","item":"https:\/\/chicriviera.com\/"},{"@type":"ListItem","position":2,"name":"C\u00e9r\u00e9monie de Cl\u00f4ture des CANNESERIES 2019"}]},{"@type":"WebSite","@id":"https:\/\/chicriviera.com\/es\/#website","url":"https:\/\/chicriviera.com\/es\/","name":"Chic Riviera","description":"Il meglio della Costa Azzurra : Ristoranti, spiagge, gite","publisher":{"@id":"https:\/\/chicriviera.com\/es\/#organization"},"potentialAction":[{"@type":"SearchAction","target":{"@type":"EntryPoint","urlTemplate":"https:\/\/chicriviera.com\/es\/?s={search_term_string}"},"query-input":{"@type":"PropertyValueSpecification","valueRequired":true,"valueName":"search_term_string"}}],"inLanguage":"it-IT"},{"@type":"Organization","@id":"https:\/\/chicriviera.com\/es\/#organization","name":"Chic Riviera","url":"https:\/\/chicriviera.com\/es\/","logo":{"@type":"ImageObject","inLanguage":"it-IT","@id":"https:\/\/chicriviera.com\/es\/#\/schema\/logo\/image\/","url":"https:\/\/chicriviera.com\/wp-content\/uploads\/2019\/03\/cropped-crfavicon.png","contentUrl":"https:\/\/chicriviera.com\/wp-content\/uploads\/2019\/03\/cropped-crfavicon.png","width":512,"height":512,"caption":"Chic Riviera"},"image":{"@id":"https:\/\/chicriviera.com\/es\/#\/schema\/logo\/image\/"},"sameAs":["https:\/\/www.facebook.com\/ChicRivieracom\/","https:\/\/x.com\/Chic_Riviera","https:\/\/www.instagram.com\/chicriviera\/"]},{"@type":"Person","@id":"https:\/\/chicriviera.com\/es\/#\/schema\/person\/c563ec1d9481b6d038092938cde95a4b","name":"Alex","image":{"@type":"ImageObject","inLanguage":"it-IT","@id":"https:\/\/chicriviera.com\/es\/#\/schema\/person\/image\/","url":"https:\/\/secure.gravatar.com\/avatar\/0bb721c49cd74f5b36020571509cc39351075de1991c6145cdbecbab8cf22c82?s=96&d=mm&r=g","contentUrl":"https:\/\/secure.gravatar.com\/avatar\/0bb721c49cd74f5b36020571509cc39351075de1991c6145cdbecbab8cf22c82?s=96&d=mm&r=g","caption":"Alex"},"url":"https:\/\/chicriviera.com\/it\/author\/alexben\/"}]}},"_links":{"self":[{"href":"https:\/\/chicriviera.com\/it\/wp-json\/wp\/v2\/posts\/1338","targetHints":{"allow":["GET"]}}],"collection":[{"href":"https:\/\/chicriviera.com\/it\/wp-json\/wp\/v2\/posts"}],"about":[{"href":"https:\/\/chicriviera.com\/it\/wp-json\/wp\/v2\/types\/post"}],"author":[{"embeddable":true,"href":"https:\/\/chicriviera.com\/it\/wp-json\/wp\/v2\/users\/2"}],"replies":[{"embeddable":true,"href":"https:\/\/chicriviera.com\/it\/wp-json\/wp\/v2\/comments?post=1338"}],"version-history":[{"count":48,"href":"https:\/\/chicriviera.com\/it\/wp-json\/wp\/v2\/posts\/1338\/revisions"}],"predecessor-version":[{"id":1400,"href":"https:\/\/chicriviera.com\/it\/wp-json\/wp\/v2\/posts\/1338\/revisions\/1400"}],"wp:featuredmedia":[{"embeddable":true,"href":"https:\/\/chicriviera.com\/it\/wp-json\/wp\/v2\/media\/1350"}],"wp:attachment":[{"href":"https:\/\/chicriviera.com\/it\/wp-json\/wp\/v2\/media?parent=1338"}],"wp:term":[{"taxonomy":"category","embeddable":true,"href":"https:\/\/chicriviera.com\/it\/wp-json\/wp\/v2\/categories?post=1338"},{"taxonomy":"post_tag","embeddable":true,"href":"https:\/\/chicriviera.com\/it\/wp-json\/wp\/v2\/tags?post=1338"}],"curies":[{"name":"wp","href":"https:\/\/api.w.org\/{rel}","templated":true}]}}