{"id":686,"date":"2019-03-21T20:06:44","date_gmt":"2019-03-21T19:06:44","guid":{"rendered":"https:\/\/chicriviera.com\/?p=686"},"modified":"2019-04-05T12:26:53","modified_gmt":"2019-04-05T10:26:53","slug":"emmanuel-macron-sur-la-cote-dazur-avec-xi-jinping","status":"publish","type":"post","link":"https:\/\/chicriviera.com\/en\/2019\/03\/21\/emmanuel-macron-on-the-coast-dazur-with-xi-jinping\/","title":{"rendered":"Emmanuel Macron on the French Riviera with Xi Jinping"},"content":{"rendered":"<p>The President of the French Republic has chosen the French Riviera to meet the President of the People's Republic of China. A lunch will take place on Sunday, March 24 in Beaulieu Sur Mer at the Villa Kerylos. This meal will be in private committee, only Emmanuel Macron, the Chinese President and their respective wives will participate in this meal. <img decoding=\"async\" src=\"https:\/\/chicriviera.com\/wp-content\/uploads\/2019\/03\/img_1878.jpg\" class=\"size-full wp-image-690\" width=\"920\" height=\"612\" srcset=\"https:\/\/chicriviera.com\/wp-content\/uploads\/2019\/03\/img_1878.jpg 920w, https:\/\/chicriviera.com\/wp-content\/uploads\/2019\/03\/img_1878-300x200.jpg 300w, https:\/\/chicriviera.com\/wp-content\/uploads\/2019\/03\/img_1878-768x511.jpg 768w, https:\/\/chicriviera.com\/wp-content\/uploads\/2019\/03\/img_1878-600x399.jpg 600w\" sizes=\"(max-width: 920px) 100vw, 920px\" \/><\/p>\n<p>The Villa Kerylos, one of the jewels of the French Riviera, is a tribute to the Greek civilization. Reconstructed from scratch by Theodore Reinach, archeologist and French statesman. <img decoding=\"async\" src=\"https:\/\/chicriviera.com\/wp-content\/uploads\/2019\/03\/img_1881.jpg\" class=\"size-full wp-image-691\" width=\"480\" height=\"320\" srcset=\"https:\/\/chicriviera.com\/wp-content\/uploads\/2019\/03\/img_1881.jpg 480w, https:\/\/chicriviera.com\/wp-content\/uploads\/2019\/03\/img_1881-300x200.jpg 300w\" sizes=\"(max-width: 480px) 100vw, 480px\" \/><img decoding=\"async\" src=\"https:\/\/chicriviera.com\/wp-content\/uploads\/2019\/03\/img_1880.jpg\" class=\"size-full wp-image-693\" width=\"1200\" height=\"800\" srcset=\"https:\/\/chicriviera.com\/wp-content\/uploads\/2019\/03\/img_1880.jpg 1200w, https:\/\/chicriviera.com\/wp-content\/uploads\/2019\/03\/img_1880-300x200.jpg 300w, https:\/\/chicriviera.com\/wp-content\/uploads\/2019\/03\/img_1880-768x512.jpg 768w, https:\/\/chicriviera.com\/wp-content\/uploads\/2019\/03\/img_1880-1024x683.jpg 1024w, https:\/\/chicriviera.com\/wp-content\/uploads\/2019\/03\/img_1880-600x400.jpg 600w\" sizes=\"(max-width: 1200px) 100vw, 1200px\" \/><img decoding=\"async\" src=\"https:\/\/chicriviera.com\/wp-content\/uploads\/2019\/03\/img_1879.jpg\" class=\"size-full wp-image-692\" width=\"294\" height=\"278\"><img decoding=\"async\" src=\"https:\/\/chicriviera.com\/wp-content\/uploads\/2019\/03\/img_1885.jpg\" class=\"size-full wp-image-694\" width=\"800\" height=\"600\" srcset=\"https:\/\/chicriviera.com\/wp-content\/uploads\/2019\/03\/img_1885.jpg 800w, https:\/\/chicriviera.com\/wp-content\/uploads\/2019\/03\/img_1885-300x225.jpg 300w, https:\/\/chicriviera.com\/wp-content\/uploads\/2019\/03\/img_1885-768x576.jpg 768w, https:\/\/chicriviera.com\/wp-content\/uploads\/2019\/03\/img_1885-600x450.jpg 600w\" sizes=\"(max-width: 800px) 100vw, 800px\" \/><\/p>\n<p><img decoding=\"async\" src=\"https:\/\/chicriviera.com\/wp-content\/uploads\/2019\/03\/img_1894.jpg\" class=\"size-full wp-image-698\" width=\"1242\" height=\"776\" srcset=\"https:\/\/chicriviera.com\/wp-content\/uploads\/2019\/03\/img_1894.jpg 1242w, https:\/\/chicriviera.com\/wp-content\/uploads\/2019\/03\/img_1894-300x187.jpg 300w, https:\/\/chicriviera.com\/wp-content\/uploads\/2019\/03\/img_1894-768x480.jpg 768w, https:\/\/chicriviera.com\/wp-content\/uploads\/2019\/03\/img_1894-1024x640.jpg 1024w, https:\/\/chicriviera.com\/wp-content\/uploads\/2019\/03\/img_1894-600x375.jpg 600w\" sizes=\"(max-width: 1242px) 100vw, 1242px\" \/><\/p>\n<p>The Villa Kerylos is the original reconstruction of an ancient Greek residence, in collaboration with the architect Emmanuel Pontremoli, who was passionate about this subject.<img decoding=\"async\" src=\"https:\/\/chicriviera.com\/wp-content\/uploads\/2019\/03\/img_1891-1.jpg\" class=\"size-full wp-image-720\" width=\"1242\" height=\"792\" srcset=\"https:\/\/chicriviera.com\/wp-content\/uploads\/2019\/03\/img_1891-1.jpg 1242w, https:\/\/chicriviera.com\/wp-content\/uploads\/2019\/03\/img_1891-1-300x191.jpg 300w, https:\/\/chicriviera.com\/wp-content\/uploads\/2019\/03\/img_1891-1-768x490.jpg 768w, https:\/\/chicriviera.com\/wp-content\/uploads\/2019\/03\/img_1891-1-1024x653.jpg 1024w, https:\/\/chicriviera.com\/wp-content\/uploads\/2019\/03\/img_1891-1-600x383.jpg 600w\" sizes=\"(max-width: 1242px) 100vw, 1242px\" \/><img decoding=\"async\" src=\"https:\/\/chicriviera.com\/wp-content\/uploads\/2019\/03\/img_1893-1.jpg\" class=\"size-full wp-image-721\" width=\"1242\" height=\"775\" srcset=\"https:\/\/chicriviera.com\/wp-content\/uploads\/2019\/03\/img_1893-1.jpg 1242w, https:\/\/chicriviera.com\/wp-content\/uploads\/2019\/03\/img_1893-1-300x187.jpg 300w, https:\/\/chicriviera.com\/wp-content\/uploads\/2019\/03\/img_1893-1-768x479.jpg 768w, https:\/\/chicriviera.com\/wp-content\/uploads\/2019\/03\/img_1893-1-1024x639.jpg 1024w, https:\/\/chicriviera.com\/wp-content\/uploads\/2019\/03\/img_1893-1-600x374.jpg 600w\" sizes=\"(max-width: 1242px) 100vw, 1242px\" \/><img decoding=\"async\" src=\"https:\/\/chicriviera.com\/wp-content\/uploads\/2019\/03\/img_1892-1.jpg\" class=\"size-full wp-image-722\" width=\"1242\" height=\"780\" srcset=\"https:\/\/chicriviera.com\/wp-content\/uploads\/2019\/03\/img_1892-1.jpg 1242w, https:\/\/chicriviera.com\/wp-content\/uploads\/2019\/03\/img_1892-1-300x188.jpg 300w, https:\/\/chicriviera.com\/wp-content\/uploads\/2019\/03\/img_1892-1-768x482.jpg 768w, https:\/\/chicriviera.com\/wp-content\/uploads\/2019\/03\/img_1892-1-1024x643.jpg 1024w, https:\/\/chicriviera.com\/wp-content\/uploads\/2019\/03\/img_1892-1-600x377.jpg 600w\" sizes=\"(max-width: 1242px) 100vw, 1242px\" \/><\/p>\n<p>Then, the officials should also go during the day, to the Memorial of the victims of the attack of July 14, erected at the <img decoding=\"async\" src=\"https:\/\/chicriviera.com\/wp-content\/uploads\/2019\/03\/img_1896-1.jpg\" class=\"size-full wp-image-724\" width=\"921\" height=\"691\" srcset=\"https:\/\/chicriviera.com\/wp-content\/uploads\/2019\/03\/img_1896-1.jpg 921w, https:\/\/chicriviera.com\/wp-content\/uploads\/2019\/03\/img_1896-1-300x225.jpg 300w, https:\/\/chicriviera.com\/wp-content\/uploads\/2019\/03\/img_1896-1-768x576.jpg 768w, https:\/\/chicriviera.com\/wp-content\/uploads\/2019\/03\/img_1896-1-600x450.jpg 600w\" sizes=\"(max-width: 921px) 100vw, 921px\" \/><img decoding=\"async\" src=\"https:\/\/chicriviera.com\/wp-content\/uploads\/2019\/03\/img_1898-1.png\" class=\"size-full wp-image-725\" width=\"893\" height=\"664\" srcset=\"https:\/\/chicriviera.com\/wp-content\/uploads\/2019\/03\/img_1898-1.png 893w, https:\/\/chicriviera.com\/wp-content\/uploads\/2019\/03\/img_1898-1-300x223.png 300w, https:\/\/chicriviera.com\/wp-content\/uploads\/2019\/03\/img_1898-1-768x571.png 768w, https:\/\/chicriviera.com\/wp-content\/uploads\/2019\/03\/img_1898-1-600x446.png 600w\" sizes=\"(max-width: 893px) 100vw, 893px\" \/>Villa Mass\u00e9na, on the Promenade des Anglais.<\/p>\n<p>Emmanuel Macron and his wife should return to Paris in the evening, unlike the Chinese President who will sleep in Nice at the Negresco hotel.<\/p>\n<p><img decoding=\"async\" src=\"https:\/\/chicriviera.com\/wp-content\/uploads\/2019\/03\/img_1895.jpg\" class=\"size-full wp-image-710\" width=\"550\" height=\"413\" srcset=\"https:\/\/chicriviera.com\/wp-content\/uploads\/2019\/03\/img_1895.jpg 550w, https:\/\/chicriviera.com\/wp-content\/uploads\/2019\/03\/img_1895-300x225.jpg 300w\" sizes=\"(max-width: 550px) 100vw, 550px\" \/><\/p>\n<p>\"La Suite des Anges\", the most beautiful suite of the Negresco Hotel, an exceptional place where Xi Jinping should sleep, even if we know that he has brought his own bed and will sleep in it.<img decoding=\"async\" src=\"https:\/\/chicriviera.com\/wp-content\/uploads\/2019\/03\/img_1876-1.jpg\" class=\"size-full wp-image-728\" width=\"750\" height=\"500\" srcset=\"https:\/\/chicriviera.com\/wp-content\/uploads\/2019\/03\/img_1876-1.jpg 750w, https:\/\/chicriviera.com\/wp-content\/uploads\/2019\/03\/img_1876-1-300x200.jpg 300w, https:\/\/chicriviera.com\/wp-content\/uploads\/2019\/03\/img_1876-1-600x400.jpg 600w\" sizes=\"(max-width: 750px) 100vw, 750px\" \/><img decoding=\"async\" src=\"https:\/\/chicriviera.com\/wp-content\/uploads\/2019\/03\/img_1877-1.jpg\" class=\"size-full wp-image-729\" width=\"750\" height=\"500\" srcset=\"https:\/\/chicriviera.com\/wp-content\/uploads\/2019\/03\/img_1877-1.jpg 750w, https:\/\/chicriviera.com\/wp-content\/uploads\/2019\/03\/img_1877-1-300x200.jpg 300w, https:\/\/chicriviera.com\/wp-content\/uploads\/2019\/03\/img_1877-1-600x400.jpg 600w\" sizes=\"(max-width: 750px) 100vw, 750px\" \/><img decoding=\"async\" src=\"https:\/\/chicriviera.com\/wp-content\/uploads\/2019\/03\/img_1875-1.jpg\" class=\"size-full wp-image-730\" width=\"750\" height=\"500\" srcset=\"https:\/\/chicriviera.com\/wp-content\/uploads\/2019\/03\/img_1875-1.jpg 750w, https:\/\/chicriviera.com\/wp-content\/uploads\/2019\/03\/img_1875-1-300x200.jpg 300w, https:\/\/chicriviera.com\/wp-content\/uploads\/2019\/03\/img_1875-1-600x400.jpg 600w\" sizes=\"(max-width: 750px) 100vw, 750px\" \/><\/p>\n<p>Chic Riviera thanks Emmanuel Macron for choosing the French Riviera, and wishes the President of the French Republic and his wife an excellent stay.<\/p>","protected":false},"excerpt":{"rendered":"<p>Le Pr\u00e9sident de la R\u00e9publique Fran\u00e7aise a choisi la C\u00f4te d&rsquo;Azur pour rencontrer le Pr\u00e9sident de la R\u00e9publique Populaire de Chine. Un d\u00e9jeuner aura lieu Dimanche 24 Mars \u00e0 Beaulieu Sur Mer \u00e0 la Villa Kerylos. Ce repas, sera en comit\u00e9 priv\u00e9, seuls Emmanuel Macron, le Pr\u00e9sident Chinois et leurs \u00e9pouses respectives participeront \u00e0 ce [&hellip;]<\/p>\n","protected":false},"author":2,"featured_media":745,"comment_status":"open","ping_status":"closed","sticky":false,"template":"","format":"standard","meta":{"_genesis_hide_title":false,"_genesis_hide_breadcrumbs":false,"_genesis_hide_singular_image":false,"_genesis_hide_footer_widgets":false,"_genesis_custom_body_class":"","_genesis_custom_post_class":"","_genesis_layout":"","footnotes":""},"categories":[29,18],"tags":[],"class_list":{"0":"post-686","1":"post","2":"type-post","3":"status-publish","4":"format-standard","5":"has-post-thumbnail","7":"category-evenements","8":"category-sortir","9":"entry"},"yoast_head":"<!-- This site is optimized with the Yoast SEO plugin v27.1.1 - https:\/\/yoast.com\/product\/yoast-seo-wordpress\/ -->\n<title>Emmanuel Macron sur la C\u00f4te d\u2019Azur avec Xi Jinping - Chic Riviera<\/title>\n<meta name=\"robots\" content=\"index, follow, max-snippet:-1, max-image-preview:large, max-video-preview:-1\" \/>\n<link rel=\"canonical\" href=\"https:\/\/chicriviera.com\/en\/2019\/03\/21\/emmanuel-macron-on-the-coast-with-xi-jinping\/\" \/>\n<meta property=\"og:locale\" content=\"en_US\" \/>\n<meta property=\"og:type\" content=\"article\" \/>\n<meta property=\"og:title\" content=\"Emmanuel Macron sur la C\u00f4te d\u2019Azur avec Xi Jinping - Chic Riviera\" \/>\n<meta property=\"og:description\" content=\"Le Pr\u00e9sident de la R\u00e9publique Fran\u00e7aise a choisi la C\u00f4te d&rsquo;Azur pour rencontrer le Pr\u00e9sident de la R\u00e9publique Populaire de Chine. Un d\u00e9jeuner aura lieu Dimanche 24 Mars \u00e0 Beaulieu Sur Mer \u00e0 la Villa Kerylos. Ce repas, sera en comit\u00e9 priv\u00e9, seuls Emmanuel Macron, le Pr\u00e9sident Chinois et leurs \u00e9pouses respectives participeront \u00e0 ce [&hellip;]\" \/>\n<meta property=\"og:url\" content=\"https:\/\/chicriviera.com\/en\/2019\/03\/21\/emmanuel-macron-on-the-coast-with-xi-jinping\/\" \/>\n<meta property=\"og:site_name\" content=\"Chic Riviera\" \/>\n<meta property=\"article:publisher\" content=\"https:\/\/www.facebook.com\/ChicRivieracom\/\" \/>\n<meta property=\"article:published_time\" content=\"2019-03-21T19:06:44+00:00\" \/>\n<meta property=\"article:modified_time\" content=\"2019-04-05T10:26:53+00:00\" \/>\n<meta property=\"og:image\" content=\"https:\/\/chicriviera.com\/wp-content\/uploads\/2019\/03\/img_1878-1.jpg\" \/>\n\t<meta property=\"og:image:width\" content=\"920\" \/>\n\t<meta property=\"og:image:height\" content=\"612\" \/>\n\t<meta property=\"og:image:type\" content=\"image\/jpeg\" \/>\n<meta name=\"author\" content=\"Alex\" \/>\n<meta name=\"twitter:card\" content=\"summary_large_image\" \/>\n<meta name=\"twitter:creator\" content=\"@Chic_Riviera\" \/>\n<meta name=\"twitter:site\" content=\"@Chic_Riviera\" \/>\n<meta name=\"twitter:label1\" content=\"Written by\" \/>\n\t<meta name=\"twitter:data1\" content=\"Alex\" \/>\n\t<meta name=\"twitter:label2\" content=\"Est. reading time\" \/>\n\t<meta name=\"twitter:data2\" content=\"1 minute\" \/>\n<script type=\"application\/ld+json\" class=\"yoast-schema-graph\">{\"@context\":\"https:\/\/schema.org\",\"@graph\":[{\"@type\":\"Article\",\"@id\":\"https:\/\/chicriviera.com\/it\/2019\/03\/21\/emmanuel-macron-on-the-coast-with-xi-jinping\/#article\",\"isPartOf\":{\"@id\":\"https:\/\/chicriviera.com\/it\/2019\/03\/21\/emmanuel-macron-on-the-coast-with-xi-jinping\/\"},\"author\":{\"name\":\"Alex\",\"@id\":\"https:\/\/chicriviera.com\/es\/#\/schema\/person\/c563ec1d9481b6d038092938cde95a4b\"},\"headline\":\"Emmanuel Macron sur la C\u00f4te d\u2019Azur avec Xi Jinping\",\"datePublished\":\"2019-03-21T19:06:44+00:00\",\"dateModified\":\"2019-04-05T10:26:53+00:00\",\"mainEntityOfPage\":{\"@id\":\"https:\/\/chicriviera.com\/it\/2019\/03\/21\/emmanuel-macron-on-the-coast-with-xi-jinping\/\"},\"wordCount\":260,\"commentCount\":0,\"publisher\":{\"@id\":\"https:\/\/chicriviera.com\/es\/#organization\"},\"image\":{\"@id\":\"https:\/\/chicriviera.com\/it\/2019\/03\/21\/emmanuel-macron-on-the-coast-with-xi-jinping\/#primaryimage\"},\"thumbnailUrl\":\"https:\/\/chicriviera.com\/wp-content\/uploads\/2019\/03\/img_1878-1.jpg\",\"articleSection\":[\"\u00c9v\u00e9nements\",\"Sortir\"],\"inLanguage\":\"en-US\",\"potentialAction\":[{\"@type\":\"CommentAction\",\"name\":\"Comment\",\"target\":[\"https:\/\/chicriviera.com\/it\/2019\/03\/21\/emmanuel-macron-on-the-coast-with-xi-jinping\/#respond\"]}]},{\"@type\":\"WebPage\",\"@id\":\"https:\/\/chicriviera.com\/it\/2019\/03\/21\/emmanuel-macron-on-the-coast-with-xi-jinping\/\",\"url\":\"https:\/\/chicriviera.com\/it\/2019\/03\/21\/emmanuel-macron-on-the-coast-with-xi-jinping\/\",\"name\":\"Emmanuel Macron sur la C\u00f4te d\u2019Azur avec Xi Jinping - Chic Riviera\",\"isPartOf\":{\"@id\":\"https:\/\/chicriviera.com\/es\/#website\"},\"primaryImageOfPage\":{\"@id\":\"https:\/\/chicriviera.com\/it\/2019\/03\/21\/emmanuel-macron-on-the-coast-with-xi-jinping\/#primaryimage\"},\"image\":{\"@id\":\"https:\/\/chicriviera.com\/it\/2019\/03\/21\/emmanuel-macron-on-the-coast-with-xi-jinping\/#primaryimage\"},\"thumbnailUrl\":\"https:\/\/chicriviera.com\/wp-content\/uploads\/2019\/03\/img_1878-1.jpg\",\"datePublished\":\"2019-03-21T19:06:44+00:00\",\"dateModified\":\"2019-04-05T10:26:53+00:00\",\"breadcrumb\":{\"@id\":\"https:\/\/chicriviera.com\/it\/2019\/03\/21\/emmanuel-macron-on-the-coast-with-xi-jinping\/#breadcrumb\"},\"inLanguage\":\"en-US\",\"potentialAction\":[{\"@type\":\"ReadAction\",\"target\":[\"https:\/\/chicriviera.com\/it\/2019\/03\/21\/emmanuel-macron-on-the-coast-with-xi-jinping\/\"]}]},{\"@type\":\"ImageObject\",\"inLanguage\":\"en-US\",\"@id\":\"https:\/\/chicriviera.com\/it\/2019\/03\/21\/emmanuel-macron-on-the-coast-with-xi-jinping\/#primaryimage\",\"url\":\"https:\/\/chicriviera.com\/wp-content\/uploads\/2019\/03\/img_1878-1.jpg\",\"contentUrl\":\"https:\/\/chicriviera.com\/wp-content\/uploads\/2019\/03\/img_1878-1.jpg\",\"width\":920,\"height\":612},{\"@type\":\"BreadcrumbList\",\"@id\":\"https:\/\/chicriviera.com\/it\/2019\/03\/21\/emmanuel-macron-on-the-coast-with-xi-jinping\/#breadcrumb\",\"itemListElement\":[{\"@type\":\"ListItem\",\"position\":1,\"name\":\"Accueil\",\"item\":\"https:\/\/chicriviera.com\/\"},{\"@type\":\"ListItem\",\"position\":2,\"name\":\"Emmanuel Macron sur la C\u00f4te d\u2019Azur avec Xi Jinping\"}]},{\"@type\":\"WebSite\",\"@id\":\"https:\/\/chicriviera.com\/es\/#website\",\"url\":\"https:\/\/chicriviera.com\/es\/\",\"name\":\"Chic Riviera\",\"description\":\"Le meilleur de la C\u00f4te d&#039;Azur : Restaurants, Plages, Sorties\",\"publisher\":{\"@id\":\"https:\/\/chicriviera.com\/es\/#organization\"},\"potentialAction\":[{\"@type\":\"SearchAction\",\"target\":{\"@type\":\"EntryPoint\",\"urlTemplate\":\"https:\/\/chicriviera.com\/es\/?s={search_term_string}\"},\"query-input\":{\"@type\":\"PropertyValueSpecification\",\"valueRequired\":true,\"valueName\":\"search_term_string\"}}],\"inLanguage\":\"en-US\"},{\"@type\":\"Organization\",\"@id\":\"https:\/\/chicriviera.com\/es\/#organization\",\"name\":\"Chic Riviera\",\"url\":\"https:\/\/chicriviera.com\/es\/\",\"logo\":{\"@type\":\"ImageObject\",\"inLanguage\":\"en-US\",\"@id\":\"https:\/\/chicriviera.com\/es\/#\/schema\/logo\/image\/\",\"url\":\"https:\/\/chicriviera.com\/wp-content\/uploads\/2019\/03\/cropped-crfavicon.png\",\"contentUrl\":\"https:\/\/chicriviera.com\/wp-content\/uploads\/2019\/03\/cropped-crfavicon.png\",\"width\":512,\"height\":512,\"caption\":\"Chic Riviera\"},\"image\":{\"@id\":\"https:\/\/chicriviera.com\/es\/#\/schema\/logo\/image\/\"},\"sameAs\":[\"https:\/\/www.facebook.com\/ChicRivieracom\/\",\"https:\/\/x.com\/Chic_Riviera\",\"https:\/\/www.instagram.com\/chicriviera\/\"]},{\"@type\":\"Person\",\"@id\":\"https:\/\/chicriviera.com\/es\/#\/schema\/person\/c563ec1d9481b6d038092938cde95a4b\",\"name\":\"Alex\",\"image\":{\"@type\":\"ImageObject\",\"inLanguage\":\"en-US\",\"@id\":\"https:\/\/chicriviera.com\/es\/#\/schema\/person\/image\/\",\"url\":\"https:\/\/secure.gravatar.com\/avatar\/0bb721c49cd74f5b36020571509cc39351075de1991c6145cdbecbab8cf22c82?s=96&d=mm&r=g\",\"contentUrl\":\"https:\/\/secure.gravatar.com\/avatar\/0bb721c49cd74f5b36020571509cc39351075de1991c6145cdbecbab8cf22c82?s=96&d=mm&r=g\",\"caption\":\"Alex\"},\"url\":\"https:\/\/chicriviera.com\/en\/author\/alexben\/\"}]}<\/script>\n<!-- \/ Yoast SEO plugin. -->","yoast_head_json":{"title":"Emmanuel Macron on the C\u00f4te d'Azur with Xi Jinping - Chic Riviera","robots":{"index":"index","follow":"follow","max-snippet":"max-snippet:-1","max-image-preview":"max-image-preview:large","max-video-preview":"max-video-preview:-1"},"canonical":"https:\/\/chicriviera.com\/en\/2019\/03\/21\/emmanuel-macron-on-the-coast-with-xi-jinping\/","og_locale":"en_US","og_type":"article","og_title":"Emmanuel Macron sur la C\u00f4te d\u2019Azur avec Xi Jinping - Chic Riviera","og_description":"Le Pr\u00e9sident de la R\u00e9publique Fran\u00e7aise a choisi la C\u00f4te d&rsquo;Azur pour rencontrer le Pr\u00e9sident de la R\u00e9publique Populaire de Chine. Un d\u00e9jeuner aura lieu Dimanche 24 Mars \u00e0 Beaulieu Sur Mer \u00e0 la Villa Kerylos. Ce repas, sera en comit\u00e9 priv\u00e9, seuls Emmanuel Macron, le Pr\u00e9sident Chinois et leurs \u00e9pouses respectives participeront \u00e0 ce [&hellip;]","og_url":"https:\/\/chicriviera.com\/en\/2019\/03\/21\/emmanuel-macron-on-the-coast-with-xi-jinping\/","og_site_name":"Chic Riviera","article_publisher":"https:\/\/www.facebook.com\/ChicRivieracom\/","article_published_time":"2019-03-21T19:06:44+00:00","article_modified_time":"2019-04-05T10:26:53+00:00","og_image":[{"width":920,"height":612,"url":"https:\/\/chicriviera.com\/wp-content\/uploads\/2019\/03\/img_1878-1.jpg","type":"image\/jpeg"}],"author":"Alex","twitter_card":"summary_large_image","twitter_creator":"@Chic_Riviera","twitter_site":"@Chic_Riviera","twitter_misc":{"Written by":"Alex","Est. reading time":"1 minute"},"schema":{"@context":"https:\/\/schema.org","@graph":[{"@type":"Article","@id":"https:\/\/chicriviera.com\/it\/2019\/03\/21\/emmanuel-macron-on-the-coast-with-xi-jinping\/#article","isPartOf":{"@id":"https:\/\/chicriviera.com\/it\/2019\/03\/21\/emmanuel-macron-on-the-coast-with-xi-jinping\/"},"author":{"name":"Alex","@id":"https:\/\/chicriviera.com\/es\/#\/schema\/person\/c563ec1d9481b6d038092938cde95a4b"},"headline":"Emmanuel Macron sur la C\u00f4te d\u2019Azur avec Xi Jinping","datePublished":"2019-03-21T19:06:44+00:00","dateModified":"2019-04-05T10:26:53+00:00","mainEntityOfPage":{"@id":"https:\/\/chicriviera.com\/it\/2019\/03\/21\/emmanuel-macron-on-the-coast-with-xi-jinping\/"},"wordCount":260,"commentCount":0,"publisher":{"@id":"https:\/\/chicriviera.com\/es\/#organization"},"image":{"@id":"https:\/\/chicriviera.com\/it\/2019\/03\/21\/emmanuel-macron-on-the-coast-with-xi-jinping\/#primaryimage"},"thumbnailUrl":"https:\/\/chicriviera.com\/wp-content\/uploads\/2019\/03\/img_1878-1.jpg","articleSection":["\u00c9v\u00e9nements","Sortir"],"inLanguage":"en-US","potentialAction":[{"@type":"CommentAction","name":"Comment","target":["https:\/\/chicriviera.com\/it\/2019\/03\/21\/emmanuel-macron-on-the-coast-with-xi-jinping\/#respond"]}]},{"@type":"WebPage","@id":"https:\/\/chicriviera.com\/it\/2019\/03\/21\/emmanuel-macron-on-the-coast-with-xi-jinping\/","url":"https:\/\/chicriviera.com\/it\/2019\/03\/21\/emmanuel-macron-on-the-coast-with-xi-jinping\/","name":"Emmanuel Macron on the C\u00f4te d'Azur with Xi Jinping - Chic Riviera","isPartOf":{"@id":"https:\/\/chicriviera.com\/es\/#website"},"primaryImageOfPage":{"@id":"https:\/\/chicriviera.com\/it\/2019\/03\/21\/emmanuel-macron-on-the-coast-with-xi-jinping\/#primaryimage"},"image":{"@id":"https:\/\/chicriviera.com\/it\/2019\/03\/21\/emmanuel-macron-on-the-coast-with-xi-jinping\/#primaryimage"},"thumbnailUrl":"https:\/\/chicriviera.com\/wp-content\/uploads\/2019\/03\/img_1878-1.jpg","datePublished":"2019-03-21T19:06:44+00:00","dateModified":"2019-04-05T10:26:53+00:00","breadcrumb":{"@id":"https:\/\/chicriviera.com\/it\/2019\/03\/21\/emmanuel-macron-on-the-coast-with-xi-jinping\/#breadcrumb"},"inLanguage":"en-US","potentialAction":[{"@type":"ReadAction","target":["https:\/\/chicriviera.com\/it\/2019\/03\/21\/emmanuel-macron-on-the-coast-with-xi-jinping\/"]}]},{"@type":"ImageObject","inLanguage":"en-US","@id":"https:\/\/chicriviera.com\/it\/2019\/03\/21\/emmanuel-macron-on-the-coast-with-xi-jinping\/#primaryimage","url":"https:\/\/chicriviera.com\/wp-content\/uploads\/2019\/03\/img_1878-1.jpg","contentUrl":"https:\/\/chicriviera.com\/wp-content\/uploads\/2019\/03\/img_1878-1.jpg","width":920,"height":612},{"@type":"BreadcrumbList","@id":"https:\/\/chicriviera.com\/it\/2019\/03\/21\/emmanuel-macron-on-the-coast-with-xi-jinping\/#breadcrumb","itemListElement":[{"@type":"ListItem","position":1,"name":"Accueil","item":"https:\/\/chicriviera.com\/"},{"@type":"ListItem","position":2,"name":"Emmanuel Macron sur la C\u00f4te d\u2019Azur avec Xi Jinping"}]},{"@type":"WebSite","@id":"https:\/\/chicriviera.com\/es\/#website","url":"https:\/\/chicriviera.com\/es\/","name":"Chic Riviera","description":"The best of the French Riviera : Restaurants, Beaches, Outings","publisher":{"@id":"https:\/\/chicriviera.com\/es\/#organization"},"potentialAction":[{"@type":"SearchAction","target":{"@type":"EntryPoint","urlTemplate":"https:\/\/chicriviera.com\/es\/?s={search_term_string}"},"query-input":{"@type":"PropertyValueSpecification","valueRequired":true,"valueName":"search_term_string"}}],"inLanguage":"en-US"},{"@type":"Organization","@id":"https:\/\/chicriviera.com\/es\/#organization","name":"Chic Riviera","url":"https:\/\/chicriviera.com\/es\/","logo":{"@type":"ImageObject","inLanguage":"en-US","@id":"https:\/\/chicriviera.com\/es\/#\/schema\/logo\/image\/","url":"https:\/\/chicriviera.com\/wp-content\/uploads\/2019\/03\/cropped-crfavicon.png","contentUrl":"https:\/\/chicriviera.com\/wp-content\/uploads\/2019\/03\/cropped-crfavicon.png","width":512,"height":512,"caption":"Chic Riviera"},"image":{"@id":"https:\/\/chicriviera.com\/es\/#\/schema\/logo\/image\/"},"sameAs":["https:\/\/www.facebook.com\/ChicRivieracom\/","https:\/\/x.com\/Chic_Riviera","https:\/\/www.instagram.com\/chicriviera\/"]},{"@type":"Person","@id":"https:\/\/chicriviera.com\/es\/#\/schema\/person\/c563ec1d9481b6d038092938cde95a4b","name":"Alex","image":{"@type":"ImageObject","inLanguage":"en-US","@id":"https:\/\/chicriviera.com\/es\/#\/schema\/person\/image\/","url":"https:\/\/secure.gravatar.com\/avatar\/0bb721c49cd74f5b36020571509cc39351075de1991c6145cdbecbab8cf22c82?s=96&d=mm&r=g","contentUrl":"https:\/\/secure.gravatar.com\/avatar\/0bb721c49cd74f5b36020571509cc39351075de1991c6145cdbecbab8cf22c82?s=96&d=mm&r=g","caption":"Alex"},"url":"https:\/\/chicriviera.com\/en\/author\/alexben\/"}]}},"_links":{"self":[{"href":"https:\/\/chicriviera.com\/en\/wp-json\/wp\/v2\/posts\/686","targetHints":{"allow":["GET"]}}],"collection":[{"href":"https:\/\/chicriviera.com\/en\/wp-json\/wp\/v2\/posts"}],"about":[{"href":"https:\/\/chicriviera.com\/en\/wp-json\/wp\/v2\/types\/post"}],"author":[{"embeddable":true,"href":"https:\/\/chicriviera.com\/en\/wp-json\/wp\/v2\/users\/2"}],"replies":[{"embeddable":true,"href":"https:\/\/chicriviera.com\/en\/wp-json\/wp\/v2\/comments?post=686"}],"version-history":[{"count":24,"href":"https:\/\/chicriviera.com\/en\/wp-json\/wp\/v2\/posts\/686\/revisions"}],"predecessor-version":[{"id":1140,"href":"https:\/\/chicriviera.com\/en\/wp-json\/wp\/v2\/posts\/686\/revisions\/1140"}],"wp:featuredmedia":[{"embeddable":true,"href":"https:\/\/chicriviera.com\/en\/wp-json\/wp\/v2\/media\/745"}],"wp:attachment":[{"href":"https:\/\/chicriviera.com\/en\/wp-json\/wp\/v2\/media?parent=686"}],"wp:term":[{"taxonomy":"category","embeddable":true,"href":"https:\/\/chicriviera.com\/en\/wp-json\/wp\/v2\/categories?post=686"},{"taxonomy":"post_tag","embeddable":true,"href":"https:\/\/chicriviera.com\/en\/wp-json\/wp\/v2\/tags?post=686"}],"curies":[{"name":"wp","href":"https:\/\/api.w.org\/{rel}","templated":true}]}}