{"id":5105,"date":"2020-05-04T01:39:52","date_gmt":"2020-05-03T23:39:52","guid":{"rendered":"https:\/\/chicriviera.com\/?p=5105"},"modified":"2020-05-04T09:17:09","modified_gmt":"2020-05-04T07:17:09","slug":"monaco-premiere-ville-de-la-cote-dazur-a-deconfiner","status":"publish","type":"post","link":"https:\/\/chicriviera.com\/en\/2020\/05\/04\/monaco-premiere-ville-de-la-cote-dazur-a-deconfiner\/","title":{"rendered":"Monaco, the first city on the C\u00f4te d'Azur to decontaminate"},"content":{"rendered":"<p>The Principality of Monaco decided to follow our Italian neighbors and decontain on Monday, May 4th. No new reported cases of Covid, a low rate of contamination, and a need for economic recovery have decided the Monegasque Government to stop the containment. <\/p>\n\n\n\n<p>Of course, strict rules have been announced, and this deconfinement will be done, as in France, in stages. <\/p>\n\n\n\n<figure class=\"wp-block-image size-large\"><img decoding=\"async\" width=\"1024\" height=\"885\" src=\"https:\/\/chicriviera.com\/wp-content\/uploads\/2020\/05\/e86e3a8d-9243-48ab-8454-957011142355-1024x885.jpg\" alt=\"\" class=\"wp-image-5139\" srcset=\"https:\/\/chicriviera.com\/wp-content\/uploads\/2020\/05\/e86e3a8d-9243-48ab-8454-957011142355-1024x885.jpg 1024w, https:\/\/chicriviera.com\/wp-content\/uploads\/2020\/05\/e86e3a8d-9243-48ab-8454-957011142355-300x259.jpg 300w, https:\/\/chicriviera.com\/wp-content\/uploads\/2020\/05\/e86e3a8d-9243-48ab-8454-957011142355-768x664.jpg 768w, https:\/\/chicriviera.com\/wp-content\/uploads\/2020\/05\/e86e3a8d-9243-48ab-8454-957011142355-600x519.jpg 600w, https:\/\/chicriviera.com\/wp-content\/uploads\/2020\/05\/e86e3a8d-9243-48ab-8454-957011142355-70x60.jpg 70w, https:\/\/chicriviera.com\/wp-content\/uploads\/2020\/05\/e86e3a8d-9243-48ab-8454-957011142355.jpg 1242w\" sizes=\"(max-width: 1024px) 100vw, 1024px\" \/><\/figure>\n\n\n\n<p><strong>For this phase 1:<\/strong><\/p>\n\n\n\n<p><strong>1) rules: <\/strong><\/p>\n\n\n\n<ul class=\"wp-block-list\"><li>Masks are mandatory on public transportation, cabs and all passenger vehicles, as well as in stores and shopping malls. Also in places of worship. <\/li><li>Gathering of 5 people maximum in public spaces.<\/li><li>Social distance of 1m50 minimum.<\/li><li>Provision of gel in the stores.<\/li><\/ul>\n\n\n\n<figure class=\"wp-block-image size-large\"><img decoding=\"async\" width=\"959\" height=\"640\" src=\"https:\/\/chicriviera.com\/wp-content\/uploads\/2020\/05\/34bc212d-f755-4f0e-9180-4c4e8518cb44.jpg\" alt=\"\" class=\"wp-image-5135\" srcset=\"https:\/\/chicriviera.com\/wp-content\/uploads\/2020\/05\/34bc212d-f755-4f0e-9180-4c4e8518cb44.jpg 959w, https:\/\/chicriviera.com\/wp-content\/uploads\/2020\/05\/34bc212d-f755-4f0e-9180-4c4e8518cb44-300x200.jpg 300w, https:\/\/chicriviera.com\/wp-content\/uploads\/2020\/05\/34bc212d-f755-4f0e-9180-4c4e8518cb44-768x513.jpg 768w, https:\/\/chicriviera.com\/wp-content\/uploads\/2020\/05\/34bc212d-f755-4f0e-9180-4c4e8518cb44-600x400.jpg 600w\" sizes=\"(max-width: 959px) 100vw, 959px\" \/><\/figure>\n\n\n\n<p><strong>2) what will be opened and allowed: <\/strong><\/p>\n\n\n\n<ul class=\"wp-block-list\"><li>Stores and shopping centers. <\/li><li>Hairdressers and beauty salons by appointment only. <\/li><li>Boating allowed from 9am to 8pm. <\/li><li>Water sports allowed.<\/li><li>Places of worship open and religious marriages allowed. <\/li><li>The heliport will partially resume its activity for on-demand flights. <\/li><li>Public services will be open again. <\/li><li>Public and private worksites can resume, with very strict sanitary measures that will be monitored regularly. <\/li><\/ul>\n\n\n\n<figure class=\"wp-block-image size-large\"><img decoding=\"async\" width=\"1024\" height=\"1019\" src=\"https:\/\/chicriviera.com\/wp-content\/uploads\/2020\/05\/c0b46604-3a1e-4b8e-8abd-3ae20e4c3b33-1024x1019.jpg\" alt=\"\" class=\"wp-image-5136\" srcset=\"https:\/\/chicriviera.com\/wp-content\/uploads\/2020\/05\/c0b46604-3a1e-4b8e-8abd-3ae20e4c3b33-1024x1019.jpg 1024w, https:\/\/chicriviera.com\/wp-content\/uploads\/2020\/05\/c0b46604-3a1e-4b8e-8abd-3ae20e4c3b33-300x300.jpg 300w, https:\/\/chicriviera.com\/wp-content\/uploads\/2020\/05\/c0b46604-3a1e-4b8e-8abd-3ae20e4c3b33-150x150.jpg 150w, https:\/\/chicriviera.com\/wp-content\/uploads\/2020\/05\/c0b46604-3a1e-4b8e-8abd-3ae20e4c3b33-768x764.jpg 768w, https:\/\/chicriviera.com\/wp-content\/uploads\/2020\/05\/c0b46604-3a1e-4b8e-8abd-3ae20e4c3b33-600x597.jpg 600w, https:\/\/chicriviera.com\/wp-content\/uploads\/2020\/05\/c0b46604-3a1e-4b8e-8abd-3ae20e4c3b33.jpg 1242w\" sizes=\"(max-width: 1024px) 100vw, 1024px\" \/><\/figure>\n\n\n\n<p><strong>3) what remains closed and forbidden: <\/strong><\/p>\n\n\n\n<ul class=\"wp-block-list\"><li>The beaches are forbidden. <\/li><li>Gardens and children's games are prohibited. <\/li><li>Sports and all outdoor sports facilities are prohibited. <\/li><li>The sports halls are always closed. <\/li><li>Restaurants, cafes and night clubs remain closed.<\/li><li>Cinemas, theaters, game rooms, also remain closed. <\/li><li>Cruise ships are not allowed in the Principality.<\/li><\/ul>\n\n\n\n<figure class=\"wp-block-image size-large\"><img decoding=\"async\" width=\"1024\" height=\"683\" src=\"https:\/\/chicriviera.com\/wp-content\/uploads\/2020\/05\/7883f1e4-f335-4cf0-ab56-ceb4c6165314-1024x683.jpg\" alt=\"\" class=\"wp-image-5137\" srcset=\"https:\/\/chicriviera.com\/wp-content\/uploads\/2020\/05\/7883f1e4-f335-4cf0-ab56-ceb4c6165314-1024x683.jpg 1024w, https:\/\/chicriviera.com\/wp-content\/uploads\/2020\/05\/7883f1e4-f335-4cf0-ab56-ceb4c6165314-300x200.jpg 300w, https:\/\/chicriviera.com\/wp-content\/uploads\/2020\/05\/7883f1e4-f335-4cf0-ab56-ceb4c6165314-768x512.jpg 768w, https:\/\/chicriviera.com\/wp-content\/uploads\/2020\/05\/7883f1e4-f335-4cf0-ab56-ceb4c6165314-600x400.jpg 600w, https:\/\/chicriviera.com\/wp-content\/uploads\/2020\/05\/7883f1e4-f335-4cf0-ab56-ceb4c6165314.jpg 1200w\" sizes=\"(max-width: 1024px) 100vw, 1024px\" \/><\/figure>\n\n\n\n<p>All these restrictions will be evaluated after two weeks, followed by a one-week reflection to establish new rules: the Stop and Go strategy to control a possible resumption of the epidemic. The objective is to lift the last restrictions if there are no new cases, or to confine again if the epidemic resumes; hence the importance of respecting the rules to limit the risk of transmission and resumption of this epidemic. <\/p>\n\n\n\n<p><strong>\"If there is shadow, there must be light\" Prince Albert II <\/strong><\/p>","protected":false},"excerpt":{"rendered":"<p>La Principaut\u00e9 de Monaco a d\u00e9cid\u00e9 de suivre nos voisins italiens et de d\u00e9confiner ce lundi 4 Mai. Aucun nouveaux cas d\u00e9clar\u00e9s de Covid, un faible taux de contaminations, et un besoin de reprise \u00e9conomique ont d\u00e9cid\u00e9 le Gouvernement Mon\u00e9gasque \u00e0 stopper le confinement. Bien entendu, des r\u00e8gles strictes ont \u00e9t\u00e9 annonc\u00e9es, et ce d\u00e9confinement [&hellip;]<\/p>\n","protected":false},"author":2,"featured_media":5107,"comment_status":"open","ping_status":"closed","sticky":false,"template":"","format":"standard","meta":{"_genesis_hide_title":false,"_genesis_hide_breadcrumbs":false,"_genesis_hide_singular_image":false,"_genesis_hide_footer_widgets":false,"_genesis_custom_body_class":"","_genesis_custom_post_class":"","_genesis_layout":"","footnotes":""},"categories":[29],"tags":[],"class_list":{"0":"post-5105","1":"post","2":"type-post","3":"status-publish","4":"format-standard","5":"has-post-thumbnail","7":"category-evenements","8":"entry"},"yoast_head":"<!-- This site is optimized with the Yoast SEO plugin v27.1.1 - https:\/\/yoast.com\/product\/yoast-seo-wordpress\/ -->\n<title>Monaco, premi\u00e8re ville de la C\u00f4te d\u2019Azur \u00e0 d\u00e9confiner - Chic Riviera<\/title>\n<meta name=\"robots\" content=\"index, follow, max-snippet:-1, max-image-preview:large, max-video-preview:-1\" \/>\n<link rel=\"canonical\" href=\"https:\/\/chicriviera.com\/en\/2020\/05\/04\/monaco-premiere-ville-de-la-cote-dazur-a-deconfiner\/\" \/>\n<meta property=\"og:locale\" content=\"en_US\" \/>\n<meta property=\"og:type\" content=\"article\" \/>\n<meta property=\"og:title\" content=\"Monaco, premi\u00e8re ville de la C\u00f4te d\u2019Azur \u00e0 d\u00e9confiner - Chic Riviera\" \/>\n<meta property=\"og:description\" content=\"La Principaut\u00e9 de Monaco a d\u00e9cid\u00e9 de suivre nos voisins italiens et de d\u00e9confiner ce lundi 4 Mai. Aucun nouveaux cas d\u00e9clar\u00e9s de Covid, un faible taux de contaminations, et un besoin de reprise \u00e9conomique ont d\u00e9cid\u00e9 le Gouvernement Mon\u00e9gasque \u00e0 stopper le confinement. Bien entendu, des r\u00e8gles strictes ont \u00e9t\u00e9 annonc\u00e9es, et ce d\u00e9confinement [&hellip;]\" \/>\n<meta property=\"og:url\" content=\"https:\/\/chicriviera.com\/en\/2020\/05\/04\/monaco-premiere-ville-de-la-cote-dazur-a-deconfiner\/\" \/>\n<meta property=\"og:site_name\" content=\"Chic Riviera\" \/>\n<meta property=\"article:publisher\" content=\"https:\/\/www.facebook.com\/ChicRivieracom\/\" \/>\n<meta property=\"article:published_time\" content=\"2020-05-03T23:39:52+00:00\" \/>\n<meta property=\"article:modified_time\" content=\"2020-05-04T07:17:09+00:00\" \/>\n<meta property=\"og:image\" content=\"https:\/\/chicriviera.com\/wp-content\/uploads\/2020\/05\/4b8831b2-94ff-4a67-a7e9-38a36e212e14.jpg\" \/>\n\t<meta property=\"og:image:width\" content=\"1242\" \/>\n\t<meta property=\"og:image:height\" content=\"1297\" \/>\n\t<meta property=\"og:image:type\" content=\"image\/jpeg\" \/>\n<meta name=\"author\" content=\"Alex\" \/>\n<meta name=\"twitter:card\" content=\"summary_large_image\" \/>\n<meta name=\"twitter:creator\" content=\"@Chic_Riviera\" \/>\n<meta name=\"twitter:site\" content=\"@Chic_Riviera\" \/>\n<meta name=\"twitter:label1\" content=\"Written by\" \/>\n\t<meta name=\"twitter:data1\" content=\"Alex\" \/>\n\t<meta name=\"twitter:label2\" content=\"Est. reading time\" \/>\n\t<meta name=\"twitter:data2\" content=\"2 minutes\" \/>\n<script type=\"application\/ld+json\" class=\"yoast-schema-graph\">{\"@context\":\"https:\/\/schema.org\",\"@graph\":[{\"@type\":\"Article\",\"@id\":\"https:\/\/chicriviera.com\/de\/2020\/05\/04\/monaco-premiere-ville-de-la-cote-dazur-a-deconfiner\/#article\",\"isPartOf\":{\"@id\":\"https:\/\/chicriviera.com\/de\/2020\/05\/04\/monaco-premiere-ville-de-la-cote-dazur-a-deconfiner\/\"},\"author\":{\"name\":\"Alex\",\"@id\":\"https:\/\/chicriviera.com\/es\/#\/schema\/person\/c563ec1d9481b6d038092938cde95a4b\"},\"headline\":\"Monaco, premi\u00e8re ville de la C\u00f4te d\u2019Azur \u00e0 d\u00e9confiner\",\"datePublished\":\"2020-05-03T23:39:52+00:00\",\"dateModified\":\"2020-05-04T07:17:09+00:00\",\"mainEntityOfPage\":{\"@id\":\"https:\/\/chicriviera.com\/de\/2020\/05\/04\/monaco-premiere-ville-de-la-cote-dazur-a-deconfiner\/\"},\"wordCount\":411,\"commentCount\":0,\"publisher\":{\"@id\":\"https:\/\/chicriviera.com\/es\/#organization\"},\"image\":{\"@id\":\"https:\/\/chicriviera.com\/de\/2020\/05\/04\/monaco-premiere-ville-de-la-cote-dazur-a-deconfiner\/#primaryimage\"},\"thumbnailUrl\":\"https:\/\/chicriviera.com\/wp-content\/uploads\/2020\/05\/4b8831b2-94ff-4a67-a7e9-38a36e212e14.jpg\",\"articleSection\":[\"\u00c9v\u00e9nements\"],\"inLanguage\":\"en-US\",\"potentialAction\":[{\"@type\":\"CommentAction\",\"name\":\"Comment\",\"target\":[\"https:\/\/chicriviera.com\/de\/2020\/05\/04\/monaco-premiere-ville-de-la-cote-dazur-a-deconfiner\/#respond\"]}]},{\"@type\":\"WebPage\",\"@id\":\"https:\/\/chicriviera.com\/de\/2020\/05\/04\/monaco-premiere-ville-de-la-cote-dazur-a-deconfiner\/\",\"url\":\"https:\/\/chicriviera.com\/de\/2020\/05\/04\/monaco-premiere-ville-de-la-cote-dazur-a-deconfiner\/\",\"name\":\"Monaco, premi\u00e8re ville de la C\u00f4te d\u2019Azur \u00e0 d\u00e9confiner - Chic Riviera\",\"isPartOf\":{\"@id\":\"https:\/\/chicriviera.com\/es\/#website\"},\"primaryImageOfPage\":{\"@id\":\"https:\/\/chicriviera.com\/de\/2020\/05\/04\/monaco-premiere-ville-de-la-cote-dazur-a-deconfiner\/#primaryimage\"},\"image\":{\"@id\":\"https:\/\/chicriviera.com\/de\/2020\/05\/04\/monaco-premiere-ville-de-la-cote-dazur-a-deconfiner\/#primaryimage\"},\"thumbnailUrl\":\"https:\/\/chicriviera.com\/wp-content\/uploads\/2020\/05\/4b8831b2-94ff-4a67-a7e9-38a36e212e14.jpg\",\"datePublished\":\"2020-05-03T23:39:52+00:00\",\"dateModified\":\"2020-05-04T07:17:09+00:00\",\"breadcrumb\":{\"@id\":\"https:\/\/chicriviera.com\/de\/2020\/05\/04\/monaco-premiere-ville-de-la-cote-dazur-a-deconfiner\/#breadcrumb\"},\"inLanguage\":\"en-US\",\"potentialAction\":[{\"@type\":\"ReadAction\",\"target\":[\"https:\/\/chicriviera.com\/de\/2020\/05\/04\/monaco-premiere-ville-de-la-cote-dazur-a-deconfiner\/\"]}]},{\"@type\":\"ImageObject\",\"inLanguage\":\"en-US\",\"@id\":\"https:\/\/chicriviera.com\/de\/2020\/05\/04\/monaco-premiere-ville-de-la-cote-dazur-a-deconfiner\/#primaryimage\",\"url\":\"https:\/\/chicriviera.com\/wp-content\/uploads\/2020\/05\/4b8831b2-94ff-4a67-a7e9-38a36e212e14.jpg\",\"contentUrl\":\"https:\/\/chicriviera.com\/wp-content\/uploads\/2020\/05\/4b8831b2-94ff-4a67-a7e9-38a36e212e14.jpg\",\"width\":1242,\"height\":1297},{\"@type\":\"BreadcrumbList\",\"@id\":\"https:\/\/chicriviera.com\/de\/2020\/05\/04\/monaco-premiere-ville-de-la-cote-dazur-a-deconfiner\/#breadcrumb\",\"itemListElement\":[{\"@type\":\"ListItem\",\"position\":1,\"name\":\"Accueil\",\"item\":\"https:\/\/chicriviera.com\/\"},{\"@type\":\"ListItem\",\"position\":2,\"name\":\"Monaco, premi\u00e8re ville de la C\u00f4te d\u2019Azur \u00e0 d\u00e9confiner\"}]},{\"@type\":\"WebSite\",\"@id\":\"https:\/\/chicriviera.com\/es\/#website\",\"url\":\"https:\/\/chicriviera.com\/es\/\",\"name\":\"Chic Riviera\",\"description\":\"Le meilleur de la C\u00f4te d&#039;Azur : Restaurants, Plages, Sorties\",\"publisher\":{\"@id\":\"https:\/\/chicriviera.com\/es\/#organization\"},\"potentialAction\":[{\"@type\":\"SearchAction\",\"target\":{\"@type\":\"EntryPoint\",\"urlTemplate\":\"https:\/\/chicriviera.com\/es\/?s={search_term_string}\"},\"query-input\":{\"@type\":\"PropertyValueSpecification\",\"valueRequired\":true,\"valueName\":\"search_term_string\"}}],\"inLanguage\":\"en-US\"},{\"@type\":\"Organization\",\"@id\":\"https:\/\/chicriviera.com\/es\/#organization\",\"name\":\"Chic Riviera\",\"url\":\"https:\/\/chicriviera.com\/es\/\",\"logo\":{\"@type\":\"ImageObject\",\"inLanguage\":\"en-US\",\"@id\":\"https:\/\/chicriviera.com\/es\/#\/schema\/logo\/image\/\",\"url\":\"https:\/\/chicriviera.com\/wp-content\/uploads\/2019\/03\/cropped-crfavicon.png\",\"contentUrl\":\"https:\/\/chicriviera.com\/wp-content\/uploads\/2019\/03\/cropped-crfavicon.png\",\"width\":512,\"height\":512,\"caption\":\"Chic Riviera\"},\"image\":{\"@id\":\"https:\/\/chicriviera.com\/es\/#\/schema\/logo\/image\/\"},\"sameAs\":[\"https:\/\/www.facebook.com\/ChicRivieracom\/\",\"https:\/\/x.com\/Chic_Riviera\",\"https:\/\/www.instagram.com\/chicriviera\/\"]},{\"@type\":\"Person\",\"@id\":\"https:\/\/chicriviera.com\/es\/#\/schema\/person\/c563ec1d9481b6d038092938cde95a4b\",\"name\":\"Alex\",\"image\":{\"@type\":\"ImageObject\",\"inLanguage\":\"en-US\",\"@id\":\"https:\/\/chicriviera.com\/es\/#\/schema\/person\/image\/\",\"url\":\"https:\/\/secure.gravatar.com\/avatar\/0bb721c49cd74f5b36020571509cc39351075de1991c6145cdbecbab8cf22c82?s=96&d=mm&r=g\",\"contentUrl\":\"https:\/\/secure.gravatar.com\/avatar\/0bb721c49cd74f5b36020571509cc39351075de1991c6145cdbecbab8cf22c82?s=96&d=mm&r=g\",\"caption\":\"Alex\"},\"url\":\"https:\/\/chicriviera.com\/en\/author\/alexben\/\"}]}<\/script>\n<!-- \/ Yoast SEO plugin. -->","yoast_head_json":{"title":"Monaco, the first city on the C\u00f4te d'Azur to decontaminate - Chic Riviera","robots":{"index":"index","follow":"follow","max-snippet":"max-snippet:-1","max-image-preview":"max-image-preview:large","max-video-preview":"max-video-preview:-1"},"canonical":"https:\/\/chicriviera.com\/en\/2020\/05\/04\/monaco-premiere-ville-de-la-cote-dazur-a-deconfiner\/","og_locale":"en_US","og_type":"article","og_title":"Monaco, premi\u00e8re ville de la C\u00f4te d\u2019Azur \u00e0 d\u00e9confiner - Chic Riviera","og_description":"La Principaut\u00e9 de Monaco a d\u00e9cid\u00e9 de suivre nos voisins italiens et de d\u00e9confiner ce lundi 4 Mai. Aucun nouveaux cas d\u00e9clar\u00e9s de Covid, un faible taux de contaminations, et un besoin de reprise \u00e9conomique ont d\u00e9cid\u00e9 le Gouvernement Mon\u00e9gasque \u00e0 stopper le confinement. Bien entendu, des r\u00e8gles strictes ont \u00e9t\u00e9 annonc\u00e9es, et ce d\u00e9confinement [&hellip;]","og_url":"https:\/\/chicriviera.com\/en\/2020\/05\/04\/monaco-premiere-ville-de-la-cote-dazur-a-deconfiner\/","og_site_name":"Chic Riviera","article_publisher":"https:\/\/www.facebook.com\/ChicRivieracom\/","article_published_time":"2020-05-03T23:39:52+00:00","article_modified_time":"2020-05-04T07:17:09+00:00","og_image":[{"width":1242,"height":1297,"url":"https:\/\/chicriviera.com\/wp-content\/uploads\/2020\/05\/4b8831b2-94ff-4a67-a7e9-38a36e212e14.jpg","type":"image\/jpeg"}],"author":"Alex","twitter_card":"summary_large_image","twitter_creator":"@Chic_Riviera","twitter_site":"@Chic_Riviera","twitter_misc":{"Written by":"Alex","Est. reading time":"2 minutes"},"schema":{"@context":"https:\/\/schema.org","@graph":[{"@type":"Article","@id":"https:\/\/chicriviera.com\/de\/2020\/05\/04\/monaco-premiere-ville-de-la-cote-dazur-a-deconfiner\/#article","isPartOf":{"@id":"https:\/\/chicriviera.com\/de\/2020\/05\/04\/monaco-premiere-ville-de-la-cote-dazur-a-deconfiner\/"},"author":{"name":"Alex","@id":"https:\/\/chicriviera.com\/es\/#\/schema\/person\/c563ec1d9481b6d038092938cde95a4b"},"headline":"Monaco, premi\u00e8re ville de la C\u00f4te d\u2019Azur \u00e0 d\u00e9confiner","datePublished":"2020-05-03T23:39:52+00:00","dateModified":"2020-05-04T07:17:09+00:00","mainEntityOfPage":{"@id":"https:\/\/chicriviera.com\/de\/2020\/05\/04\/monaco-premiere-ville-de-la-cote-dazur-a-deconfiner\/"},"wordCount":411,"commentCount":0,"publisher":{"@id":"https:\/\/chicriviera.com\/es\/#organization"},"image":{"@id":"https:\/\/chicriviera.com\/de\/2020\/05\/04\/monaco-premiere-ville-de-la-cote-dazur-a-deconfiner\/#primaryimage"},"thumbnailUrl":"https:\/\/chicriviera.com\/wp-content\/uploads\/2020\/05\/4b8831b2-94ff-4a67-a7e9-38a36e212e14.jpg","articleSection":["\u00c9v\u00e9nements"],"inLanguage":"en-US","potentialAction":[{"@type":"CommentAction","name":"Comment","target":["https:\/\/chicriviera.com\/de\/2020\/05\/04\/monaco-premiere-ville-de-la-cote-dazur-a-deconfiner\/#respond"]}]},{"@type":"WebPage","@id":"https:\/\/chicriviera.com\/de\/2020\/05\/04\/monaco-premiere-ville-de-la-cote-dazur-a-deconfiner\/","url":"https:\/\/chicriviera.com\/de\/2020\/05\/04\/monaco-premiere-ville-de-la-cote-dazur-a-deconfiner\/","name":"Monaco, the first city on the C\u00f4te d'Azur to decontaminate - Chic Riviera","isPartOf":{"@id":"https:\/\/chicriviera.com\/es\/#website"},"primaryImageOfPage":{"@id":"https:\/\/chicriviera.com\/de\/2020\/05\/04\/monaco-premiere-ville-de-la-cote-dazur-a-deconfiner\/#primaryimage"},"image":{"@id":"https:\/\/chicriviera.com\/de\/2020\/05\/04\/monaco-premiere-ville-de-la-cote-dazur-a-deconfiner\/#primaryimage"},"thumbnailUrl":"https:\/\/chicriviera.com\/wp-content\/uploads\/2020\/05\/4b8831b2-94ff-4a67-a7e9-38a36e212e14.jpg","datePublished":"2020-05-03T23:39:52+00:00","dateModified":"2020-05-04T07:17:09+00:00","breadcrumb":{"@id":"https:\/\/chicriviera.com\/de\/2020\/05\/04\/monaco-premiere-ville-de-la-cote-dazur-a-deconfiner\/#breadcrumb"},"inLanguage":"en-US","potentialAction":[{"@type":"ReadAction","target":["https:\/\/chicriviera.com\/de\/2020\/05\/04\/monaco-premiere-ville-de-la-cote-dazur-a-deconfiner\/"]}]},{"@type":"ImageObject","inLanguage":"en-US","@id":"https:\/\/chicriviera.com\/de\/2020\/05\/04\/monaco-premiere-ville-de-la-cote-dazur-a-deconfiner\/#primaryimage","url":"https:\/\/chicriviera.com\/wp-content\/uploads\/2020\/05\/4b8831b2-94ff-4a67-a7e9-38a36e212e14.jpg","contentUrl":"https:\/\/chicriviera.com\/wp-content\/uploads\/2020\/05\/4b8831b2-94ff-4a67-a7e9-38a36e212e14.jpg","width":1242,"height":1297},{"@type":"BreadcrumbList","@id":"https:\/\/chicriviera.com\/de\/2020\/05\/04\/monaco-premiere-ville-de-la-cote-dazur-a-deconfiner\/#breadcrumb","itemListElement":[{"@type":"ListItem","position":1,"name":"Accueil","item":"https:\/\/chicriviera.com\/"},{"@type":"ListItem","position":2,"name":"Monaco, premi\u00e8re ville de la C\u00f4te d\u2019Azur \u00e0 d\u00e9confiner"}]},{"@type":"WebSite","@id":"https:\/\/chicriviera.com\/es\/#website","url":"https:\/\/chicriviera.com\/es\/","name":"Chic Riviera","description":"The best of the French Riviera : Restaurants, Beaches, Outings","publisher":{"@id":"https:\/\/chicriviera.com\/es\/#organization"},"potentialAction":[{"@type":"SearchAction","target":{"@type":"EntryPoint","urlTemplate":"https:\/\/chicriviera.com\/es\/?s={search_term_string}"},"query-input":{"@type":"PropertyValueSpecification","valueRequired":true,"valueName":"search_term_string"}}],"inLanguage":"en-US"},{"@type":"Organization","@id":"https:\/\/chicriviera.com\/es\/#organization","name":"Chic Riviera","url":"https:\/\/chicriviera.com\/es\/","logo":{"@type":"ImageObject","inLanguage":"en-US","@id":"https:\/\/chicriviera.com\/es\/#\/schema\/logo\/image\/","url":"https:\/\/chicriviera.com\/wp-content\/uploads\/2019\/03\/cropped-crfavicon.png","contentUrl":"https:\/\/chicriviera.com\/wp-content\/uploads\/2019\/03\/cropped-crfavicon.png","width":512,"height":512,"caption":"Chic Riviera"},"image":{"@id":"https:\/\/chicriviera.com\/es\/#\/schema\/logo\/image\/"},"sameAs":["https:\/\/www.facebook.com\/ChicRivieracom\/","https:\/\/x.com\/Chic_Riviera","https:\/\/www.instagram.com\/chicriviera\/"]},{"@type":"Person","@id":"https:\/\/chicriviera.com\/es\/#\/schema\/person\/c563ec1d9481b6d038092938cde95a4b","name":"Alex","image":{"@type":"ImageObject","inLanguage":"en-US","@id":"https:\/\/chicriviera.com\/es\/#\/schema\/person\/image\/","url":"https:\/\/secure.gravatar.com\/avatar\/0bb721c49cd74f5b36020571509cc39351075de1991c6145cdbecbab8cf22c82?s=96&d=mm&r=g","contentUrl":"https:\/\/secure.gravatar.com\/avatar\/0bb721c49cd74f5b36020571509cc39351075de1991c6145cdbecbab8cf22c82?s=96&d=mm&r=g","caption":"Alex"},"url":"https:\/\/chicriviera.com\/en\/author\/alexben\/"}]}},"_links":{"self":[{"href":"https:\/\/chicriviera.com\/en\/wp-json\/wp\/v2\/posts\/5105","targetHints":{"allow":["GET"]}}],"collection":[{"href":"https:\/\/chicriviera.com\/en\/wp-json\/wp\/v2\/posts"}],"about":[{"href":"https:\/\/chicriviera.com\/en\/wp-json\/wp\/v2\/types\/post"}],"author":[{"embeddable":true,"href":"https:\/\/chicriviera.com\/en\/wp-json\/wp\/v2\/users\/2"}],"replies":[{"embeddable":true,"href":"https:\/\/chicriviera.com\/en\/wp-json\/wp\/v2\/comments?post=5105"}],"version-history":[{"count":29,"href":"https:\/\/chicriviera.com\/en\/wp-json\/wp\/v2\/posts\/5105\/revisions"}],"predecessor-version":[{"id":5141,"href":"https:\/\/chicriviera.com\/en\/wp-json\/wp\/v2\/posts\/5105\/revisions\/5141"}],"wp:featuredmedia":[{"embeddable":true,"href":"https:\/\/chicriviera.com\/en\/wp-json\/wp\/v2\/media\/5107"}],"wp:attachment":[{"href":"https:\/\/chicriviera.com\/en\/wp-json\/wp\/v2\/media?parent=5105"}],"wp:term":[{"taxonomy":"category","embeddable":true,"href":"https:\/\/chicriviera.com\/en\/wp-json\/wp\/v2\/categories?post=5105"},{"taxonomy":"post_tag","embeddable":true,"href":"https:\/\/chicriviera.com\/en\/wp-json\/wp\/v2\/tags?post=5105"}],"curies":[{"name":"wp","href":"https:\/\/api.w.org\/{rel}","templated":true}]}}