{"id":3322,"date":"2019-11-17T14:51:36","date_gmt":"2019-11-17T13:51:36","guid":{"rendered":"https:\/\/chicriviera.com\/?p=3322"},"modified":"2019-11-22T00:25:29","modified_gmt":"2019-11-21T23:25:29","slug":"fete-nationale-monegasque-2019-un-immense-hommage-a-grace-kelly","status":"publish","type":"post","link":"https:\/\/chicriviera.com\/en\/2019\/11\/17\/national-monegasque-festival-2019-a-large-tribute-to-race-kelly\/","title":{"rendered":"Monegasque National Day 2019: a huge tribute to Grace Kelly"},"content":{"rendered":"<p>Grace Kelly has left an indelible mark on the French Riviera. Her beauty, elegance, and charisma have marked and influenced an entire era, and her style endures through the new generations: very chic, refined, feminine but never ostentatious. <\/p>\n\n\n\n<figure class=\"wp-block-image\"><img decoding=\"async\" width=\"640\" height=\"800\" src=\"https:\/\/chicriviera.com\/wp-content\/uploads\/2019\/11\/053b1dc9-4bbf-4100-b331-15a5f89346b1.jpg\" alt=\"\" class=\"wp-image-3330\" srcset=\"https:\/\/chicriviera.com\/wp-content\/uploads\/2019\/11\/053b1dc9-4bbf-4100-b331-15a5f89346b1.jpg 640w, https:\/\/chicriviera.com\/wp-content\/uploads\/2019\/11\/053b1dc9-4bbf-4100-b331-15a5f89346b1-240x300.jpg 240w, https:\/\/chicriviera.com\/wp-content\/uploads\/2019\/11\/053b1dc9-4bbf-4100-b331-15a5f89346b1-600x750.jpg 600w\" sizes=\"(max-width: 640px) 100vw, 640px\" \/><figcaption>The Prince and Princess in 1970<\/figcaption><\/figure>\n\n\n\n<p>The Princess also possessed an immense inner beauty, she was intensely generous and used a great deal of her time to devote to causes that were close to her heart, such as children (she created AMADE in 1962), and the Monegasque Red Cross, which she directed until the end. <\/p>\n\n\n\n<figure class=\"wp-block-image\"><img decoding=\"async\" width=\"1016\" height=\"1081\" src=\"https:\/\/chicriviera.com\/wp-content\/uploads\/2019\/11\/b4952101-b3b6-429a-a4ec-6fabfa601992.jpg\" alt=\"\" class=\"wp-image-3336\" srcset=\"https:\/\/chicriviera.com\/wp-content\/uploads\/2019\/11\/b4952101-b3b6-429a-a4ec-6fabfa601992.jpg 1016w, https:\/\/chicriviera.com\/wp-content\/uploads\/2019\/11\/b4952101-b3b6-429a-a4ec-6fabfa601992-282x300.jpg 282w, https:\/\/chicriviera.com\/wp-content\/uploads\/2019\/11\/b4952101-b3b6-429a-a4ec-6fabfa601992-768x817.jpg 768w, https:\/\/chicriviera.com\/wp-content\/uploads\/2019\/11\/b4952101-b3b6-429a-a4ec-6fabfa601992-962x1024.jpg 962w, https:\/\/chicriviera.com\/wp-content\/uploads\/2019\/11\/b4952101-b3b6-429a-a4ec-6fabfa601992-600x638.jpg 600w\" sizes=\"(max-width: 1016px) 100vw, 1016px\" \/><figcaption>The Prince and Princess <\/figcaption><\/figure>\n\n\n\n<p>This year, on November 12, Grace Kelly would have been 90 years old. <\/p>\n\n\n\n<p>To pay tribute to him, His Serene Highness Prince Albert II and his wife have planned some nice surprises on Tuesday, November 19, revealed only on the day. <\/p>\n\n\n\n<figure class=\"wp-block-image\"><img decoding=\"async\" width=\"712\" height=\"640\" src=\"https:\/\/chicriviera.com\/wp-content\/uploads\/2019\/11\/ca785e73-5a50-4c8c-973a-26c017452c88.jpg\" alt=\"\" class=\"wp-image-3338\" srcset=\"https:\/\/chicriviera.com\/wp-content\/uploads\/2019\/11\/ca785e73-5a50-4c8c-973a-26c017452c88.jpg 712w, https:\/\/chicriviera.com\/wp-content\/uploads\/2019\/11\/ca785e73-5a50-4c8c-973a-26c017452c88-300x270.jpg 300w, https:\/\/chicriviera.com\/wp-content\/uploads\/2019\/11\/ca785e73-5a50-4c8c-973a-26c017452c88-600x539.jpg 600w\" sizes=\"(max-width: 712px) 100vw, 712px\" \/><figcaption>The Prince and Princess <\/figcaption><\/figure>\n\n\n\n<p>What we know: <\/p>\n\n\n\n<p>- According to Nice-Matin, an American Air Force honor guard will be present alongside the Monegasque National Guard for the parade.<\/p>\n\n\n\n<p>- The Prince's Company of Carabinieri will also pay tribute to the Princess with a music with Irish and American sounds, an unpublished score that can be heard on the day. <\/p>\n\n\n\n<figure class=\"wp-block-image\"><img decoding=\"async\" width=\"640\" height=\"800\" src=\"https:\/\/chicriviera.com\/wp-content\/uploads\/2019\/11\/3eea09f4-58d7-42d6-8311-9f64cd9b4aea.jpg\" alt=\"\" class=\"wp-image-3340\" srcset=\"https:\/\/chicriviera.com\/wp-content\/uploads\/2019\/11\/3eea09f4-58d7-42d6-8311-9f64cd9b4aea.jpg 640w, https:\/\/chicriviera.com\/wp-content\/uploads\/2019\/11\/3eea09f4-58d7-42d6-8311-9f64cd9b4aea-240x300.jpg 240w, https:\/\/chicriviera.com\/wp-content\/uploads\/2019\/11\/3eea09f4-58d7-42d6-8311-9f64cd9b4aea-600x750.jpg 600w\" sizes=\"(max-width: 640px) 100vw, 640px\" \/><figcaption>Royal couple photographed by Yousuf Karsh in 1956<\/figcaption><\/figure>\n\n\n\n<p><\/p>\n\n\n\n<p>\"I would like to be remembered as a person who did useful things and was a kind and loving person. I would like to be remembered as a human being with a correct attitude who did his best to help others.\"  <strong>Grace Kelly<\/strong><\/p>\n\n\n\n<figure class=\"wp-block-image\"><img decoding=\"async\" width=\"814\" height=\"800\" src=\"https:\/\/chicriviera.com\/wp-content\/uploads\/2019\/11\/bf5b6736-d4d7-4d27-b0b6-52d8afb0a50b.jpg\" alt=\"\" class=\"wp-image-3332\" srcset=\"https:\/\/chicriviera.com\/wp-content\/uploads\/2019\/11\/bf5b6736-d4d7-4d27-b0b6-52d8afb0a50b.jpg 814w, https:\/\/chicriviera.com\/wp-content\/uploads\/2019\/11\/bf5b6736-d4d7-4d27-b0b6-52d8afb0a50b-300x295.jpg 300w, https:\/\/chicriviera.com\/wp-content\/uploads\/2019\/11\/bf5b6736-d4d7-4d27-b0b6-52d8afb0a50b-768x755.jpg 768w, https:\/\/chicriviera.com\/wp-content\/uploads\/2019\/11\/bf5b6736-d4d7-4d27-b0b6-52d8afb0a50b-600x590.jpg 600w\" sizes=\"(max-width: 814px) 100vw, 814px\" \/><figcaption>Grace Kelly <\/figcaption><\/figure>\n\n\n\n<p><\/p>","protected":false},"excerpt":{"rendered":"<p>Grace Kelly a laiss\u00e9 une empreinte ind\u00e9l\u00e9bile sur la C\u00f4te d\u2019Azur. Sa beaut\u00e9, son \u00e9l\u00e9gance, et son charisme ont marqu\u00e9 et influenc\u00e9 toute une \u00e9poque, et son style perdure \u00e0 travers les nouvelles g\u00e9n\u00e9rations : tr\u00e8s chic, raffin\u00e9e, f\u00e9minine mais jamais ostentatoire. La Princesse poss\u00e9dait aussi une immense beaut\u00e9 int\u00e9rieure, elle \u00e9tait d\u2019une intense g\u00e9n\u00e9rosit\u00e9 [&hellip;]<\/p>\n","protected":false},"author":2,"featured_media":3343,"comment_status":"open","ping_status":"closed","sticky":false,"template":"","format":"standard","meta":{"_genesis_hide_title":false,"_genesis_hide_breadcrumbs":false,"_genesis_hide_singular_image":false,"_genesis_hide_footer_widgets":false,"_genesis_custom_body_class":"","_genesis_custom_post_class":"","_genesis_layout":"","footnotes":""},"categories":[29],"tags":[],"class_list":{"0":"post-3322","1":"post","2":"type-post","3":"status-publish","4":"format-standard","5":"has-post-thumbnail","7":"category-evenements","8":"entry"},"yoast_head":"<!-- This site is optimized with the Yoast SEO plugin v27.1.1 - https:\/\/yoast.com\/product\/yoast-seo-wordpress\/ -->\n<title>F\u00eate Nationale Mon\u00e9gasque 2019: un immense hommage \u00e0 Grace Kelly - Chic Riviera<\/title>\n<meta name=\"robots\" content=\"index, follow, max-snippet:-1, max-image-preview:large, max-video-preview:-1\" \/>\n<link rel=\"canonical\" href=\"https:\/\/chicriviera.com\/en\/2019\/11\/17\/national-monegasque-festival-2019-a-huge-tribute-to-race-kelly\/\" \/>\n<meta property=\"og:locale\" content=\"en_US\" \/>\n<meta property=\"og:type\" content=\"article\" \/>\n<meta property=\"og:title\" content=\"F\u00eate Nationale Mon\u00e9gasque 2019: un immense hommage \u00e0 Grace Kelly - Chic Riviera\" \/>\n<meta property=\"og:description\" content=\"Grace Kelly a laiss\u00e9 une empreinte ind\u00e9l\u00e9bile sur la C\u00f4te d\u2019Azur. Sa beaut\u00e9, son \u00e9l\u00e9gance, et son charisme ont marqu\u00e9 et influenc\u00e9 toute une \u00e9poque, et son style perdure \u00e0 travers les nouvelles g\u00e9n\u00e9rations : tr\u00e8s chic, raffin\u00e9e, f\u00e9minine mais jamais ostentatoire. La Princesse poss\u00e9dait aussi une immense beaut\u00e9 int\u00e9rieure, elle \u00e9tait d\u2019une intense g\u00e9n\u00e9rosit\u00e9 [&hellip;]\" \/>\n<meta property=\"og:url\" content=\"https:\/\/chicriviera.com\/en\/2019\/11\/17\/national-monegasque-festival-2019-a-huge-tribute-to-race-kelly\/\" \/>\n<meta property=\"og:site_name\" content=\"Chic Riviera\" \/>\n<meta property=\"article:publisher\" content=\"https:\/\/www.facebook.com\/ChicRivieracom\/\" \/>\n<meta property=\"article:published_time\" content=\"2019-11-17T13:51:36+00:00\" \/>\n<meta property=\"article:modified_time\" content=\"2019-11-21T23:25:29+00:00\" \/>\n<meta property=\"og:image\" content=\"https:\/\/chicriviera.com\/wp-content\/uploads\/2019\/11\/16182a2b-8fb1-47c7-bb08-b539373802ae-1.jpg\" \/>\n\t<meta property=\"og:image:width\" content=\"640\" \/>\n\t<meta property=\"og:image:height\" content=\"799\" \/>\n\t<meta property=\"og:image:type\" content=\"image\/jpeg\" \/>\n<meta name=\"author\" content=\"Alex\" \/>\n<meta name=\"twitter:card\" content=\"summary_large_image\" \/>\n<meta name=\"twitter:creator\" content=\"@Chic_Riviera\" \/>\n<meta name=\"twitter:site\" content=\"@Chic_Riviera\" \/>\n<meta name=\"twitter:label1\" content=\"Written by\" \/>\n\t<meta name=\"twitter:data1\" content=\"Alex\" \/>\n\t<meta name=\"twitter:label2\" content=\"Est. reading time\" \/>\n\t<meta name=\"twitter:data2\" content=\"1 minute\" \/>\n<script type=\"application\/ld+json\" class=\"yoast-schema-graph\">{\"@context\":\"https:\/\/schema.org\",\"@graph\":[{\"@type\":\"Article\",\"@id\":\"https:\/\/chicriviera.com\/ru\/2019\/11\/17\/national-monegasque-festival-2019-a-huge-tribute-to-race-kelly\/#article\",\"isPartOf\":{\"@id\":\"https:\/\/chicriviera.com\/ru\/2019\/11\/17\/national-monegasque-festival-2019-a-huge-tribute-to-race-kelly\/\"},\"author\":{\"name\":\"Alex\",\"@id\":\"https:\/\/chicriviera.com\/es\/#\/schema\/person\/c563ec1d9481b6d038092938cde95a4b\"},\"headline\":\"F\u00eate Nationale Mon\u00e9gasque 2019: un immense hommage \u00e0 Grace Kelly\",\"datePublished\":\"2019-11-17T13:51:36+00:00\",\"dateModified\":\"2019-11-21T23:25:29+00:00\",\"mainEntityOfPage\":{\"@id\":\"https:\/\/chicriviera.com\/ru\/2019\/11\/17\/national-monegasque-festival-2019-a-huge-tribute-to-race-kelly\/\"},\"wordCount\":299,\"commentCount\":0,\"publisher\":{\"@id\":\"https:\/\/chicriviera.com\/es\/#organization\"},\"image\":{\"@id\":\"https:\/\/chicriviera.com\/ru\/2019\/11\/17\/national-monegasque-festival-2019-a-huge-tribute-to-race-kelly\/#primaryimage\"},\"thumbnailUrl\":\"https:\/\/chicriviera.com\/wp-content\/uploads\/2019\/11\/16182a2b-8fb1-47c7-bb08-b539373802ae-1.jpg\",\"articleSection\":[\"\u00c9v\u00e9nements\"],\"inLanguage\":\"en-US\",\"potentialAction\":[{\"@type\":\"CommentAction\",\"name\":\"Comment\",\"target\":[\"https:\/\/chicriviera.com\/ru\/2019\/11\/17\/national-monegasque-festival-2019-a-huge-tribute-to-race-kelly\/#respond\"]}]},{\"@type\":\"WebPage\",\"@id\":\"https:\/\/chicriviera.com\/ru\/2019\/11\/17\/national-monegasque-festival-2019-a-huge-tribute-to-race-kelly\/\",\"url\":\"https:\/\/chicriviera.com\/ru\/2019\/11\/17\/national-monegasque-festival-2019-a-huge-tribute-to-race-kelly\/\",\"name\":\"F\u00eate Nationale Mon\u00e9gasque 2019: un immense hommage \u00e0 Grace Kelly - Chic Riviera\",\"isPartOf\":{\"@id\":\"https:\/\/chicriviera.com\/es\/#website\"},\"primaryImageOfPage\":{\"@id\":\"https:\/\/chicriviera.com\/ru\/2019\/11\/17\/national-monegasque-festival-2019-a-huge-tribute-to-race-kelly\/#primaryimage\"},\"image\":{\"@id\":\"https:\/\/chicriviera.com\/ru\/2019\/11\/17\/national-monegasque-festival-2019-a-huge-tribute-to-race-kelly\/#primaryimage\"},\"thumbnailUrl\":\"https:\/\/chicriviera.com\/wp-content\/uploads\/2019\/11\/16182a2b-8fb1-47c7-bb08-b539373802ae-1.jpg\",\"datePublished\":\"2019-11-17T13:51:36+00:00\",\"dateModified\":\"2019-11-21T23:25:29+00:00\",\"breadcrumb\":{\"@id\":\"https:\/\/chicriviera.com\/ru\/2019\/11\/17\/national-monegasque-festival-2019-a-huge-tribute-to-race-kelly\/#breadcrumb\"},\"inLanguage\":\"en-US\",\"potentialAction\":[{\"@type\":\"ReadAction\",\"target\":[\"https:\/\/chicriviera.com\/ru\/2019\/11\/17\/national-monegasque-festival-2019-a-huge-tribute-to-race-kelly\/\"]}]},{\"@type\":\"ImageObject\",\"inLanguage\":\"en-US\",\"@id\":\"https:\/\/chicriviera.com\/ru\/2019\/11\/17\/national-monegasque-festival-2019-a-huge-tribute-to-race-kelly\/#primaryimage\",\"url\":\"https:\/\/chicriviera.com\/wp-content\/uploads\/2019\/11\/16182a2b-8fb1-47c7-bb08-b539373802ae-1.jpg\",\"contentUrl\":\"https:\/\/chicriviera.com\/wp-content\/uploads\/2019\/11\/16182a2b-8fb1-47c7-bb08-b539373802ae-1.jpg\",\"width\":640,\"height\":799},{\"@type\":\"BreadcrumbList\",\"@id\":\"https:\/\/chicriviera.com\/ru\/2019\/11\/17\/national-monegasque-festival-2019-a-huge-tribute-to-race-kelly\/#breadcrumb\",\"itemListElement\":[{\"@type\":\"ListItem\",\"position\":1,\"name\":\"Accueil\",\"item\":\"https:\/\/chicriviera.com\/\"},{\"@type\":\"ListItem\",\"position\":2,\"name\":\"F\u00eate Nationale Mon\u00e9gasque 2019: un immense hommage \u00e0 Grace Kelly\"}]},{\"@type\":\"WebSite\",\"@id\":\"https:\/\/chicriviera.com\/es\/#website\",\"url\":\"https:\/\/chicriviera.com\/es\/\",\"name\":\"Chic Riviera\",\"description\":\"Le meilleur de la C\u00f4te d&#039;Azur : Restaurants, Plages, Sorties\",\"publisher\":{\"@id\":\"https:\/\/chicriviera.com\/es\/#organization\"},\"potentialAction\":[{\"@type\":\"SearchAction\",\"target\":{\"@type\":\"EntryPoint\",\"urlTemplate\":\"https:\/\/chicriviera.com\/es\/?s={search_term_string}\"},\"query-input\":{\"@type\":\"PropertyValueSpecification\",\"valueRequired\":true,\"valueName\":\"search_term_string\"}}],\"inLanguage\":\"en-US\"},{\"@type\":\"Organization\",\"@id\":\"https:\/\/chicriviera.com\/es\/#organization\",\"name\":\"Chic Riviera\",\"url\":\"https:\/\/chicriviera.com\/es\/\",\"logo\":{\"@type\":\"ImageObject\",\"inLanguage\":\"en-US\",\"@id\":\"https:\/\/chicriviera.com\/es\/#\/schema\/logo\/image\/\",\"url\":\"https:\/\/chicriviera.com\/wp-content\/uploads\/2019\/03\/cropped-crfavicon.png\",\"contentUrl\":\"https:\/\/chicriviera.com\/wp-content\/uploads\/2019\/03\/cropped-crfavicon.png\",\"width\":512,\"height\":512,\"caption\":\"Chic Riviera\"},\"image\":{\"@id\":\"https:\/\/chicriviera.com\/es\/#\/schema\/logo\/image\/\"},\"sameAs\":[\"https:\/\/www.facebook.com\/ChicRivieracom\/\",\"https:\/\/x.com\/Chic_Riviera\",\"https:\/\/www.instagram.com\/chicriviera\/\"]},{\"@type\":\"Person\",\"@id\":\"https:\/\/chicriviera.com\/es\/#\/schema\/person\/c563ec1d9481b6d038092938cde95a4b\",\"name\":\"Alex\",\"image\":{\"@type\":\"ImageObject\",\"inLanguage\":\"en-US\",\"@id\":\"https:\/\/chicriviera.com\/es\/#\/schema\/person\/image\/\",\"url\":\"https:\/\/secure.gravatar.com\/avatar\/0bb721c49cd74f5b36020571509cc39351075de1991c6145cdbecbab8cf22c82?s=96&d=mm&r=g\",\"contentUrl\":\"https:\/\/secure.gravatar.com\/avatar\/0bb721c49cd74f5b36020571509cc39351075de1991c6145cdbecbab8cf22c82?s=96&d=mm&r=g\",\"caption\":\"Alex\"},\"url\":\"https:\/\/chicriviera.com\/en\/author\/alexben\/\"}]}<\/script>\n<!-- \/ Yoast SEO plugin. -->","yoast_head_json":{"title":"Monegasque National Holiday 2019: a huge tribute to Grace Kelly - Chic Riviera","robots":{"index":"index","follow":"follow","max-snippet":"max-snippet:-1","max-image-preview":"max-image-preview:large","max-video-preview":"max-video-preview:-1"},"canonical":"https:\/\/chicriviera.com\/en\/2019\/11\/17\/national-monegasque-festival-2019-a-huge-tribute-to-race-kelly\/","og_locale":"en_US","og_type":"article","og_title":"F\u00eate Nationale Mon\u00e9gasque 2019: un immense hommage \u00e0 Grace Kelly - Chic Riviera","og_description":"Grace Kelly a laiss\u00e9 une empreinte ind\u00e9l\u00e9bile sur la C\u00f4te d\u2019Azur. Sa beaut\u00e9, son \u00e9l\u00e9gance, et son charisme ont marqu\u00e9 et influenc\u00e9 toute une \u00e9poque, et son style perdure \u00e0 travers les nouvelles g\u00e9n\u00e9rations : tr\u00e8s chic, raffin\u00e9e, f\u00e9minine mais jamais ostentatoire. La Princesse poss\u00e9dait aussi une immense beaut\u00e9 int\u00e9rieure, elle \u00e9tait d\u2019une intense g\u00e9n\u00e9rosit\u00e9 [&hellip;]","og_url":"https:\/\/chicriviera.com\/en\/2019\/11\/17\/national-monegasque-festival-2019-a-huge-tribute-to-race-kelly\/","og_site_name":"Chic Riviera","article_publisher":"https:\/\/www.facebook.com\/ChicRivieracom\/","article_published_time":"2019-11-17T13:51:36+00:00","article_modified_time":"2019-11-21T23:25:29+00:00","og_image":[{"width":640,"height":799,"url":"https:\/\/chicriviera.com\/wp-content\/uploads\/2019\/11\/16182a2b-8fb1-47c7-bb08-b539373802ae-1.jpg","type":"image\/jpeg"}],"author":"Alex","twitter_card":"summary_large_image","twitter_creator":"@Chic_Riviera","twitter_site":"@Chic_Riviera","twitter_misc":{"Written by":"Alex","Est. reading time":"1 minute"},"schema":{"@context":"https:\/\/schema.org","@graph":[{"@type":"Article","@id":"https:\/\/chicriviera.com\/ru\/2019\/11\/17\/national-monegasque-festival-2019-a-huge-tribute-to-race-kelly\/#article","isPartOf":{"@id":"https:\/\/chicriviera.com\/ru\/2019\/11\/17\/national-monegasque-festival-2019-a-huge-tribute-to-race-kelly\/"},"author":{"name":"Alex","@id":"https:\/\/chicriviera.com\/es\/#\/schema\/person\/c563ec1d9481b6d038092938cde95a4b"},"headline":"F\u00eate Nationale Mon\u00e9gasque 2019: un immense hommage \u00e0 Grace Kelly","datePublished":"2019-11-17T13:51:36+00:00","dateModified":"2019-11-21T23:25:29+00:00","mainEntityOfPage":{"@id":"https:\/\/chicriviera.com\/ru\/2019\/11\/17\/national-monegasque-festival-2019-a-huge-tribute-to-race-kelly\/"},"wordCount":299,"commentCount":0,"publisher":{"@id":"https:\/\/chicriviera.com\/es\/#organization"},"image":{"@id":"https:\/\/chicriviera.com\/ru\/2019\/11\/17\/national-monegasque-festival-2019-a-huge-tribute-to-race-kelly\/#primaryimage"},"thumbnailUrl":"https:\/\/chicriviera.com\/wp-content\/uploads\/2019\/11\/16182a2b-8fb1-47c7-bb08-b539373802ae-1.jpg","articleSection":["\u00c9v\u00e9nements"],"inLanguage":"en-US","potentialAction":[{"@type":"CommentAction","name":"Comment","target":["https:\/\/chicriviera.com\/ru\/2019\/11\/17\/national-monegasque-festival-2019-a-huge-tribute-to-race-kelly\/#respond"]}]},{"@type":"WebPage","@id":"https:\/\/chicriviera.com\/ru\/2019\/11\/17\/national-monegasque-festival-2019-a-huge-tribute-to-race-kelly\/","url":"https:\/\/chicriviera.com\/ru\/2019\/11\/17\/national-monegasque-festival-2019-a-huge-tribute-to-race-kelly\/","name":"Monegasque National Holiday 2019: a huge tribute to Grace Kelly - Chic Riviera","isPartOf":{"@id":"https:\/\/chicriviera.com\/es\/#website"},"primaryImageOfPage":{"@id":"https:\/\/chicriviera.com\/ru\/2019\/11\/17\/national-monegasque-festival-2019-a-huge-tribute-to-race-kelly\/#primaryimage"},"image":{"@id":"https:\/\/chicriviera.com\/ru\/2019\/11\/17\/national-monegasque-festival-2019-a-huge-tribute-to-race-kelly\/#primaryimage"},"thumbnailUrl":"https:\/\/chicriviera.com\/wp-content\/uploads\/2019\/11\/16182a2b-8fb1-47c7-bb08-b539373802ae-1.jpg","datePublished":"2019-11-17T13:51:36+00:00","dateModified":"2019-11-21T23:25:29+00:00","breadcrumb":{"@id":"https:\/\/chicriviera.com\/ru\/2019\/11\/17\/national-monegasque-festival-2019-a-huge-tribute-to-race-kelly\/#breadcrumb"},"inLanguage":"en-US","potentialAction":[{"@type":"ReadAction","target":["https:\/\/chicriviera.com\/ru\/2019\/11\/17\/national-monegasque-festival-2019-a-huge-tribute-to-race-kelly\/"]}]},{"@type":"ImageObject","inLanguage":"en-US","@id":"https:\/\/chicriviera.com\/ru\/2019\/11\/17\/national-monegasque-festival-2019-a-huge-tribute-to-race-kelly\/#primaryimage","url":"https:\/\/chicriviera.com\/wp-content\/uploads\/2019\/11\/16182a2b-8fb1-47c7-bb08-b539373802ae-1.jpg","contentUrl":"https:\/\/chicriviera.com\/wp-content\/uploads\/2019\/11\/16182a2b-8fb1-47c7-bb08-b539373802ae-1.jpg","width":640,"height":799},{"@type":"BreadcrumbList","@id":"https:\/\/chicriviera.com\/ru\/2019\/11\/17\/national-monegasque-festival-2019-a-huge-tribute-to-race-kelly\/#breadcrumb","itemListElement":[{"@type":"ListItem","position":1,"name":"Accueil","item":"https:\/\/chicriviera.com\/"},{"@type":"ListItem","position":2,"name":"F\u00eate Nationale Mon\u00e9gasque 2019: un immense hommage \u00e0 Grace Kelly"}]},{"@type":"WebSite","@id":"https:\/\/chicriviera.com\/es\/#website","url":"https:\/\/chicriviera.com\/es\/","name":"Chic Riviera","description":"The best of the French Riviera : Restaurants, Beaches, Outings","publisher":{"@id":"https:\/\/chicriviera.com\/es\/#organization"},"potentialAction":[{"@type":"SearchAction","target":{"@type":"EntryPoint","urlTemplate":"https:\/\/chicriviera.com\/es\/?s={search_term_string}"},"query-input":{"@type":"PropertyValueSpecification","valueRequired":true,"valueName":"search_term_string"}}],"inLanguage":"en-US"},{"@type":"Organization","@id":"https:\/\/chicriviera.com\/es\/#organization","name":"Chic Riviera","url":"https:\/\/chicriviera.com\/es\/","logo":{"@type":"ImageObject","inLanguage":"en-US","@id":"https:\/\/chicriviera.com\/es\/#\/schema\/logo\/image\/","url":"https:\/\/chicriviera.com\/wp-content\/uploads\/2019\/03\/cropped-crfavicon.png","contentUrl":"https:\/\/chicriviera.com\/wp-content\/uploads\/2019\/03\/cropped-crfavicon.png","width":512,"height":512,"caption":"Chic Riviera"},"image":{"@id":"https:\/\/chicriviera.com\/es\/#\/schema\/logo\/image\/"},"sameAs":["https:\/\/www.facebook.com\/ChicRivieracom\/","https:\/\/x.com\/Chic_Riviera","https:\/\/www.instagram.com\/chicriviera\/"]},{"@type":"Person","@id":"https:\/\/chicriviera.com\/es\/#\/schema\/person\/c563ec1d9481b6d038092938cde95a4b","name":"Alex","image":{"@type":"ImageObject","inLanguage":"en-US","@id":"https:\/\/chicriviera.com\/es\/#\/schema\/person\/image\/","url":"https:\/\/secure.gravatar.com\/avatar\/0bb721c49cd74f5b36020571509cc39351075de1991c6145cdbecbab8cf22c82?s=96&d=mm&r=g","contentUrl":"https:\/\/secure.gravatar.com\/avatar\/0bb721c49cd74f5b36020571509cc39351075de1991c6145cdbecbab8cf22c82?s=96&d=mm&r=g","caption":"Alex"},"url":"https:\/\/chicriviera.com\/en\/author\/alexben\/"}]}},"_links":{"self":[{"href":"https:\/\/chicriviera.com\/en\/wp-json\/wp\/v2\/posts\/3322","targetHints":{"allow":["GET"]}}],"collection":[{"href":"https:\/\/chicriviera.com\/en\/wp-json\/wp\/v2\/posts"}],"about":[{"href":"https:\/\/chicriviera.com\/en\/wp-json\/wp\/v2\/types\/post"}],"author":[{"embeddable":true,"href":"https:\/\/chicriviera.com\/en\/wp-json\/wp\/v2\/users\/2"}],"replies":[{"embeddable":true,"href":"https:\/\/chicriviera.com\/en\/wp-json\/wp\/v2\/comments?post=3322"}],"version-history":[{"count":16,"href":"https:\/\/chicriviera.com\/en\/wp-json\/wp\/v2\/posts\/3322\/revisions"}],"predecessor-version":[{"id":3606,"href":"https:\/\/chicriviera.com\/en\/wp-json\/wp\/v2\/posts\/3322\/revisions\/3606"}],"wp:featuredmedia":[{"embeddable":true,"href":"https:\/\/chicriviera.com\/en\/wp-json\/wp\/v2\/media\/3343"}],"wp:attachment":[{"href":"https:\/\/chicriviera.com\/en\/wp-json\/wp\/v2\/media?parent=3322"}],"wp:term":[{"taxonomy":"category","embeddable":true,"href":"https:\/\/chicriviera.com\/en\/wp-json\/wp\/v2\/categories?post=3322"},{"taxonomy":"post_tag","embeddable":true,"href":"https:\/\/chicriviera.com\/en\/wp-json\/wp\/v2\/tags?post=3322"}],"curies":[{"name":"wp","href":"https:\/\/api.w.org\/{rel}","templated":true}]}}