{"id":2951,"date":"2019-11-07T14:07:17","date_gmt":"2019-11-07T13:07:17","guid":{"rendered":"https:\/\/chicriviera.com\/?p=2951"},"modified":"2019-11-07T21:44:38","modified_gmt":"2019-11-07T20:44:38","slug":"le-60-eme-festival-de-television-de-monaco-du-19-au-23-juin-2020-sera-magique","status":"publish","type":"post","link":"https:\/\/chicriviera.com\/en\/2019\/11\/07\/le-60-eme-festival-de-television-de-monaco-du-19-au-23-juin-2020-sera-magique\/","title":{"rendered":"The 60th Monaco Television Festival, from 19 to 23 June 2020 will be magical"},"content":{"rendered":"<p>For almost 60 years now, the biggest international stars and the TV world have been meeting in Monaco, in a cinema setting, for this festival.<\/p>\n\n\n\n<p>The objective being of course to make known all the new TV programs, to the public and to the press, but especially to win a prize, the famous Golden Nymph. <\/p>\n\n\n\n<figure class=\"wp-block-image\"><img decoding=\"async\" width=\"962\" height=\"640\" src=\"https:\/\/chicriviera.com\/wp-content\/uploads\/2019\/11\/0c1ed274-3ba1-494a-9d84-7697852e9354.jpg\" alt=\"\" class=\"wp-image-2956\" srcset=\"https:\/\/chicriviera.com\/wp-content\/uploads\/2019\/11\/0c1ed274-3ba1-494a-9d84-7697852e9354.jpg 962w, https:\/\/chicriviera.com\/wp-content\/uploads\/2019\/11\/0c1ed274-3ba1-494a-9d84-7697852e9354-300x200.jpg 300w, https:\/\/chicriviera.com\/wp-content\/uploads\/2019\/11\/0c1ed274-3ba1-494a-9d84-7697852e9354-768x511.jpg 768w, https:\/\/chicriviera.com\/wp-content\/uploads\/2019\/11\/0c1ed274-3ba1-494a-9d84-7697852e9354-600x399.jpg 600w\" sizes=\"(max-width: 962px) 100vw, 962px\" \/><figcaption>Golden Nymph<\/figcaption><\/figure>\n\n\n\n<p>There is also the Crystal Nymph, which recognizes an individual for lifetime achievement and career achievement in television. <\/p>\n\n\n\n<figure class=\"wp-block-image\"><img decoding=\"async\" width=\"894\" height=\"894\" src=\"https:\/\/chicriviera.com\/wp-content\/uploads\/2019\/11\/5adcb92c-bc49-4c9e-b16a-6216b9a2fd75.jpg\" alt=\"\" class=\"wp-image-2979\" srcset=\"https:\/\/chicriviera.com\/wp-content\/uploads\/2019\/11\/5adcb92c-bc49-4c9e-b16a-6216b9a2fd75.jpg 894w, https:\/\/chicriviera.com\/wp-content\/uploads\/2019\/11\/5adcb92c-bc49-4c9e-b16a-6216b9a2fd75-150x150.jpg 150w, https:\/\/chicriviera.com\/wp-content\/uploads\/2019\/11\/5adcb92c-bc49-4c9e-b16a-6216b9a2fd75-300x300.jpg 300w, https:\/\/chicriviera.com\/wp-content\/uploads\/2019\/11\/5adcb92c-bc49-4c9e-b16a-6216b9a2fd75-768x768.jpg 768w, https:\/\/chicriviera.com\/wp-content\/uploads\/2019\/11\/5adcb92c-bc49-4c9e-b16a-6216b9a2fd75-600x600.jpg 600w\" sizes=\"(max-width: 894px) 100vw, 894px\" \/><figcaption>Michael Douglas receives a Crystal Nymph in 2019<\/figcaption><\/figure>\n\n\n\n<p>The poster for this occasion, majestic and traditional with the Prince couple looking with tenderness at the Golden Nymph. The background of the photo has been removed to highlight and pay tribute to this wonderful emblematic couple. <\/p>\n\n\n\n<figure class=\"wp-block-image\"><img decoding=\"async\" width=\"582\" height=\"770\" src=\"https:\/\/chicriviera.com\/wp-content\/uploads\/2019\/11\/img_9173.png\" alt=\"\" class=\"wp-image-2999\" srcset=\"https:\/\/chicriviera.com\/wp-content\/uploads\/2019\/11\/img_9173.png 582w, https:\/\/chicriviera.com\/wp-content\/uploads\/2019\/11\/img_9173-227x300.png 227w\" sizes=\"(max-width: 582px) 100vw, 582px\" \/><figcaption>The Prince and Princess with the Golden Nymph<\/figcaption><\/figure>\n\n\n\n<p>Why was this festival created? His Serene Highness Prince Rainier III, a pioneer in many fields, saw in the 1960s television as a means of expression to bring people together and bring culture and peace through programs. He decided to encourage this new form of expression and communication with this festival to reward the programs and make the development of television flourish. <\/p>\n\n\n\n<figure class=\"wp-block-image\"><img decoding=\"async\" width=\"741\" height=\"702\" src=\"https:\/\/chicriviera.com\/wp-content\/uploads\/2019\/11\/c22686a1-690d-4992-99e0-0201a81d8ad1.jpg\" alt=\"\" class=\"wp-image-2975\" srcset=\"https:\/\/chicriviera.com\/wp-content\/uploads\/2019\/11\/c22686a1-690d-4992-99e0-0201a81d8ad1.jpg 741w, https:\/\/chicriviera.com\/wp-content\/uploads\/2019\/11\/c22686a1-690d-4992-99e0-0201a81d8ad1-300x284.jpg 300w, https:\/\/chicriviera.com\/wp-content\/uploads\/2019\/11\/c22686a1-690d-4992-99e0-0201a81d8ad1-600x568.jpg 600w\" sizes=\"(max-width: 741px) 100vw, 741px\" \/><figcaption>1972, 10th year of the Television Festival, His Highness Prince Rainier III, Grace Kelly, and the actress Mich\u00e8le Morgan<\/figcaption><\/figure>\n\n\n\n<p>The reaction was immediate, the entire audiovisual community responded, and the recognition of this award was worldwide. <\/p>\n\n\n\n<figure class=\"wp-block-image\"><img decoding=\"async\" width=\"782\" height=\"640\" src=\"https:\/\/chicriviera.com\/wp-content\/uploads\/2019\/11\/9306b53f-885e-4992-a7df-585b3ef43bed.jpg\" alt=\"\" class=\"wp-image-2973\" srcset=\"https:\/\/chicriviera.com\/wp-content\/uploads\/2019\/11\/9306b53f-885e-4992-a7df-585b3ef43bed.jpg 782w, https:\/\/chicriviera.com\/wp-content\/uploads\/2019\/11\/9306b53f-885e-4992-a7df-585b3ef43bed-300x246.jpg 300w, https:\/\/chicriviera.com\/wp-content\/uploads\/2019\/11\/9306b53f-885e-4992-a7df-585b3ef43bed-768x629.jpg 768w, https:\/\/chicriviera.com\/wp-content\/uploads\/2019\/11\/9306b53f-885e-4992-a7df-585b3ef43bed-600x491.jpg 600w\" sizes=\"(max-width: 782px) 100vw, 782px\" \/><figcaption>For the 2nd Television Festival in 1962: Grace Kelly and Vittorio de Sica <\/figcaption><\/figure>\n\n\n\n<p>For the 60th anniversary, the Television Festival reforms the rules with a reorganization of the competition criteria, categories, dates and awards.<\/p>\n\n\n\n<ul class=\"wp-block-list\"><li>for the official selection, 9 programs in 2020 (against 24 in 2019). The goal is to privilege the quality and the winners who will be nominated in all categories. <\/li><li>For the news category, 3 prizes: News Reports, Major Reports and Documentary Films. <\/li><li>The Prince Rainier III Prize becomes a category in its own right. <\/li><li>Creation of the FOD, your Festival On Demand: on this occasion you will meet the casts of the programs selected by the jury and you will be entitled to screenings and conferences that will be exclusively reserved for you. <\/li><\/ul>\n\n\n\n<p>Concerning the Festival, from now on each projection will be done each evening in the presence of the members of the cast, and will be <strong>open and free to the public<\/strong>.<\/p>\n\n\n\n<figure class=\"wp-block-image\"><img decoding=\"async\" width=\"915\" height=\"640\" src=\"https:\/\/chicriviera.com\/wp-content\/uploads\/2019\/11\/a80098b1-ad05-4f29-bca9-794a4b6860c5.jpg\" alt=\"\" class=\"wp-image-2994\" srcset=\"https:\/\/chicriviera.com\/wp-content\/uploads\/2019\/11\/a80098b1-ad05-4f29-bca9-794a4b6860c5.jpg 915w, https:\/\/chicriviera.com\/wp-content\/uploads\/2019\/11\/a80098b1-ad05-4f29-bca9-794a4b6860c5-300x210.jpg 300w, https:\/\/chicriviera.com\/wp-content\/uploads\/2019\/11\/a80098b1-ad05-4f29-bca9-794a4b6860c5-768x537.jpg 768w, https:\/\/chicriviera.com\/wp-content\/uploads\/2019\/11\/a80098b1-ad05-4f29-bca9-794a4b6860c5-600x420.jpg 600w\" sizes=\"(max-width: 915px) 100vw, 915px\" \/><figcaption>The whole team of \"Demain nous appartient\" at the 59th Television Festival <\/figcaption><\/figure>\n\n\n\n<p>Please note: entries between Monday, November 4, 2019 and Friday, February 28, 2020. The results of the nominees will be announced in May 2020 and the Golden Nymphs Ceremony will take place on June 23, 2020. <\/p>\n\n\n\n<p>For the Press, the accreditation applications start on January 14, 2020. <\/p>\n\n\n\n<p>See you on June 19, 2020 with many surprises in perspective! <\/p>","protected":false},"excerpt":{"rendered":"<p>Voil\u00e0 d\u00e9j\u00e0 bient\u00f4t 60 ans que chaque ann\u00e9e, les plus grandes stars internationales et le monde de la TV se retrouvent \u00e0 Monaco, dans un d\u00e9cor de cin\u00e9ma pour ce festival. L\u2019objectif \u00e9tant bien s\u00fbr de faire conna\u00eetre tous les nouveaux programmes TV, au public et \u00e0 la presse, mais surtout de remporter un prix, [&hellip;]<\/p>\n","protected":false},"author":2,"featured_media":3005,"comment_status":"open","ping_status":"closed","sticky":false,"template":"","format":"standard","meta":{"_genesis_hide_title":false,"_genesis_hide_breadcrumbs":false,"_genesis_hide_singular_image":false,"_genesis_hide_footer_widgets":false,"_genesis_custom_body_class":"","_genesis_custom_post_class":"","_genesis_layout":"","footnotes":""},"categories":[29,18],"tags":[],"class_list":{"0":"post-2951","1":"post","2":"type-post","3":"status-publish","4":"format-standard","5":"has-post-thumbnail","7":"category-evenements","8":"category-sortir","9":"entry"},"yoast_head":"<!-- This site is optimized with the Yoast SEO plugin v27.1.1 - https:\/\/yoast.com\/product\/yoast-seo-wordpress\/ -->\n<title>Le 60 \u00e8me Festival de T\u00e9l\u00e9vision de Monaco, du 19 au 23 Juin 2020 sera magique - Chic Riviera<\/title>\n<meta name=\"robots\" content=\"index, follow, max-snippet:-1, max-image-preview:large, max-video-preview:-1\" \/>\n<link rel=\"canonical\" href=\"https:\/\/chicriviera.com\/en\/2019\/11\/07\/le-60-eme-festival-de-television-de-monaco-du-19-au-23-juin-2020-sera-magique\/\" \/>\n<meta property=\"og:locale\" content=\"en_US\" \/>\n<meta property=\"og:type\" content=\"article\" \/>\n<meta property=\"og:title\" content=\"Le 60 \u00e8me Festival de T\u00e9l\u00e9vision de Monaco, du 19 au 23 Juin 2020 sera magique - Chic Riviera\" \/>\n<meta property=\"og:description\" content=\"Voil\u00e0 d\u00e9j\u00e0 bient\u00f4t 60 ans que chaque ann\u00e9e, les plus grandes stars internationales et le monde de la TV se retrouvent \u00e0 Monaco, dans un d\u00e9cor de cin\u00e9ma pour ce festival. L\u2019objectif \u00e9tant bien s\u00fbr de faire conna\u00eetre tous les nouveaux programmes TV, au public et \u00e0 la presse, mais surtout de remporter un prix, [&hellip;]\" \/>\n<meta property=\"og:url\" content=\"https:\/\/chicriviera.com\/en\/2019\/11\/07\/le-60-eme-festival-de-television-de-monaco-du-19-au-23-juin-2020-sera-magique\/\" \/>\n<meta property=\"og:site_name\" content=\"Chic Riviera\" \/>\n<meta property=\"article:publisher\" content=\"https:\/\/www.facebook.com\/ChicRivieracom\/\" \/>\n<meta property=\"article:published_time\" content=\"2019-11-07T13:07:17+00:00\" \/>\n<meta property=\"article:modified_time\" content=\"2019-11-07T20:44:38+00:00\" \/>\n<meta property=\"og:image\" content=\"https:\/\/chicriviera.com\/wp-content\/uploads\/2019\/11\/87c33d49-f83c-4763-9c84-a8f6a5464fa4-4.jpg\" \/>\n\t<meta property=\"og:image:width\" content=\"1051\" \/>\n\t<meta property=\"og:image:height\" content=\"640\" \/>\n\t<meta property=\"og:image:type\" content=\"image\/jpeg\" \/>\n<meta name=\"author\" content=\"Alex\" \/>\n<meta name=\"twitter:card\" content=\"summary_large_image\" \/>\n<meta name=\"twitter:creator\" content=\"@Chic_Riviera\" \/>\n<meta name=\"twitter:site\" content=\"@Chic_Riviera\" \/>\n<meta name=\"twitter:label1\" content=\"Written by\" \/>\n\t<meta name=\"twitter:data1\" content=\"Alex\" \/>\n\t<meta name=\"twitter:label2\" content=\"Est. reading time\" \/>\n\t<meta name=\"twitter:data2\" content=\"3 minutes\" \/>\n<script type=\"application\/ld+json\" class=\"yoast-schema-graph\">{\"@context\":\"https:\/\/schema.org\",\"@graph\":[{\"@type\":\"Article\",\"@id\":\"https:\/\/chicriviera.com\/de\/2019\/11\/07\/le-60-eme-festival-de-television-de-monaco-du-19-au-23-juin-2020-sera-magique\/#article\",\"isPartOf\":{\"@id\":\"https:\/\/chicriviera.com\/de\/2019\/11\/07\/le-60-eme-festival-de-television-de-monaco-du-19-au-23-juin-2020-sera-magique\/\"},\"author\":{\"name\":\"Alex\",\"@id\":\"https:\/\/chicriviera.com\/es\/#\/schema\/person\/c563ec1d9481b6d038092938cde95a4b\"},\"headline\":\"Le 60 \u00e8me Festival de T\u00e9l\u00e9vision de Monaco, du 19 au 23 Juin 2020 sera magique\",\"datePublished\":\"2019-11-07T13:07:17+00:00\",\"dateModified\":\"2019-11-07T20:44:38+00:00\",\"mainEntityOfPage\":{\"@id\":\"https:\/\/chicriviera.com\/de\/2019\/11\/07\/le-60-eme-festival-de-television-de-monaco-du-19-au-23-juin-2020-sera-magique\/\"},\"wordCount\":544,\"commentCount\":0,\"publisher\":{\"@id\":\"https:\/\/chicriviera.com\/es\/#organization\"},\"image\":{\"@id\":\"https:\/\/chicriviera.com\/de\/2019\/11\/07\/le-60-eme-festival-de-television-de-monaco-du-19-au-23-juin-2020-sera-magique\/#primaryimage\"},\"thumbnailUrl\":\"https:\/\/chicriviera.com\/wp-content\/uploads\/2019\/11\/87c33d49-f83c-4763-9c84-a8f6a5464fa4-4.jpg\",\"articleSection\":[\"\u00c9v\u00e9nements\",\"Sortir\"],\"inLanguage\":\"en-US\",\"potentialAction\":[{\"@type\":\"CommentAction\",\"name\":\"Comment\",\"target\":[\"https:\/\/chicriviera.com\/de\/2019\/11\/07\/le-60-eme-festival-de-television-de-monaco-du-19-au-23-juin-2020-sera-magique\/#respond\"]}]},{\"@type\":\"WebPage\",\"@id\":\"https:\/\/chicriviera.com\/de\/2019\/11\/07\/le-60-eme-festival-de-television-de-monaco-du-19-au-23-juin-2020-sera-magique\/\",\"url\":\"https:\/\/chicriviera.com\/de\/2019\/11\/07\/le-60-eme-festival-de-television-de-monaco-du-19-au-23-juin-2020-sera-magique\/\",\"name\":\"Le 60 \u00e8me Festival de T\u00e9l\u00e9vision de Monaco, du 19 au 23 Juin 2020 sera magique - Chic Riviera\",\"isPartOf\":{\"@id\":\"https:\/\/chicriviera.com\/es\/#website\"},\"primaryImageOfPage\":{\"@id\":\"https:\/\/chicriviera.com\/de\/2019\/11\/07\/le-60-eme-festival-de-television-de-monaco-du-19-au-23-juin-2020-sera-magique\/#primaryimage\"},\"image\":{\"@id\":\"https:\/\/chicriviera.com\/de\/2019\/11\/07\/le-60-eme-festival-de-television-de-monaco-du-19-au-23-juin-2020-sera-magique\/#primaryimage\"},\"thumbnailUrl\":\"https:\/\/chicriviera.com\/wp-content\/uploads\/2019\/11\/87c33d49-f83c-4763-9c84-a8f6a5464fa4-4.jpg\",\"datePublished\":\"2019-11-07T13:07:17+00:00\",\"dateModified\":\"2019-11-07T20:44:38+00:00\",\"breadcrumb\":{\"@id\":\"https:\/\/chicriviera.com\/de\/2019\/11\/07\/le-60-eme-festival-de-television-de-monaco-du-19-au-23-juin-2020-sera-magique\/#breadcrumb\"},\"inLanguage\":\"en-US\",\"potentialAction\":[{\"@type\":\"ReadAction\",\"target\":[\"https:\/\/chicriviera.com\/de\/2019\/11\/07\/le-60-eme-festival-de-television-de-monaco-du-19-au-23-juin-2020-sera-magique\/\"]}]},{\"@type\":\"ImageObject\",\"inLanguage\":\"en-US\",\"@id\":\"https:\/\/chicriviera.com\/de\/2019\/11\/07\/le-60-eme-festival-de-television-de-monaco-du-19-au-23-juin-2020-sera-magique\/#primaryimage\",\"url\":\"https:\/\/chicriviera.com\/wp-content\/uploads\/2019\/11\/87c33d49-f83c-4763-9c84-a8f6a5464fa4-4.jpg\",\"contentUrl\":\"https:\/\/chicriviera.com\/wp-content\/uploads\/2019\/11\/87c33d49-f83c-4763-9c84-a8f6a5464fa4-4.jpg\",\"width\":1051,\"height\":640},{\"@type\":\"BreadcrumbList\",\"@id\":\"https:\/\/chicriviera.com\/de\/2019\/11\/07\/le-60-eme-festival-de-television-de-monaco-du-19-au-23-juin-2020-sera-magique\/#breadcrumb\",\"itemListElement\":[{\"@type\":\"ListItem\",\"position\":1,\"name\":\"Accueil\",\"item\":\"https:\/\/chicriviera.com\/\"},{\"@type\":\"ListItem\",\"position\":2,\"name\":\"Le 60 \u00e8me Festival de T\u00e9l\u00e9vision de Monaco, du 19 au 23 Juin 2020 sera magique\"}]},{\"@type\":\"WebSite\",\"@id\":\"https:\/\/chicriviera.com\/es\/#website\",\"url\":\"https:\/\/chicriviera.com\/es\/\",\"name\":\"Chic Riviera\",\"description\":\"Le meilleur de la C\u00f4te d&#039;Azur : Restaurants, Plages, Sorties\",\"publisher\":{\"@id\":\"https:\/\/chicriviera.com\/es\/#organization\"},\"potentialAction\":[{\"@type\":\"SearchAction\",\"target\":{\"@type\":\"EntryPoint\",\"urlTemplate\":\"https:\/\/chicriviera.com\/es\/?s={search_term_string}\"},\"query-input\":{\"@type\":\"PropertyValueSpecification\",\"valueRequired\":true,\"valueName\":\"search_term_string\"}}],\"inLanguage\":\"en-US\"},{\"@type\":\"Organization\",\"@id\":\"https:\/\/chicriviera.com\/es\/#organization\",\"name\":\"Chic Riviera\",\"url\":\"https:\/\/chicriviera.com\/es\/\",\"logo\":{\"@type\":\"ImageObject\",\"inLanguage\":\"en-US\",\"@id\":\"https:\/\/chicriviera.com\/es\/#\/schema\/logo\/image\/\",\"url\":\"https:\/\/chicriviera.com\/wp-content\/uploads\/2019\/03\/cropped-crfavicon.png\",\"contentUrl\":\"https:\/\/chicriviera.com\/wp-content\/uploads\/2019\/03\/cropped-crfavicon.png\",\"width\":512,\"height\":512,\"caption\":\"Chic Riviera\"},\"image\":{\"@id\":\"https:\/\/chicriviera.com\/es\/#\/schema\/logo\/image\/\"},\"sameAs\":[\"https:\/\/www.facebook.com\/ChicRivieracom\/\",\"https:\/\/x.com\/Chic_Riviera\",\"https:\/\/www.instagram.com\/chicriviera\/\"]},{\"@type\":\"Person\",\"@id\":\"https:\/\/chicriviera.com\/es\/#\/schema\/person\/c563ec1d9481b6d038092938cde95a4b\",\"name\":\"Alex\",\"image\":{\"@type\":\"ImageObject\",\"inLanguage\":\"en-US\",\"@id\":\"https:\/\/chicriviera.com\/es\/#\/schema\/person\/image\/\",\"url\":\"https:\/\/secure.gravatar.com\/avatar\/0bb721c49cd74f5b36020571509cc39351075de1991c6145cdbecbab8cf22c82?s=96&d=mm&r=g\",\"contentUrl\":\"https:\/\/secure.gravatar.com\/avatar\/0bb721c49cd74f5b36020571509cc39351075de1991c6145cdbecbab8cf22c82?s=96&d=mm&r=g\",\"caption\":\"Alex\"},\"url\":\"https:\/\/chicriviera.com\/en\/author\/alexben\/\"}]}<\/script>\n<!-- \/ Yoast SEO plugin. -->","yoast_head_json":{"title":"The 60th Monaco Television Festival, from June 19 to 23, 2020 will be magical - Chic Riviera","robots":{"index":"index","follow":"follow","max-snippet":"max-snippet:-1","max-image-preview":"max-image-preview:large","max-video-preview":"max-video-preview:-1"},"canonical":"https:\/\/chicriviera.com\/en\/2019\/11\/07\/le-60-eme-festival-de-television-de-monaco-du-19-au-23-juin-2020-sera-magique\/","og_locale":"en_US","og_type":"article","og_title":"Le 60 \u00e8me Festival de T\u00e9l\u00e9vision de Monaco, du 19 au 23 Juin 2020 sera magique - Chic Riviera","og_description":"Voil\u00e0 d\u00e9j\u00e0 bient\u00f4t 60 ans que chaque ann\u00e9e, les plus grandes stars internationales et le monde de la TV se retrouvent \u00e0 Monaco, dans un d\u00e9cor de cin\u00e9ma pour ce festival. L\u2019objectif \u00e9tant bien s\u00fbr de faire conna\u00eetre tous les nouveaux programmes TV, au public et \u00e0 la presse, mais surtout de remporter un prix, [&hellip;]","og_url":"https:\/\/chicriviera.com\/en\/2019\/11\/07\/le-60-eme-festival-de-television-de-monaco-du-19-au-23-juin-2020-sera-magique\/","og_site_name":"Chic Riviera","article_publisher":"https:\/\/www.facebook.com\/ChicRivieracom\/","article_published_time":"2019-11-07T13:07:17+00:00","article_modified_time":"2019-11-07T20:44:38+00:00","og_image":[{"width":1051,"height":640,"url":"https:\/\/chicriviera.com\/wp-content\/uploads\/2019\/11\/87c33d49-f83c-4763-9c84-a8f6a5464fa4-4.jpg","type":"image\/jpeg"}],"author":"Alex","twitter_card":"summary_large_image","twitter_creator":"@Chic_Riviera","twitter_site":"@Chic_Riviera","twitter_misc":{"Written by":"Alex","Est. reading time":"3 minutes"},"schema":{"@context":"https:\/\/schema.org","@graph":[{"@type":"Article","@id":"https:\/\/chicriviera.com\/de\/2019\/11\/07\/le-60-eme-festival-de-television-de-monaco-du-19-au-23-juin-2020-sera-magique\/#article","isPartOf":{"@id":"https:\/\/chicriviera.com\/de\/2019\/11\/07\/le-60-eme-festival-de-television-de-monaco-du-19-au-23-juin-2020-sera-magique\/"},"author":{"name":"Alex","@id":"https:\/\/chicriviera.com\/es\/#\/schema\/person\/c563ec1d9481b6d038092938cde95a4b"},"headline":"Le 60 \u00e8me Festival de T\u00e9l\u00e9vision de Monaco, du 19 au 23 Juin 2020 sera magique","datePublished":"2019-11-07T13:07:17+00:00","dateModified":"2019-11-07T20:44:38+00:00","mainEntityOfPage":{"@id":"https:\/\/chicriviera.com\/de\/2019\/11\/07\/le-60-eme-festival-de-television-de-monaco-du-19-au-23-juin-2020-sera-magique\/"},"wordCount":544,"commentCount":0,"publisher":{"@id":"https:\/\/chicriviera.com\/es\/#organization"},"image":{"@id":"https:\/\/chicriviera.com\/de\/2019\/11\/07\/le-60-eme-festival-de-television-de-monaco-du-19-au-23-juin-2020-sera-magique\/#primaryimage"},"thumbnailUrl":"https:\/\/chicriviera.com\/wp-content\/uploads\/2019\/11\/87c33d49-f83c-4763-9c84-a8f6a5464fa4-4.jpg","articleSection":["\u00c9v\u00e9nements","Sortir"],"inLanguage":"en-US","potentialAction":[{"@type":"CommentAction","name":"Comment","target":["https:\/\/chicriviera.com\/de\/2019\/11\/07\/le-60-eme-festival-de-television-de-monaco-du-19-au-23-juin-2020-sera-magique\/#respond"]}]},{"@type":"WebPage","@id":"https:\/\/chicriviera.com\/de\/2019\/11\/07\/le-60-eme-festival-de-television-de-monaco-du-19-au-23-juin-2020-sera-magique\/","url":"https:\/\/chicriviera.com\/de\/2019\/11\/07\/le-60-eme-festival-de-television-de-monaco-du-19-au-23-juin-2020-sera-magique\/","name":"The 60th Monaco Television Festival, from June 19 to 23, 2020 will be magical - Chic Riviera","isPartOf":{"@id":"https:\/\/chicriviera.com\/es\/#website"},"primaryImageOfPage":{"@id":"https:\/\/chicriviera.com\/de\/2019\/11\/07\/le-60-eme-festival-de-television-de-monaco-du-19-au-23-juin-2020-sera-magique\/#primaryimage"},"image":{"@id":"https:\/\/chicriviera.com\/de\/2019\/11\/07\/le-60-eme-festival-de-television-de-monaco-du-19-au-23-juin-2020-sera-magique\/#primaryimage"},"thumbnailUrl":"https:\/\/chicriviera.com\/wp-content\/uploads\/2019\/11\/87c33d49-f83c-4763-9c84-a8f6a5464fa4-4.jpg","datePublished":"2019-11-07T13:07:17+00:00","dateModified":"2019-11-07T20:44:38+00:00","breadcrumb":{"@id":"https:\/\/chicriviera.com\/de\/2019\/11\/07\/le-60-eme-festival-de-television-de-monaco-du-19-au-23-juin-2020-sera-magique\/#breadcrumb"},"inLanguage":"en-US","potentialAction":[{"@type":"ReadAction","target":["https:\/\/chicriviera.com\/de\/2019\/11\/07\/le-60-eme-festival-de-television-de-monaco-du-19-au-23-juin-2020-sera-magique\/"]}]},{"@type":"ImageObject","inLanguage":"en-US","@id":"https:\/\/chicriviera.com\/de\/2019\/11\/07\/le-60-eme-festival-de-television-de-monaco-du-19-au-23-juin-2020-sera-magique\/#primaryimage","url":"https:\/\/chicriviera.com\/wp-content\/uploads\/2019\/11\/87c33d49-f83c-4763-9c84-a8f6a5464fa4-4.jpg","contentUrl":"https:\/\/chicriviera.com\/wp-content\/uploads\/2019\/11\/87c33d49-f83c-4763-9c84-a8f6a5464fa4-4.jpg","width":1051,"height":640},{"@type":"BreadcrumbList","@id":"https:\/\/chicriviera.com\/de\/2019\/11\/07\/le-60-eme-festival-de-television-de-monaco-du-19-au-23-juin-2020-sera-magique\/#breadcrumb","itemListElement":[{"@type":"ListItem","position":1,"name":"Accueil","item":"https:\/\/chicriviera.com\/"},{"@type":"ListItem","position":2,"name":"Le 60 \u00e8me Festival de T\u00e9l\u00e9vision de Monaco, du 19 au 23 Juin 2020 sera magique"}]},{"@type":"WebSite","@id":"https:\/\/chicriviera.com\/es\/#website","url":"https:\/\/chicriviera.com\/es\/","name":"Chic Riviera","description":"The best of the French Riviera : Restaurants, Beaches, Outings","publisher":{"@id":"https:\/\/chicriviera.com\/es\/#organization"},"potentialAction":[{"@type":"SearchAction","target":{"@type":"EntryPoint","urlTemplate":"https:\/\/chicriviera.com\/es\/?s={search_term_string}"},"query-input":{"@type":"PropertyValueSpecification","valueRequired":true,"valueName":"search_term_string"}}],"inLanguage":"en-US"},{"@type":"Organization","@id":"https:\/\/chicriviera.com\/es\/#organization","name":"Chic Riviera","url":"https:\/\/chicriviera.com\/es\/","logo":{"@type":"ImageObject","inLanguage":"en-US","@id":"https:\/\/chicriviera.com\/es\/#\/schema\/logo\/image\/","url":"https:\/\/chicriviera.com\/wp-content\/uploads\/2019\/03\/cropped-crfavicon.png","contentUrl":"https:\/\/chicriviera.com\/wp-content\/uploads\/2019\/03\/cropped-crfavicon.png","width":512,"height":512,"caption":"Chic Riviera"},"image":{"@id":"https:\/\/chicriviera.com\/es\/#\/schema\/logo\/image\/"},"sameAs":["https:\/\/www.facebook.com\/ChicRivieracom\/","https:\/\/x.com\/Chic_Riviera","https:\/\/www.instagram.com\/chicriviera\/"]},{"@type":"Person","@id":"https:\/\/chicriviera.com\/es\/#\/schema\/person\/c563ec1d9481b6d038092938cde95a4b","name":"Alex","image":{"@type":"ImageObject","inLanguage":"en-US","@id":"https:\/\/chicriviera.com\/es\/#\/schema\/person\/image\/","url":"https:\/\/secure.gravatar.com\/avatar\/0bb721c49cd74f5b36020571509cc39351075de1991c6145cdbecbab8cf22c82?s=96&d=mm&r=g","contentUrl":"https:\/\/secure.gravatar.com\/avatar\/0bb721c49cd74f5b36020571509cc39351075de1991c6145cdbecbab8cf22c82?s=96&d=mm&r=g","caption":"Alex"},"url":"https:\/\/chicriviera.com\/en\/author\/alexben\/"}]}},"_links":{"self":[{"href":"https:\/\/chicriviera.com\/en\/wp-json\/wp\/v2\/posts\/2951","targetHints":{"allow":["GET"]}}],"collection":[{"href":"https:\/\/chicriviera.com\/en\/wp-json\/wp\/v2\/posts"}],"about":[{"href":"https:\/\/chicriviera.com\/en\/wp-json\/wp\/v2\/types\/post"}],"author":[{"embeddable":true,"href":"https:\/\/chicriviera.com\/en\/wp-json\/wp\/v2\/users\/2"}],"replies":[{"embeddable":true,"href":"https:\/\/chicriviera.com\/en\/wp-json\/wp\/v2\/comments?post=2951"}],"version-history":[{"count":50,"href":"https:\/\/chicriviera.com\/en\/wp-json\/wp\/v2\/posts\/2951\/revisions"}],"predecessor-version":[{"id":3029,"href":"https:\/\/chicriviera.com\/en\/wp-json\/wp\/v2\/posts\/2951\/revisions\/3029"}],"wp:featuredmedia":[{"embeddable":true,"href":"https:\/\/chicriviera.com\/en\/wp-json\/wp\/v2\/media\/3005"}],"wp:attachment":[{"href":"https:\/\/chicriviera.com\/en\/wp-json\/wp\/v2\/media?parent=2951"}],"wp:term":[{"taxonomy":"category","embeddable":true,"href":"https:\/\/chicriviera.com\/en\/wp-json\/wp\/v2\/categories?post=2951"},{"taxonomy":"post_tag","embeddable":true,"href":"https:\/\/chicriviera.com\/en\/wp-json\/wp\/v2\/tags?post=2951"}],"curies":[{"name":"wp","href":"https:\/\/api.w.org\/{rel}","templated":true}]}}