{"id":1698,"date":"2019-06-05T22:56:20","date_gmt":"2019-06-05T20:56:20","guid":{"rendered":"https:\/\/chicriviera.com\/?p=1698"},"modified":"2019-06-06T01:14:30","modified_gmt":"2019-06-05T23:14:30","slug":"le-midem-2019-a-demarre-a-cannes","status":"publish","type":"post","link":"https:\/\/chicriviera.com\/en\/2019\/06\/05\/le-midem-2019-a-demarre-a-cannes\/","title":{"rendered":"Midem 2019 has started in Cannes"},"content":{"rendered":"<p>Midem is the largest international music industry event. Here, participants from 80 countries meet, exchange with key players in the music industry and explore new opportunities in high potential territories such as Africa, Latin America or Asia.     Midem is one of the few places where you can meet the entire international music community. <\/p>\n\n\n\n<figure class=\"wp-block-image\"><img decoding=\"async\" width=\"1222\" height=\"640\" src=\"https:\/\/chicriviera.com\/wp-content\/uploads\/2019\/06\/3aeddd26-0db1-469f-bb2d-6bf86c7cb461.jpg\" alt=\"\" class=\"wp-image-1705\" srcset=\"https:\/\/chicriviera.com\/wp-content\/uploads\/2019\/06\/3aeddd26-0db1-469f-bb2d-6bf86c7cb461.jpg 1222w, https:\/\/chicriviera.com\/wp-content\/uploads\/2019\/06\/3aeddd26-0db1-469f-bb2d-6bf86c7cb461-300x157.jpg 300w, https:\/\/chicriviera.com\/wp-content\/uploads\/2019\/06\/3aeddd26-0db1-469f-bb2d-6bf86c7cb461-768x402.jpg 768w, https:\/\/chicriviera.com\/wp-content\/uploads\/2019\/06\/3aeddd26-0db1-469f-bb2d-6bf86c7cb461-1024x536.jpg 1024w, https:\/\/chicriviera.com\/wp-content\/uploads\/2019\/06\/3aeddd26-0db1-469f-bb2d-6bf86c7cb461-600x314.jpg 600w\" sizes=\"(max-width: 1222px) 100vw, 1222px\" \/><figcaption>Midem by night<\/figcaption><\/figure>\n\n\n\n<p>The Midem in a few figures : <\/p>\n\n\n\n<ul class=\"wp-block-list\"><li>4800 participants <\/li><li>80 countries<\/li><li>1915 companies<\/li><li>95 lectures<\/li><li>60 speed meetings<\/li><li>330 speakers <\/li><li>44 startup pitches <\/li><\/ul>\n\n\n\n<p>Some 2019 speakers: <\/p>\n\n\n\n<figure class=\"wp-block-image\"><img decoding=\"async\" width=\"640\" height=\"640\" src=\"https:\/\/chicriviera.com\/wp-content\/uploads\/2019\/06\/bf339a2a-fb28-4951-bdae-f0d5fd70abb6.jpg\" alt=\"\" class=\"wp-image-1708\" srcset=\"https:\/\/chicriviera.com\/wp-content\/uploads\/2019\/06\/bf339a2a-fb28-4951-bdae-f0d5fd70abb6.jpg 640w, https:\/\/chicriviera.com\/wp-content\/uploads\/2019\/06\/bf339a2a-fb28-4951-bdae-f0d5fd70abb6-150x150.jpg 150w, https:\/\/chicriviera.com\/wp-content\/uploads\/2019\/06\/bf339a2a-fb28-4951-bdae-f0d5fd70abb6-300x300.jpg 300w, https:\/\/chicriviera.com\/wp-content\/uploads\/2019\/06\/bf339a2a-fb28-4951-bdae-f0d5fd70abb6-600x600.jpg 600w\" sizes=\"(max-width: 640px) 100vw, 640px\" \/><figcaption>Alexander Holland, Deezer, France<\/figcaption><\/figure>\n\n\n\n<figure class=\"wp-block-image\"><img decoding=\"async\" width=\"962\" height=\"640\" src=\"https:\/\/chicriviera.com\/wp-content\/uploads\/2019\/06\/9b429dc7-97db-44c9-8afa-aa1d85284f19.jpg\" alt=\"\" class=\"wp-image-1709\" srcset=\"https:\/\/chicriviera.com\/wp-content\/uploads\/2019\/06\/9b429dc7-97db-44c9-8afa-aa1d85284f19.jpg 962w, https:\/\/chicriviera.com\/wp-content\/uploads\/2019\/06\/9b429dc7-97db-44c9-8afa-aa1d85284f19-300x200.jpg 300w, https:\/\/chicriviera.com\/wp-content\/uploads\/2019\/06\/9b429dc7-97db-44c9-8afa-aa1d85284f19-768x511.jpg 768w, https:\/\/chicriviera.com\/wp-content\/uploads\/2019\/06\/9b429dc7-97db-44c9-8afa-aa1d85284f19-600x399.jpg 600w\" sizes=\"(max-width: 962px) 100vw, 962px\" \/><figcaption>Dia Simms, combs Enterprise, USA<\/figcaption><\/figure>\n\n\n\n<figure class=\"wp-block-image\"><img decoding=\"async\" width=\"423\" height=\"395\" src=\"https:\/\/chicriviera.com\/wp-content\/uploads\/2019\/06\/img_4373.jpg\" alt=\"\" class=\"wp-image-1711\" srcset=\"https:\/\/chicriviera.com\/wp-content\/uploads\/2019\/06\/img_4373.jpg 423w, https:\/\/chicriviera.com\/wp-content\/uploads\/2019\/06\/img_4373-300x280.jpg 300w\" sizes=\"(max-width: 423px) 100vw, 423px\" \/><figcaption>\u00c9lodie Bensoussan, Sony Music Entertainment, France<\/figcaption><\/figure>\n\n\n\n<p>A new feature, La Midem Beach, a place to relax and meet, open from 8:30 am to 2 am. This place dedicated to relaxation and professional musical exchanges, welcomes young promising artists in concert. Drinks and food at very attractive prices, feet in the sand. <\/p>\n\n\n\n<figure class=\"wp-block-image\"><img decoding=\"async\" width=\"2968\" height=\"2448\" src=\"https:\/\/chicriviera.com\/wp-content\/uploads\/2019\/06\/a0172281-87c1-4596-9a02-f4965a0e7a27.jpg\" alt=\"\" class=\"wp-image-1716\" srcset=\"https:\/\/chicriviera.com\/wp-content\/uploads\/2019\/06\/a0172281-87c1-4596-9a02-f4965a0e7a27.jpg 2968w, https:\/\/chicriviera.com\/wp-content\/uploads\/2019\/06\/a0172281-87c1-4596-9a02-f4965a0e7a27-300x247.jpg 300w, https:\/\/chicriviera.com\/wp-content\/uploads\/2019\/06\/a0172281-87c1-4596-9a02-f4965a0e7a27-768x633.jpg 768w, https:\/\/chicriviera.com\/wp-content\/uploads\/2019\/06\/a0172281-87c1-4596-9a02-f4965a0e7a27-1024x845.jpg 1024w, https:\/\/chicriviera.com\/wp-content\/uploads\/2019\/06\/a0172281-87c1-4596-9a02-f4965a0e7a27-600x495.jpg 600w, https:\/\/chicriviera.com\/wp-content\/uploads\/2019\/06\/a0172281-87c1-4596-9a02-f4965a0e7a27-1320x1089.jpg 1320w\" sizes=\"(max-width: 2968px) 100vw, 2968px\" \/><\/figure>\n\n\n\n<figure class=\"wp-block-image\"><img decoding=\"async\" width=\"3264\" height=\"2448\" src=\"https:\/\/chicriviera.com\/wp-content\/uploads\/2019\/06\/aefcfe0f-3c07-45b6-a655-5d307c4158e3.jpg\" alt=\"\" class=\"wp-image-1718\" srcset=\"https:\/\/chicriviera.com\/wp-content\/uploads\/2019\/06\/aefcfe0f-3c07-45b6-a655-5d307c4158e3.jpg 3264w, https:\/\/chicriviera.com\/wp-content\/uploads\/2019\/06\/aefcfe0f-3c07-45b6-a655-5d307c4158e3-300x225.jpg 300w, https:\/\/chicriviera.com\/wp-content\/uploads\/2019\/06\/aefcfe0f-3c07-45b6-a655-5d307c4158e3-768x576.jpg 768w, https:\/\/chicriviera.com\/wp-content\/uploads\/2019\/06\/aefcfe0f-3c07-45b6-a655-5d307c4158e3-1024x768.jpg 1024w, https:\/\/chicriviera.com\/wp-content\/uploads\/2019\/06\/aefcfe0f-3c07-45b6-a655-5d307c4158e3-600x450.jpg 600w, https:\/\/chicriviera.com\/wp-content\/uploads\/2019\/06\/aefcfe0f-3c07-45b6-a655-5d307c4158e3-1320x990.jpg 1320w\" sizes=\"(max-width: 3264px) 100vw, 3264px\" \/><\/figure>\n\n\n\n<figure class=\"wp-block-image\"><img decoding=\"async\" width=\"3264\" height=\"2448\" src=\"https:\/\/chicriviera.com\/wp-content\/uploads\/2019\/06\/63185cb6-e002-463e-bd98-e3325e35a936.jpg\" alt=\"\" class=\"wp-image-1719\" srcset=\"https:\/\/chicriviera.com\/wp-content\/uploads\/2019\/06\/63185cb6-e002-463e-bd98-e3325e35a936.jpg 3264w, https:\/\/chicriviera.com\/wp-content\/uploads\/2019\/06\/63185cb6-e002-463e-bd98-e3325e35a936-300x225.jpg 300w, https:\/\/chicriviera.com\/wp-content\/uploads\/2019\/06\/63185cb6-e002-463e-bd98-e3325e35a936-768x576.jpg 768w, https:\/\/chicriviera.com\/wp-content\/uploads\/2019\/06\/63185cb6-e002-463e-bd98-e3325e35a936-1024x768.jpg 1024w, https:\/\/chicriviera.com\/wp-content\/uploads\/2019\/06\/63185cb6-e002-463e-bd98-e3325e35a936-600x450.jpg 600w, https:\/\/chicriviera.com\/wp-content\/uploads\/2019\/06\/63185cb6-e002-463e-bd98-e3325e35a936-1320x990.jpg 1320w\" sizes=\"(max-width: 3264px) 100vw, 3264px\" \/><\/figure>\n\n\n\n<figure class=\"wp-block-image\"><img decoding=\"async\" width=\"3264\" height=\"2448\" src=\"https:\/\/chicriviera.com\/wp-content\/uploads\/2019\/06\/8853afa7-8a10-422d-bbca-7d124b3e61a0-1.jpg\" alt=\"\" class=\"wp-image-1721\" srcset=\"https:\/\/chicriviera.com\/wp-content\/uploads\/2019\/06\/8853afa7-8a10-422d-bbca-7d124b3e61a0-1.jpg 3264w, https:\/\/chicriviera.com\/wp-content\/uploads\/2019\/06\/8853afa7-8a10-422d-bbca-7d124b3e61a0-1-300x225.jpg 300w, https:\/\/chicriviera.com\/wp-content\/uploads\/2019\/06\/8853afa7-8a10-422d-bbca-7d124b3e61a0-1-768x576.jpg 768w, https:\/\/chicriviera.com\/wp-content\/uploads\/2019\/06\/8853afa7-8a10-422d-bbca-7d124b3e61a0-1-1024x768.jpg 1024w, https:\/\/chicriviera.com\/wp-content\/uploads\/2019\/06\/8853afa7-8a10-422d-bbca-7d124b3e61a0-1-600x450.jpg 600w, https:\/\/chicriviera.com\/wp-content\/uploads\/2019\/06\/8853afa7-8a10-422d-bbca-7d124b3e61a0-1-1320x990.jpg 1320w\" sizes=\"(max-width: 3264px) 100vw, 3264px\" \/><\/figure>\n\n\n\n<figure class=\"wp-block-image\"><img decoding=\"async\" width=\"3264\" height=\"2448\" src=\"https:\/\/chicriviera.com\/wp-content\/uploads\/2019\/06\/026a4fb6-5e42-4cca-a779-6215ad57f3ab.jpg\" alt=\"\" class=\"wp-image-1722\" srcset=\"https:\/\/chicriviera.com\/wp-content\/uploads\/2019\/06\/026a4fb6-5e42-4cca-a779-6215ad57f3ab.jpg 3264w, https:\/\/chicriviera.com\/wp-content\/uploads\/2019\/06\/026a4fb6-5e42-4cca-a779-6215ad57f3ab-300x225.jpg 300w, https:\/\/chicriviera.com\/wp-content\/uploads\/2019\/06\/026a4fb6-5e42-4cca-a779-6215ad57f3ab-768x576.jpg 768w, https:\/\/chicriviera.com\/wp-content\/uploads\/2019\/06\/026a4fb6-5e42-4cca-a779-6215ad57f3ab-1024x768.jpg 1024w, https:\/\/chicriviera.com\/wp-content\/uploads\/2019\/06\/026a4fb6-5e42-4cca-a779-6215ad57f3ab-600x450.jpg 600w, https:\/\/chicriviera.com\/wp-content\/uploads\/2019\/06\/026a4fb6-5e42-4cca-a779-6215ad57f3ab-1320x990.jpg 1320w\" sizes=\"(max-width: 3264px) 100vw, 3264px\" \/><\/figure>\n\n\n\n<p>Here is a preview of Midem 2019. More news and photos in a future article. <\/p>\n\n\n\n<p>More information on: https:\/\/www.midem.com\/francais\/<\/p>\n\n\n\n<p>Sources : Midem.com. Photos : Alex Benchetrit <\/p>","protected":false},"excerpt":{"rendered":"<p>Le Midem est le plus grand \u00e9v\u00e9nement de l\u2019industrie musicale internationale. Ici, des participants issus de 80 pays se rencontrent , vous pourrez \u00e9changer avec les acteurs cl\u00e9 de l\u2019industrie musicale et explorer de nouvelles opportunit\u00e9s dans des territoires \u00e0 fort potentiel comme l\u2019Afrique, l\u2019Am\u00e9rique Latine ou l\u2019Asie. Le Midem est un des rares endroits [&hellip;]<\/p>\n","protected":false},"author":2,"featured_media":1702,"comment_status":"open","ping_status":"closed","sticky":false,"template":"","format":"standard","meta":{"_genesis_hide_title":false,"_genesis_hide_breadcrumbs":false,"_genesis_hide_singular_image":false,"_genesis_hide_footer_widgets":false,"_genesis_custom_body_class":"","_genesis_custom_post_class":"","_genesis_layout":"","footnotes":""},"categories":[27,29,18],"tags":[],"class_list":{"0":"post-1698","1":"post","2":"type-post","3":"status-publish","4":"format-standard","5":"has-post-thumbnail","7":"category-activites","8":"category-evenements","9":"category-sortir","10":"entry"},"yoast_head":"<!-- This site is optimized with the Yoast SEO plugin v27.1.1 - https:\/\/yoast.com\/product\/yoast-seo-wordpress\/ -->\n<title>Le Midem 2019 a d\u00e9marr\u00e9 \u00e0 Cannes - Chic Riviera<\/title>\n<meta name=\"robots\" content=\"index, follow, max-snippet:-1, max-image-preview:large, max-video-preview:-1\" \/>\n<link rel=\"canonical\" href=\"https:\/\/chicriviera.com\/en\/2019\/06\/05\/le-midem-2019-a-demarre-a-cannes\/\" \/>\n<meta property=\"og:locale\" content=\"en_US\" \/>\n<meta property=\"og:type\" content=\"article\" \/>\n<meta property=\"og:title\" content=\"Le Midem 2019 a d\u00e9marr\u00e9 \u00e0 Cannes - Chic Riviera\" \/>\n<meta property=\"og:description\" content=\"Le Midem est le plus grand \u00e9v\u00e9nement de l\u2019industrie musicale internationale. Ici, des participants issus de 80 pays se rencontrent , vous pourrez \u00e9changer avec les acteurs cl\u00e9 de l\u2019industrie musicale et explorer de nouvelles opportunit\u00e9s dans des territoires \u00e0 fort potentiel comme l\u2019Afrique, l\u2019Am\u00e9rique Latine ou l\u2019Asie. Le Midem est un des rares endroits [&hellip;]\" \/>\n<meta property=\"og:url\" content=\"https:\/\/chicriviera.com\/en\/2019\/06\/05\/le-midem-2019-a-demarre-a-cannes\/\" \/>\n<meta property=\"og:site_name\" content=\"Chic Riviera\" \/>\n<meta property=\"article:publisher\" content=\"https:\/\/www.facebook.com\/ChicRivieracom\/\" \/>\n<meta property=\"article:published_time\" content=\"2019-06-05T20:56:20+00:00\" \/>\n<meta property=\"article:modified_time\" content=\"2019-06-05T23:14:30+00:00\" \/>\n<meta property=\"og:image\" content=\"https:\/\/chicriviera.com\/wp-content\/uploads\/2019\/06\/872c3090-40c8-45e5-acac-4c75596045a6.jpg\" \/>\n\t<meta property=\"og:image:width\" content=\"1224\" \/>\n\t<meta property=\"og:image:height\" content=\"1224\" \/>\n\t<meta property=\"og:image:type\" content=\"image\/jpeg\" \/>\n<meta name=\"author\" content=\"Alex\" \/>\n<meta name=\"twitter:card\" content=\"summary_large_image\" \/>\n<meta name=\"twitter:creator\" content=\"@Chic_Riviera\" \/>\n<meta name=\"twitter:site\" content=\"@Chic_Riviera\" \/>\n<meta name=\"twitter:label1\" content=\"Written by\" \/>\n\t<meta name=\"twitter:data1\" content=\"Alex\" \/>\n\t<meta name=\"twitter:label2\" content=\"Est. reading time\" \/>\n\t<meta name=\"twitter:data2\" content=\"1 minute\" \/>\n<script type=\"application\/ld+json\" class=\"yoast-schema-graph\">{\"@context\":\"https:\/\/schema.org\",\"@graph\":[{\"@type\":\"Article\",\"@id\":\"https:\/\/chicriviera.com\/en\/2019\/06\/05\/le-midem-2019-a-demarre-a-cannes\/#article\",\"isPartOf\":{\"@id\":\"https:\/\/chicriviera.com\/en\/2019\/06\/05\/le-midem-2019-a-demarre-a-cannes\/\"},\"author\":{\"name\":\"Alex\",\"@id\":\"https:\/\/chicriviera.com\/es\/#\/schema\/person\/c563ec1d9481b6d038092938cde95a4b\"},\"headline\":\"Le Midem 2019 a d\u00e9marr\u00e9 \u00e0 Cannes\",\"datePublished\":\"2019-06-05T20:56:20+00:00\",\"dateModified\":\"2019-06-05T23:14:30+00:00\",\"mainEntityOfPage\":{\"@id\":\"https:\/\/chicriviera.com\/en\/2019\/06\/05\/le-midem-2019-a-demarre-a-cannes\/\"},\"wordCount\":192,\"commentCount\":0,\"publisher\":{\"@id\":\"https:\/\/chicriviera.com\/es\/#organization\"},\"image\":{\"@id\":\"https:\/\/chicriviera.com\/en\/2019\/06\/05\/le-midem-2019-a-demarre-a-cannes\/#primaryimage\"},\"thumbnailUrl\":\"https:\/\/chicriviera.com\/wp-content\/uploads\/2019\/06\/872c3090-40c8-45e5-acac-4c75596045a6.jpg\",\"articleSection\":[\"Activit\u00e9s\",\"\u00c9v\u00e9nements\",\"Sortir\"],\"inLanguage\":\"en-US\",\"potentialAction\":[{\"@type\":\"CommentAction\",\"name\":\"Comment\",\"target\":[\"https:\/\/chicriviera.com\/en\/2019\/06\/05\/le-midem-2019-a-demarre-a-cannes\/#respond\"]}]},{\"@type\":\"WebPage\",\"@id\":\"https:\/\/chicriviera.com\/en\/2019\/06\/05\/le-midem-2019-a-demarre-a-cannes\/\",\"url\":\"https:\/\/chicriviera.com\/en\/2019\/06\/05\/le-midem-2019-a-demarre-a-cannes\/\",\"name\":\"Le Midem 2019 a d\u00e9marr\u00e9 \u00e0 Cannes - Chic Riviera\",\"isPartOf\":{\"@id\":\"https:\/\/chicriviera.com\/es\/#website\"},\"primaryImageOfPage\":{\"@id\":\"https:\/\/chicriviera.com\/en\/2019\/06\/05\/le-midem-2019-a-demarre-a-cannes\/#primaryimage\"},\"image\":{\"@id\":\"https:\/\/chicriviera.com\/en\/2019\/06\/05\/le-midem-2019-a-demarre-a-cannes\/#primaryimage\"},\"thumbnailUrl\":\"https:\/\/chicriviera.com\/wp-content\/uploads\/2019\/06\/872c3090-40c8-45e5-acac-4c75596045a6.jpg\",\"datePublished\":\"2019-06-05T20:56:20+00:00\",\"dateModified\":\"2019-06-05T23:14:30+00:00\",\"breadcrumb\":{\"@id\":\"https:\/\/chicriviera.com\/en\/2019\/06\/05\/le-midem-2019-a-demarre-a-cannes\/#breadcrumb\"},\"inLanguage\":\"en-US\",\"potentialAction\":[{\"@type\":\"ReadAction\",\"target\":[\"https:\/\/chicriviera.com\/en\/2019\/06\/05\/le-midem-2019-a-demarre-a-cannes\/\"]}]},{\"@type\":\"ImageObject\",\"inLanguage\":\"en-US\",\"@id\":\"https:\/\/chicriviera.com\/en\/2019\/06\/05\/le-midem-2019-a-demarre-a-cannes\/#primaryimage\",\"url\":\"https:\/\/chicriviera.com\/wp-content\/uploads\/2019\/06\/872c3090-40c8-45e5-acac-4c75596045a6.jpg\",\"contentUrl\":\"https:\/\/chicriviera.com\/wp-content\/uploads\/2019\/06\/872c3090-40c8-45e5-acac-4c75596045a6.jpg\",\"width\":1224,\"height\":1224},{\"@type\":\"BreadcrumbList\",\"@id\":\"https:\/\/chicriviera.com\/en\/2019\/06\/05\/le-midem-2019-a-demarre-a-cannes\/#breadcrumb\",\"itemListElement\":[{\"@type\":\"ListItem\",\"position\":1,\"name\":\"Accueil\",\"item\":\"https:\/\/chicriviera.com\/\"},{\"@type\":\"ListItem\",\"position\":2,\"name\":\"Le Midem 2019 a d\u00e9marr\u00e9 \u00e0 Cannes\"}]},{\"@type\":\"WebSite\",\"@id\":\"https:\/\/chicriviera.com\/es\/#website\",\"url\":\"https:\/\/chicriviera.com\/es\/\",\"name\":\"Chic Riviera\",\"description\":\"Le meilleur de la C\u00f4te d&#039;Azur : Restaurants, Plages, Sorties\",\"publisher\":{\"@id\":\"https:\/\/chicriviera.com\/es\/#organization\"},\"potentialAction\":[{\"@type\":\"SearchAction\",\"target\":{\"@type\":\"EntryPoint\",\"urlTemplate\":\"https:\/\/chicriviera.com\/es\/?s={search_term_string}\"},\"query-input\":{\"@type\":\"PropertyValueSpecification\",\"valueRequired\":true,\"valueName\":\"search_term_string\"}}],\"inLanguage\":\"en-US\"},{\"@type\":\"Organization\",\"@id\":\"https:\/\/chicriviera.com\/es\/#organization\",\"name\":\"Chic Riviera\",\"url\":\"https:\/\/chicriviera.com\/es\/\",\"logo\":{\"@type\":\"ImageObject\",\"inLanguage\":\"en-US\",\"@id\":\"https:\/\/chicriviera.com\/es\/#\/schema\/logo\/image\/\",\"url\":\"https:\/\/chicriviera.com\/wp-content\/uploads\/2019\/03\/cropped-crfavicon.png\",\"contentUrl\":\"https:\/\/chicriviera.com\/wp-content\/uploads\/2019\/03\/cropped-crfavicon.png\",\"width\":512,\"height\":512,\"caption\":\"Chic Riviera\"},\"image\":{\"@id\":\"https:\/\/chicriviera.com\/es\/#\/schema\/logo\/image\/\"},\"sameAs\":[\"https:\/\/www.facebook.com\/ChicRivieracom\/\",\"https:\/\/x.com\/Chic_Riviera\",\"https:\/\/www.instagram.com\/chicriviera\/\"]},{\"@type\":\"Person\",\"@id\":\"https:\/\/chicriviera.com\/es\/#\/schema\/person\/c563ec1d9481b6d038092938cde95a4b\",\"name\":\"Alex\",\"image\":{\"@type\":\"ImageObject\",\"inLanguage\":\"en-US\",\"@id\":\"https:\/\/chicriviera.com\/es\/#\/schema\/person\/image\/\",\"url\":\"https:\/\/secure.gravatar.com\/avatar\/0bb721c49cd74f5b36020571509cc39351075de1991c6145cdbecbab8cf22c82?s=96&d=mm&r=g\",\"contentUrl\":\"https:\/\/secure.gravatar.com\/avatar\/0bb721c49cd74f5b36020571509cc39351075de1991c6145cdbecbab8cf22c82?s=96&d=mm&r=g\",\"caption\":\"Alex\"},\"url\":\"https:\/\/chicriviera.com\/en\/author\/alexben\/\"}]}<\/script>\n<!-- \/ Yoast SEO plugin. -->","yoast_head_json":{"title":"Midem 2019 kicks off in Cannes - Chic Riviera","robots":{"index":"index","follow":"follow","max-snippet":"max-snippet:-1","max-image-preview":"max-image-preview:large","max-video-preview":"max-video-preview:-1"},"canonical":"https:\/\/chicriviera.com\/en\/2019\/06\/05\/le-midem-2019-a-demarre-a-cannes\/","og_locale":"en_US","og_type":"article","og_title":"Le Midem 2019 a d\u00e9marr\u00e9 \u00e0 Cannes - Chic Riviera","og_description":"Le Midem est le plus grand \u00e9v\u00e9nement de l\u2019industrie musicale internationale. Ici, des participants issus de 80 pays se rencontrent , vous pourrez \u00e9changer avec les acteurs cl\u00e9 de l\u2019industrie musicale et explorer de nouvelles opportunit\u00e9s dans des territoires \u00e0 fort potentiel comme l\u2019Afrique, l\u2019Am\u00e9rique Latine ou l\u2019Asie. Le Midem est un des rares endroits [&hellip;]","og_url":"https:\/\/chicriviera.com\/en\/2019\/06\/05\/le-midem-2019-a-demarre-a-cannes\/","og_site_name":"Chic Riviera","article_publisher":"https:\/\/www.facebook.com\/ChicRivieracom\/","article_published_time":"2019-06-05T20:56:20+00:00","article_modified_time":"2019-06-05T23:14:30+00:00","og_image":[{"width":1224,"height":1224,"url":"https:\/\/chicriviera.com\/wp-content\/uploads\/2019\/06\/872c3090-40c8-45e5-acac-4c75596045a6.jpg","type":"image\/jpeg"}],"author":"Alex","twitter_card":"summary_large_image","twitter_creator":"@Chic_Riviera","twitter_site":"@Chic_Riviera","twitter_misc":{"Written by":"Alex","Est. reading time":"1 minute"},"schema":{"@context":"https:\/\/schema.org","@graph":[{"@type":"Article","@id":"https:\/\/chicriviera.com\/en\/2019\/06\/05\/le-midem-2019-a-demarre-a-cannes\/#article","isPartOf":{"@id":"https:\/\/chicriviera.com\/en\/2019\/06\/05\/le-midem-2019-a-demarre-a-cannes\/"},"author":{"name":"Alex","@id":"https:\/\/chicriviera.com\/es\/#\/schema\/person\/c563ec1d9481b6d038092938cde95a4b"},"headline":"Le Midem 2019 a d\u00e9marr\u00e9 \u00e0 Cannes","datePublished":"2019-06-05T20:56:20+00:00","dateModified":"2019-06-05T23:14:30+00:00","mainEntityOfPage":{"@id":"https:\/\/chicriviera.com\/en\/2019\/06\/05\/le-midem-2019-a-demarre-a-cannes\/"},"wordCount":192,"commentCount":0,"publisher":{"@id":"https:\/\/chicriviera.com\/es\/#organization"},"image":{"@id":"https:\/\/chicriviera.com\/en\/2019\/06\/05\/le-midem-2019-a-demarre-a-cannes\/#primaryimage"},"thumbnailUrl":"https:\/\/chicriviera.com\/wp-content\/uploads\/2019\/06\/872c3090-40c8-45e5-acac-4c75596045a6.jpg","articleSection":["Activit\u00e9s","\u00c9v\u00e9nements","Sortir"],"inLanguage":"en-US","potentialAction":[{"@type":"CommentAction","name":"Comment","target":["https:\/\/chicriviera.com\/en\/2019\/06\/05\/le-midem-2019-a-demarre-a-cannes\/#respond"]}]},{"@type":"WebPage","@id":"https:\/\/chicriviera.com\/en\/2019\/06\/05\/le-midem-2019-a-demarre-a-cannes\/","url":"https:\/\/chicriviera.com\/en\/2019\/06\/05\/le-midem-2019-a-demarre-a-cannes\/","name":"Midem 2019 kicks off in Cannes - Chic Riviera","isPartOf":{"@id":"https:\/\/chicriviera.com\/es\/#website"},"primaryImageOfPage":{"@id":"https:\/\/chicriviera.com\/en\/2019\/06\/05\/le-midem-2019-a-demarre-a-cannes\/#primaryimage"},"image":{"@id":"https:\/\/chicriviera.com\/en\/2019\/06\/05\/le-midem-2019-a-demarre-a-cannes\/#primaryimage"},"thumbnailUrl":"https:\/\/chicriviera.com\/wp-content\/uploads\/2019\/06\/872c3090-40c8-45e5-acac-4c75596045a6.jpg","datePublished":"2019-06-05T20:56:20+00:00","dateModified":"2019-06-05T23:14:30+00:00","breadcrumb":{"@id":"https:\/\/chicriviera.com\/en\/2019\/06\/05\/le-midem-2019-a-demarre-a-cannes\/#breadcrumb"},"inLanguage":"en-US","potentialAction":[{"@type":"ReadAction","target":["https:\/\/chicriviera.com\/en\/2019\/06\/05\/le-midem-2019-a-demarre-a-cannes\/"]}]},{"@type":"ImageObject","inLanguage":"en-US","@id":"https:\/\/chicriviera.com\/en\/2019\/06\/05\/le-midem-2019-a-demarre-a-cannes\/#primaryimage","url":"https:\/\/chicriviera.com\/wp-content\/uploads\/2019\/06\/872c3090-40c8-45e5-acac-4c75596045a6.jpg","contentUrl":"https:\/\/chicriviera.com\/wp-content\/uploads\/2019\/06\/872c3090-40c8-45e5-acac-4c75596045a6.jpg","width":1224,"height":1224},{"@type":"BreadcrumbList","@id":"https:\/\/chicriviera.com\/en\/2019\/06\/05\/le-midem-2019-a-demarre-a-cannes\/#breadcrumb","itemListElement":[{"@type":"ListItem","position":1,"name":"Accueil","item":"https:\/\/chicriviera.com\/"},{"@type":"ListItem","position":2,"name":"Le Midem 2019 a d\u00e9marr\u00e9 \u00e0 Cannes"}]},{"@type":"WebSite","@id":"https:\/\/chicriviera.com\/es\/#website","url":"https:\/\/chicriviera.com\/es\/","name":"Chic Riviera","description":"The best of the French Riviera : Restaurants, Beaches, Outings","publisher":{"@id":"https:\/\/chicriviera.com\/es\/#organization"},"potentialAction":[{"@type":"SearchAction","target":{"@type":"EntryPoint","urlTemplate":"https:\/\/chicriviera.com\/es\/?s={search_term_string}"},"query-input":{"@type":"PropertyValueSpecification","valueRequired":true,"valueName":"search_term_string"}}],"inLanguage":"en-US"},{"@type":"Organization","@id":"https:\/\/chicriviera.com\/es\/#organization","name":"Chic Riviera","url":"https:\/\/chicriviera.com\/es\/","logo":{"@type":"ImageObject","inLanguage":"en-US","@id":"https:\/\/chicriviera.com\/es\/#\/schema\/logo\/image\/","url":"https:\/\/chicriviera.com\/wp-content\/uploads\/2019\/03\/cropped-crfavicon.png","contentUrl":"https:\/\/chicriviera.com\/wp-content\/uploads\/2019\/03\/cropped-crfavicon.png","width":512,"height":512,"caption":"Chic Riviera"},"image":{"@id":"https:\/\/chicriviera.com\/es\/#\/schema\/logo\/image\/"},"sameAs":["https:\/\/www.facebook.com\/ChicRivieracom\/","https:\/\/x.com\/Chic_Riviera","https:\/\/www.instagram.com\/chicriviera\/"]},{"@type":"Person","@id":"https:\/\/chicriviera.com\/es\/#\/schema\/person\/c563ec1d9481b6d038092938cde95a4b","name":"Alex","image":{"@type":"ImageObject","inLanguage":"en-US","@id":"https:\/\/chicriviera.com\/es\/#\/schema\/person\/image\/","url":"https:\/\/secure.gravatar.com\/avatar\/0bb721c49cd74f5b36020571509cc39351075de1991c6145cdbecbab8cf22c82?s=96&d=mm&r=g","contentUrl":"https:\/\/secure.gravatar.com\/avatar\/0bb721c49cd74f5b36020571509cc39351075de1991c6145cdbecbab8cf22c82?s=96&d=mm&r=g","caption":"Alex"},"url":"https:\/\/chicriviera.com\/en\/author\/alexben\/"}]}},"_links":{"self":[{"href":"https:\/\/chicriviera.com\/en\/wp-json\/wp\/v2\/posts\/1698","targetHints":{"allow":["GET"]}}],"collection":[{"href":"https:\/\/chicriviera.com\/en\/wp-json\/wp\/v2\/posts"}],"about":[{"href":"https:\/\/chicriviera.com\/en\/wp-json\/wp\/v2\/types\/post"}],"author":[{"embeddable":true,"href":"https:\/\/chicriviera.com\/en\/wp-json\/wp\/v2\/users\/2"}],"replies":[{"embeddable":true,"href":"https:\/\/chicriviera.com\/en\/wp-json\/wp\/v2\/comments?post=1698"}],"version-history":[{"count":19,"href":"https:\/\/chicriviera.com\/en\/wp-json\/wp\/v2\/posts\/1698\/revisions"}],"predecessor-version":[{"id":1729,"href":"https:\/\/chicriviera.com\/en\/wp-json\/wp\/v2\/posts\/1698\/revisions\/1729"}],"wp:featuredmedia":[{"embeddable":true,"href":"https:\/\/chicriviera.com\/en\/wp-json\/wp\/v2\/media\/1702"}],"wp:attachment":[{"href":"https:\/\/chicriviera.com\/en\/wp-json\/wp\/v2\/media?parent=1698"}],"wp:term":[{"taxonomy":"category","embeddable":true,"href":"https:\/\/chicriviera.com\/en\/wp-json\/wp\/v2\/categories?post=1698"},{"taxonomy":"post_tag","embeddable":true,"href":"https:\/\/chicriviera.com\/en\/wp-json\/wp\/v2\/tags?post=1698"}],"curies":[{"name":"wp","href":"https:\/\/api.w.org\/{rel}","templated":true}]}}