{"id":1224,"date":"2019-04-03T18:10:37","date_gmt":"2019-04-03T16:10:37","guid":{"rendered":"https:\/\/chicriviera.com\/?p=1224"},"modified":"2019-04-04T23:35:29","modified_gmt":"2019-04-04T21:35:29","slug":"festival-de-musiques-croisees-a-cannes-le-festival-branche-de-la-cote-dazur","status":"publish","type":"post","link":"https:\/\/chicriviera.com\/en\/2019\/04\/03\/festival-de-musiques-croisees-a-cannes-le-festival-branche-de-la-cote-dazur\/","title":{"rendered":"Musiques Crois\u00e9es Festival in Cannes, the trendy Festival of the French Riviera"},"content":{"rendered":"<p>For its 3rd edition, this Music Festival, which takes place in Cannes, in partnership with the city, offers you exclusive artists.<\/p>\n<p>This beautiful adventure began 3 years ago, thanks to Chantal Loras and R\u00e9gine Bessis, 2 passionate music lovers, retired, one an artistic agent in Classical Music, and the second in World Music. Supported by David Lisnard, the Mayor of Cannes, and Thomas de Pariente, his 1st Deputy for Culture, Chantal and R\u00e9gine were able to realize their dream, to create a modern and innovative Festival where several musical influences are gathered in the same concert.<\/p>\n<p>The first edition was such a success that Chantal and R\u00e9gine decided to do it again the following year which was even more dazzling.<\/p>\n<p>This year, for the Festival Musiques Crois\u00e9es 2019, the two friends offer us once again exceptional artists.<\/p>\n<p>After having swung and jazzed to the sound of GEFILT SWING, last March 28, we will be able to fill up again with music and voices of the world with the last 2 dates of this 3rd edition: Thursday, May 2, 8 pm: Serena Brancale and Thursday, June 7, 8 pm: Shani Diluka Piano.<\/p>\n<p>Thursday, May 2nd, 8pm: SERENA BRANCALE 4 T\u00e9T<img decoding=\"async\" src=\"https:\/\/chicriviera.com\/wp-content\/uploads\/2019\/04\/img_2383.png\" class=\"size-full wp-image-1235\" width=\"570\" height=\"380\" srcset=\"https:\/\/chicriviera.com\/wp-content\/uploads\/2019\/04\/img_2383.png 570w, https:\/\/chicriviera.com\/wp-content\/uploads\/2019\/04\/img_2383-300x200.png 300w\" sizes=\"(max-width: 570px) 100vw, 570px\" \/><\/p>\n<p>This beautiful Italian singer, with a pulpy voice, and an amber tone of \"negritude\", is author, composer and pianist. Her music is a mixture of Soul, Pop, Funk, RN'B, and American Electro that blends perfectly with her explosive voice that sets the rooms ablaze with her 4 T\u00e9T. Tickets: 20\u20ac. One price. Tel : 06 03 24 80 98. www.weezevent.com\/serena-brancale-4tet<\/p>\n<p>Thursday, June 6, 8pm: SHANI DILUKA PIANO<img decoding=\"async\" src=\"https:\/\/chicriviera.com\/wp-content\/uploads\/2019\/04\/img_2385.jpg\" class=\"size-full wp-image-1241\" width=\"1024\" height=\"1024\" srcset=\"https:\/\/chicriviera.com\/wp-content\/uploads\/2019\/04\/img_2385.jpg 1024w, https:\/\/chicriviera.com\/wp-content\/uploads\/2019\/04\/img_2385-150x150.jpg 150w, https:\/\/chicriviera.com\/wp-content\/uploads\/2019\/04\/img_2385-300x300.jpg 300w, https:\/\/chicriviera.com\/wp-content\/uploads\/2019\/04\/img_2385-768x768.jpg 768w, https:\/\/chicriviera.com\/wp-content\/uploads\/2019\/04\/img_2385-600x600.jpg 600w\" sizes=\"(max-width: 1024px) 100vw, 1024px\" \/><\/p>\n<p>This pianist, of Srilankese origin, was born in Monaco. She was spotted at the age of 6 by Princess Grace Kelly who admitted her to the Rainier III Academy. After brilliant studies in this prestigious Academy and a 1st Prize, she went on to the Paris Conservatory where she also obtained a 1st Grand Prize. Her talent led her to a national and international career. Shani, with her music, will take us on June 6, on the famous ROAD 66, in search of American composers. Tickets : 20\u20ac. One price. Tel : 06 03 24 80 98. www.weezevent.com\/shani-diluka-piano<\/p>\n<p>Festival Musiques Crois\u00e9es 2019 :<\/p>\n<p>In partnership with the City of Cannes,<\/p>\n<p>Th\u00e9\u00e2tre Alexandre III, 19, Boulevard Alexandre III, 06400, Cannes.<\/p>\n<p>Source: Chantal Loras, President of the Festival Musiques Crois\u00e9es.<\/p>","protected":false},"excerpt":{"rendered":"<p>Pour sa 3\u00e8me \u00e9dition, ce Festival de Musiques, qui se d\u00e9roule \u00e0 Cannes, en partenariat avec la ville, vous propose des artistes en exclusivit\u00e9. Cette belle aventure a commenc\u00e9 il y a 3 ans, gr\u00e2ce \u00e0 Chantal Loras et R\u00e9gine Bessis, 2 passionn\u00e9es de musique, retrait\u00e9es, l&rsquo;une agent artistique en Musique Classique, et la seconde [&hellip;]<\/p>\n","protected":false},"author":2,"featured_media":1227,"comment_status":"open","ping_status":"closed","sticky":false,"template":"","format":"standard","meta":{"_genesis_hide_title":false,"_genesis_hide_breadcrumbs":false,"_genesis_hide_singular_image":false,"_genesis_hide_footer_widgets":false,"_genesis_custom_body_class":"","_genesis_custom_post_class":"","_genesis_layout":"","footnotes":""},"categories":[29,18],"tags":[],"class_list":{"0":"post-1224","1":"post","2":"type-post","3":"status-publish","4":"format-standard","5":"has-post-thumbnail","7":"category-evenements","8":"category-sortir","9":"entry"},"yoast_head":"<!-- This site is optimized with the Yoast SEO plugin v27.1.1 - https:\/\/yoast.com\/product\/yoast-seo-wordpress\/ -->\n<title>Festival Musiques Crois\u00e9es \u00e0 Cannes, le Festival branch\u00e9 de la C\u00f4te d\u2019Azur - Chic Riviera<\/title>\n<meta name=\"robots\" content=\"index, follow, max-snippet:-1, max-image-preview:large, max-video-preview:-1\" \/>\n<link rel=\"canonical\" href=\"https:\/\/chicriviera.com\/en\/2019\/04\/03\/festival-de-musiques-croisees-a-cannes-le-festival-branche-de-la-cote-dazur\/\" \/>\n<meta property=\"og:locale\" content=\"en_US\" \/>\n<meta property=\"og:type\" content=\"article\" \/>\n<meta property=\"og:title\" content=\"Festival Musiques Crois\u00e9es \u00e0 Cannes, le Festival branch\u00e9 de la C\u00f4te d\u2019Azur - Chic Riviera\" \/>\n<meta property=\"og:description\" content=\"Pour sa 3\u00e8me \u00e9dition, ce Festival de Musiques, qui se d\u00e9roule \u00e0 Cannes, en partenariat avec la ville, vous propose des artistes en exclusivit\u00e9. Cette belle aventure a commenc\u00e9 il y a 3 ans, gr\u00e2ce \u00e0 Chantal Loras et R\u00e9gine Bessis, 2 passionn\u00e9es de musique, retrait\u00e9es, l&rsquo;une agent artistique en Musique Classique, et la seconde [&hellip;]\" \/>\n<meta property=\"og:url\" content=\"https:\/\/chicriviera.com\/en\/2019\/04\/03\/festival-de-musiques-croisees-a-cannes-le-festival-branche-de-la-cote-dazur\/\" \/>\n<meta property=\"og:site_name\" content=\"Chic Riviera\" \/>\n<meta property=\"article:publisher\" content=\"https:\/\/www.facebook.com\/ChicRivieracom\/\" \/>\n<meta property=\"article:published_time\" content=\"2019-04-03T16:10:37+00:00\" \/>\n<meta property=\"article:modified_time\" content=\"2019-04-04T21:35:29+00:00\" \/>\n<meta property=\"og:image\" content=\"https:\/\/chicriviera.com\/wp-content\/uploads\/2019\/04\/img_2381-1.jpg\" \/>\n\t<meta property=\"og:image:width\" content=\"526\" \/>\n\t<meta property=\"og:image:height\" content=\"394\" \/>\n\t<meta property=\"og:image:type\" content=\"image\/jpeg\" \/>\n<meta name=\"author\" content=\"Alex\" \/>\n<meta name=\"twitter:card\" content=\"summary_large_image\" \/>\n<meta name=\"twitter:creator\" content=\"@Chic_Riviera\" \/>\n<meta name=\"twitter:site\" content=\"@Chic_Riviera\" \/>\n<meta name=\"twitter:label1\" content=\"Written by\" \/>\n\t<meta name=\"twitter:data1\" content=\"Alex\" \/>\n\t<meta name=\"twitter:label2\" content=\"Est. reading time\" \/>\n\t<meta name=\"twitter:data2\" content=\"2 minutes\" \/>\n<script type=\"application\/ld+json\" class=\"yoast-schema-graph\">{\"@context\":\"https:\/\/schema.org\",\"@graph\":[{\"@type\":\"Article\",\"@id\":\"https:\/\/chicriviera.com\/en\/2019\/04\/03\/festival-de-musiques-croisees-a-cannes-le-festival-branche-de-la-cote-dazur\/#article\",\"isPartOf\":{\"@id\":\"https:\/\/chicriviera.com\/en\/2019\/04\/03\/festival-de-musiques-croisees-a-cannes-le-festival-branche-de-la-cote-dazur\/\"},\"author\":{\"name\":\"Alex\",\"@id\":\"https:\/\/chicriviera.com\/es\/#\/schema\/person\/c563ec1d9481b6d038092938cde95a4b\"},\"headline\":\"Festival Musiques Crois\u00e9es \u00e0 Cannes, le Festival branch\u00e9 de la C\u00f4te d\u2019Azur\",\"datePublished\":\"2019-04-03T16:10:37+00:00\",\"dateModified\":\"2019-04-04T21:35:29+00:00\",\"mainEntityOfPage\":{\"@id\":\"https:\/\/chicriviera.com\/en\/2019\/04\/03\/festival-de-musiques-croisees-a-cannes-le-festival-branche-de-la-cote-dazur\/\"},\"wordCount\":442,\"commentCount\":0,\"publisher\":{\"@id\":\"https:\/\/chicriviera.com\/es\/#organization\"},\"image\":{\"@id\":\"https:\/\/chicriviera.com\/en\/2019\/04\/03\/festival-de-musiques-croisees-a-cannes-le-festival-branche-de-la-cote-dazur\/#primaryimage\"},\"thumbnailUrl\":\"https:\/\/chicriviera.com\/wp-content\/uploads\/2019\/04\/img_2381-1.jpg\",\"articleSection\":[\"\u00c9v\u00e9nements\",\"Sortir\"],\"inLanguage\":\"en-US\",\"potentialAction\":[{\"@type\":\"CommentAction\",\"name\":\"Comment\",\"target\":[\"https:\/\/chicriviera.com\/en\/2019\/04\/03\/festival-de-musiques-croisees-a-cannes-le-festival-branche-de-la-cote-dazur\/#respond\"]}]},{\"@type\":\"WebPage\",\"@id\":\"https:\/\/chicriviera.com\/en\/2019\/04\/03\/festival-de-musiques-croisees-a-cannes-le-festival-branche-de-la-cote-dazur\/\",\"url\":\"https:\/\/chicriviera.com\/en\/2019\/04\/03\/festival-de-musiques-croisees-a-cannes-le-festival-branche-de-la-cote-dazur\/\",\"name\":\"Festival Musiques Crois\u00e9es \u00e0 Cannes, le Festival branch\u00e9 de la C\u00f4te d\u2019Azur - Chic Riviera\",\"isPartOf\":{\"@id\":\"https:\/\/chicriviera.com\/es\/#website\"},\"primaryImageOfPage\":{\"@id\":\"https:\/\/chicriviera.com\/en\/2019\/04\/03\/festival-de-musiques-croisees-a-cannes-le-festival-branche-de-la-cote-dazur\/#primaryimage\"},\"image\":{\"@id\":\"https:\/\/chicriviera.com\/en\/2019\/04\/03\/festival-de-musiques-croisees-a-cannes-le-festival-branche-de-la-cote-dazur\/#primaryimage\"},\"thumbnailUrl\":\"https:\/\/chicriviera.com\/wp-content\/uploads\/2019\/04\/img_2381-1.jpg\",\"datePublished\":\"2019-04-03T16:10:37+00:00\",\"dateModified\":\"2019-04-04T21:35:29+00:00\",\"breadcrumb\":{\"@id\":\"https:\/\/chicriviera.com\/en\/2019\/04\/03\/festival-de-musiques-croisees-a-cannes-le-festival-branche-de-la-cote-dazur\/#breadcrumb\"},\"inLanguage\":\"en-US\",\"potentialAction\":[{\"@type\":\"ReadAction\",\"target\":[\"https:\/\/chicriviera.com\/en\/2019\/04\/03\/festival-de-musiques-croisees-a-cannes-le-festival-branche-de-la-cote-dazur\/\"]}]},{\"@type\":\"ImageObject\",\"inLanguage\":\"en-US\",\"@id\":\"https:\/\/chicriviera.com\/en\/2019\/04\/03\/festival-de-musiques-croisees-a-cannes-le-festival-branche-de-la-cote-dazur\/#primaryimage\",\"url\":\"https:\/\/chicriviera.com\/wp-content\/uploads\/2019\/04\/img_2381-1.jpg\",\"contentUrl\":\"https:\/\/chicriviera.com\/wp-content\/uploads\/2019\/04\/img_2381-1.jpg\",\"width\":526,\"height\":394},{\"@type\":\"BreadcrumbList\",\"@id\":\"https:\/\/chicriviera.com\/en\/2019\/04\/03\/festival-de-musiques-croisees-a-cannes-le-festival-branche-de-la-cote-dazur\/#breadcrumb\",\"itemListElement\":[{\"@type\":\"ListItem\",\"position\":1,\"name\":\"Accueil\",\"item\":\"https:\/\/chicriviera.com\/\"},{\"@type\":\"ListItem\",\"position\":2,\"name\":\"Festival Musiques Crois\u00e9es \u00e0 Cannes, le Festival branch\u00e9 de la C\u00f4te d\u2019Azur\"}]},{\"@type\":\"WebSite\",\"@id\":\"https:\/\/chicriviera.com\/es\/#website\",\"url\":\"https:\/\/chicriviera.com\/es\/\",\"name\":\"Chic Riviera\",\"description\":\"Le meilleur de la C\u00f4te d&#039;Azur : Restaurants, Plages, Sorties\",\"publisher\":{\"@id\":\"https:\/\/chicriviera.com\/es\/#organization\"},\"potentialAction\":[{\"@type\":\"SearchAction\",\"target\":{\"@type\":\"EntryPoint\",\"urlTemplate\":\"https:\/\/chicriviera.com\/es\/?s={search_term_string}\"},\"query-input\":{\"@type\":\"PropertyValueSpecification\",\"valueRequired\":true,\"valueName\":\"search_term_string\"}}],\"inLanguage\":\"en-US\"},{\"@type\":\"Organization\",\"@id\":\"https:\/\/chicriviera.com\/es\/#organization\",\"name\":\"Chic Riviera\",\"url\":\"https:\/\/chicriviera.com\/es\/\",\"logo\":{\"@type\":\"ImageObject\",\"inLanguage\":\"en-US\",\"@id\":\"https:\/\/chicriviera.com\/es\/#\/schema\/logo\/image\/\",\"url\":\"https:\/\/chicriviera.com\/wp-content\/uploads\/2019\/03\/cropped-crfavicon.png\",\"contentUrl\":\"https:\/\/chicriviera.com\/wp-content\/uploads\/2019\/03\/cropped-crfavicon.png\",\"width\":512,\"height\":512,\"caption\":\"Chic Riviera\"},\"image\":{\"@id\":\"https:\/\/chicriviera.com\/es\/#\/schema\/logo\/image\/\"},\"sameAs\":[\"https:\/\/www.facebook.com\/ChicRivieracom\/\",\"https:\/\/x.com\/Chic_Riviera\",\"https:\/\/www.instagram.com\/chicriviera\/\"]},{\"@type\":\"Person\",\"@id\":\"https:\/\/chicriviera.com\/es\/#\/schema\/person\/c563ec1d9481b6d038092938cde95a4b\",\"name\":\"Alex\",\"image\":{\"@type\":\"ImageObject\",\"inLanguage\":\"en-US\",\"@id\":\"https:\/\/chicriviera.com\/es\/#\/schema\/person\/image\/\",\"url\":\"https:\/\/secure.gravatar.com\/avatar\/0bb721c49cd74f5b36020571509cc39351075de1991c6145cdbecbab8cf22c82?s=96&d=mm&r=g\",\"contentUrl\":\"https:\/\/secure.gravatar.com\/avatar\/0bb721c49cd74f5b36020571509cc39351075de1991c6145cdbecbab8cf22c82?s=96&d=mm&r=g\",\"caption\":\"Alex\"},\"url\":\"https:\/\/chicriviera.com\/en\/author\/alexben\/\"}]}<\/script>\n<!-- \/ Yoast SEO plugin. -->","yoast_head_json":{"title":"Musiques Crois\u00e9es Festival in Cannes, the trendiest festival on the C\u00f4te d'Azur - Chic Riviera","robots":{"index":"index","follow":"follow","max-snippet":"max-snippet:-1","max-image-preview":"max-image-preview:large","max-video-preview":"max-video-preview:-1"},"canonical":"https:\/\/chicriviera.com\/en\/2019\/04\/03\/festival-de-musiques-croisees-a-cannes-le-festival-branche-de-la-cote-dazur\/","og_locale":"en_US","og_type":"article","og_title":"Festival Musiques Crois\u00e9es \u00e0 Cannes, le Festival branch\u00e9 de la C\u00f4te d\u2019Azur - Chic Riviera","og_description":"Pour sa 3\u00e8me \u00e9dition, ce Festival de Musiques, qui se d\u00e9roule \u00e0 Cannes, en partenariat avec la ville, vous propose des artistes en exclusivit\u00e9. Cette belle aventure a commenc\u00e9 il y a 3 ans, gr\u00e2ce \u00e0 Chantal Loras et R\u00e9gine Bessis, 2 passionn\u00e9es de musique, retrait\u00e9es, l&rsquo;une agent artistique en Musique Classique, et la seconde [&hellip;]","og_url":"https:\/\/chicriviera.com\/en\/2019\/04\/03\/festival-de-musiques-croisees-a-cannes-le-festival-branche-de-la-cote-dazur\/","og_site_name":"Chic Riviera","article_publisher":"https:\/\/www.facebook.com\/ChicRivieracom\/","article_published_time":"2019-04-03T16:10:37+00:00","article_modified_time":"2019-04-04T21:35:29+00:00","og_image":[{"width":526,"height":394,"url":"https:\/\/chicriviera.com\/wp-content\/uploads\/2019\/04\/img_2381-1.jpg","type":"image\/jpeg"}],"author":"Alex","twitter_card":"summary_large_image","twitter_creator":"@Chic_Riviera","twitter_site":"@Chic_Riviera","twitter_misc":{"Written by":"Alex","Est. reading time":"2 minutes"},"schema":{"@context":"https:\/\/schema.org","@graph":[{"@type":"Article","@id":"https:\/\/chicriviera.com\/en\/2019\/04\/03\/festival-de-musiques-croisees-a-cannes-le-festival-branche-de-la-cote-dazur\/#article","isPartOf":{"@id":"https:\/\/chicriviera.com\/en\/2019\/04\/03\/festival-de-musiques-croisees-a-cannes-le-festival-branche-de-la-cote-dazur\/"},"author":{"name":"Alex","@id":"https:\/\/chicriviera.com\/es\/#\/schema\/person\/c563ec1d9481b6d038092938cde95a4b"},"headline":"Festival Musiques Crois\u00e9es \u00e0 Cannes, le Festival branch\u00e9 de la C\u00f4te d\u2019Azur","datePublished":"2019-04-03T16:10:37+00:00","dateModified":"2019-04-04T21:35:29+00:00","mainEntityOfPage":{"@id":"https:\/\/chicriviera.com\/en\/2019\/04\/03\/festival-de-musiques-croisees-a-cannes-le-festival-branche-de-la-cote-dazur\/"},"wordCount":442,"commentCount":0,"publisher":{"@id":"https:\/\/chicriviera.com\/es\/#organization"},"image":{"@id":"https:\/\/chicriviera.com\/en\/2019\/04\/03\/festival-de-musiques-croisees-a-cannes-le-festival-branche-de-la-cote-dazur\/#primaryimage"},"thumbnailUrl":"https:\/\/chicriviera.com\/wp-content\/uploads\/2019\/04\/img_2381-1.jpg","articleSection":["\u00c9v\u00e9nements","Sortir"],"inLanguage":"en-US","potentialAction":[{"@type":"CommentAction","name":"Comment","target":["https:\/\/chicriviera.com\/en\/2019\/04\/03\/festival-de-musiques-croisees-a-cannes-le-festival-branche-de-la-cote-dazur\/#respond"]}]},{"@type":"WebPage","@id":"https:\/\/chicriviera.com\/en\/2019\/04\/03\/festival-de-musiques-croisees-a-cannes-le-festival-branche-de-la-cote-dazur\/","url":"https:\/\/chicriviera.com\/en\/2019\/04\/03\/festival-de-musiques-croisees-a-cannes-le-festival-branche-de-la-cote-dazur\/","name":"Musiques Crois\u00e9es Festival in Cannes, the trendiest festival on the C\u00f4te d'Azur - Chic Riviera","isPartOf":{"@id":"https:\/\/chicriviera.com\/es\/#website"},"primaryImageOfPage":{"@id":"https:\/\/chicriviera.com\/en\/2019\/04\/03\/festival-de-musiques-croisees-a-cannes-le-festival-branche-de-la-cote-dazur\/#primaryimage"},"image":{"@id":"https:\/\/chicriviera.com\/en\/2019\/04\/03\/festival-de-musiques-croisees-a-cannes-le-festival-branche-de-la-cote-dazur\/#primaryimage"},"thumbnailUrl":"https:\/\/chicriviera.com\/wp-content\/uploads\/2019\/04\/img_2381-1.jpg","datePublished":"2019-04-03T16:10:37+00:00","dateModified":"2019-04-04T21:35:29+00:00","breadcrumb":{"@id":"https:\/\/chicriviera.com\/en\/2019\/04\/03\/festival-de-musiques-croisees-a-cannes-le-festival-branche-de-la-cote-dazur\/#breadcrumb"},"inLanguage":"en-US","potentialAction":[{"@type":"ReadAction","target":["https:\/\/chicriviera.com\/en\/2019\/04\/03\/festival-de-musiques-croisees-a-cannes-le-festival-branche-de-la-cote-dazur\/"]}]},{"@type":"ImageObject","inLanguage":"en-US","@id":"https:\/\/chicriviera.com\/en\/2019\/04\/03\/festival-de-musiques-croisees-a-cannes-le-festival-branche-de-la-cote-dazur\/#primaryimage","url":"https:\/\/chicriviera.com\/wp-content\/uploads\/2019\/04\/img_2381-1.jpg","contentUrl":"https:\/\/chicriviera.com\/wp-content\/uploads\/2019\/04\/img_2381-1.jpg","width":526,"height":394},{"@type":"BreadcrumbList","@id":"https:\/\/chicriviera.com\/en\/2019\/04\/03\/festival-de-musiques-croisees-a-cannes-le-festival-branche-de-la-cote-dazur\/#breadcrumb","itemListElement":[{"@type":"ListItem","position":1,"name":"Accueil","item":"https:\/\/chicriviera.com\/"},{"@type":"ListItem","position":2,"name":"Festival Musiques Crois\u00e9es \u00e0 Cannes, le Festival branch\u00e9 de la C\u00f4te d\u2019Azur"}]},{"@type":"WebSite","@id":"https:\/\/chicriviera.com\/es\/#website","url":"https:\/\/chicriviera.com\/es\/","name":"Chic Riviera","description":"The best of the French Riviera : Restaurants, Beaches, Outings","publisher":{"@id":"https:\/\/chicriviera.com\/es\/#organization"},"potentialAction":[{"@type":"SearchAction","target":{"@type":"EntryPoint","urlTemplate":"https:\/\/chicriviera.com\/es\/?s={search_term_string}"},"query-input":{"@type":"PropertyValueSpecification","valueRequired":true,"valueName":"search_term_string"}}],"inLanguage":"en-US"},{"@type":"Organization","@id":"https:\/\/chicriviera.com\/es\/#organization","name":"Chic Riviera","url":"https:\/\/chicriviera.com\/es\/","logo":{"@type":"ImageObject","inLanguage":"en-US","@id":"https:\/\/chicriviera.com\/es\/#\/schema\/logo\/image\/","url":"https:\/\/chicriviera.com\/wp-content\/uploads\/2019\/03\/cropped-crfavicon.png","contentUrl":"https:\/\/chicriviera.com\/wp-content\/uploads\/2019\/03\/cropped-crfavicon.png","width":512,"height":512,"caption":"Chic Riviera"},"image":{"@id":"https:\/\/chicriviera.com\/es\/#\/schema\/logo\/image\/"},"sameAs":["https:\/\/www.facebook.com\/ChicRivieracom\/","https:\/\/x.com\/Chic_Riviera","https:\/\/www.instagram.com\/chicriviera\/"]},{"@type":"Person","@id":"https:\/\/chicriviera.com\/es\/#\/schema\/person\/c563ec1d9481b6d038092938cde95a4b","name":"Alex","image":{"@type":"ImageObject","inLanguage":"en-US","@id":"https:\/\/chicriviera.com\/es\/#\/schema\/person\/image\/","url":"https:\/\/secure.gravatar.com\/avatar\/0bb721c49cd74f5b36020571509cc39351075de1991c6145cdbecbab8cf22c82?s=96&d=mm&r=g","contentUrl":"https:\/\/secure.gravatar.com\/avatar\/0bb721c49cd74f5b36020571509cc39351075de1991c6145cdbecbab8cf22c82?s=96&d=mm&r=g","caption":"Alex"},"url":"https:\/\/chicriviera.com\/en\/author\/alexben\/"}]}},"_links":{"self":[{"href":"https:\/\/chicriviera.com\/en\/wp-json\/wp\/v2\/posts\/1224","targetHints":{"allow":["GET"]}}],"collection":[{"href":"https:\/\/chicriviera.com\/en\/wp-json\/wp\/v2\/posts"}],"about":[{"href":"https:\/\/chicriviera.com\/en\/wp-json\/wp\/v2\/types\/post"}],"author":[{"embeddable":true,"href":"https:\/\/chicriviera.com\/en\/wp-json\/wp\/v2\/users\/2"}],"replies":[{"embeddable":true,"href":"https:\/\/chicriviera.com\/en\/wp-json\/wp\/v2\/comments?post=1224"}],"version-history":[{"count":58,"href":"https:\/\/chicriviera.com\/en\/wp-json\/wp\/v2\/posts\/1224\/revisions"}],"predecessor-version":[{"id":1324,"href":"https:\/\/chicriviera.com\/en\/wp-json\/wp\/v2\/posts\/1224\/revisions\/1324"}],"wp:featuredmedia":[{"embeddable":true,"href":"https:\/\/chicriviera.com\/en\/wp-json\/wp\/v2\/media\/1227"}],"wp:attachment":[{"href":"https:\/\/chicriviera.com\/en\/wp-json\/wp\/v2\/media?parent=1224"}],"wp:term":[{"taxonomy":"category","embeddable":true,"href":"https:\/\/chicriviera.com\/en\/wp-json\/wp\/v2\/categories?post=1224"},{"taxonomy":"post_tag","embeddable":true,"href":"https:\/\/chicriviera.com\/en\/wp-json\/wp\/v2\/tags?post=1224"}],"curies":[{"name":"wp","href":"https:\/\/api.w.org\/{rel}","templated":true}]}}