{"id":4645,"date":"2020-02-14T00:27:44","date_gmt":"2020-02-13T23:27:44","guid":{"rendered":"https:\/\/chicriviera.com\/?p=4645"},"modified":"2020-02-14T00:27:45","modified_gmt":"2020-02-13T23:27:45","slug":"tous-les-sens-en-eveil-chez-sensais-a-monaco","status":"publish","type":"post","link":"https:\/\/chicriviera.com\/de\/2020\/02\/14\/allwissend-im-sensais-a-monaco\/","title":{"rendered":"Alle Sinne in Alarmbereitschaft bei SenSais in Monaco"},"content":{"rendered":"<p>Jean Pierre Escande und seine Frau Alberte sind aktive und erfahrene Monegassen. Nach verschiedenen erfolgreichen Erfahrungen, wie z. B. in ihrem fr\u00fcheren Restaurant La Sariette, beschlossen sie 2016, dieses bistronomische Restaurant zu er\u00f6ffnen. <\/p>\n\n\n\n<figure class=\"wp-block-image size-large\"><img decoding=\"async\" width=\"640\" height=\"800\" src=\"https:\/\/chicriviera.com\/wp-content\/uploads\/2020\/02\/cc732d82-efe1-42fe-9886-8556e5166097.jpg\" alt=\"\" class=\"wp-image-4807\" srcset=\"https:\/\/chicriviera.com\/wp-content\/uploads\/2020\/02\/cc732d82-efe1-42fe-9886-8556e5166097.jpg 640w, https:\/\/chicriviera.com\/wp-content\/uploads\/2020\/02\/cc732d82-efe1-42fe-9886-8556e5166097-240x300.jpg 240w, https:\/\/chicriviera.com\/wp-content\/uploads\/2020\/02\/cc732d82-efe1-42fe-9886-8556e5166097-600x750.jpg 600w\" sizes=\"(max-width: 640px) 100vw, 640px\" \/><\/figure>\n\n\n\n<p>Ziel ist es, durch die Atmosph\u00e4re des Ortes, die Dekoration, das Ambiente und nat\u00fcrlich die K\u00fcche alle Ihre Sinne anzuregen, visuell und geschmacklich. <\/p>\n\n\n\n<figure class=\"wp-block-image size-large\"><img decoding=\"async\" width=\"550\" height=\"837\" src=\"https:\/\/chicriviera.com\/wp-content\/uploads\/2020\/02\/img_2410.jpg\" alt=\"\" class=\"wp-image-4808\" srcset=\"https:\/\/chicriviera.com\/wp-content\/uploads\/2020\/02\/img_2410.jpg 550w, https:\/\/chicriviera.com\/wp-content\/uploads\/2020\/02\/img_2410-197x300.jpg 197w\" sizes=\"(max-width: 550px) 100vw, 550px\" \/><\/figure>\n\n\n\n<p>Das Dekor, sehr raffiniert und trendy, erinnert an die Natur mit Tischbeinen aus Baumst\u00e4mmen im Kontrast zu modernen und unregelm\u00e4\u00dfigen Platten. Ockerfarbene T\u00f6ne und eine ged\u00e4mpfte Beleuchtung tragen zu dieser schicken und entspannten Atmosph\u00e4re bei. Ein privater Raum erm\u00f6glicht es Ihnen, private oder berufliche Veranstaltungen zu organisieren. <\/p>\n\n\n\n<figure class=\"wp-block-image size-large\"><img decoding=\"async\" width=\"1024\" height=\"936\" src=\"https:\/\/chicriviera.com\/wp-content\/uploads\/2020\/02\/cdb9c7eb-f243-4eea-b5d7-304a4433ac13-1024x936.jpg\" alt=\"\" class=\"wp-image-4810\" srcset=\"https:\/\/chicriviera.com\/wp-content\/uploads\/2020\/02\/cdb9c7eb-f243-4eea-b5d7-304a4433ac13-1024x936.jpg 1024w, https:\/\/chicriviera.com\/wp-content\/uploads\/2020\/02\/cdb9c7eb-f243-4eea-b5d7-304a4433ac13-300x274.jpg 300w, https:\/\/chicriviera.com\/wp-content\/uploads\/2020\/02\/cdb9c7eb-f243-4eea-b5d7-304a4433ac13-768x702.jpg 768w, https:\/\/chicriviera.com\/wp-content\/uploads\/2020\/02\/cdb9c7eb-f243-4eea-b5d7-304a4433ac13-600x548.jpg 600w, https:\/\/chicriviera.com\/wp-content\/uploads\/2020\/02\/cdb9c7eb-f243-4eea-b5d7-304a4433ac13.jpg 1210w\" sizes=\"(max-width: 1024px) 100vw, 1024px\" \/><\/figure>\n\n\n\n<p>Auf der beheizten Terrasse, die f\u00fcr Raucher und Nichtraucher gleicherma\u00dfen geeignet ist, k\u00f6nnen Sie sich vor, w\u00e4hrend oder nach dem Essen an der frischen Luft entspannen. <\/p>\n\n\n\n<figure class=\"wp-block-image size-large\"><img decoding=\"async\" width=\"1024\" height=\"615\" src=\"https:\/\/chicriviera.com\/wp-content\/uploads\/2020\/02\/7dd5d86d-ce9e-4490-987b-8a6f311709e3-1024x615.jpg\" alt=\"\" class=\"wp-image-4825\" srcset=\"https:\/\/chicriviera.com\/wp-content\/uploads\/2020\/02\/7dd5d86d-ce9e-4490-987b-8a6f311709e3-1024x615.jpg 1024w, https:\/\/chicriviera.com\/wp-content\/uploads\/2020\/02\/7dd5d86d-ce9e-4490-987b-8a6f311709e3-300x180.jpg 300w, https:\/\/chicriviera.com\/wp-content\/uploads\/2020\/02\/7dd5d86d-ce9e-4490-987b-8a6f311709e3-768x461.jpg 768w, https:\/\/chicriviera.com\/wp-content\/uploads\/2020\/02\/7dd5d86d-ce9e-4490-987b-8a6f311709e3-600x360.jpg 600w, https:\/\/chicriviera.com\/wp-content\/uploads\/2020\/02\/7dd5d86d-ce9e-4490-987b-8a6f311709e3.jpg 1066w\" sizes=\"(max-width: 1024px) 100vw, 1024px\" \/><\/figure>\n\n\n\n<p>In der K\u00fcche verw\u00f6hnt K\u00fcchenchef Dominique Nouvian Ihre Geschmacksnerven mit mediterraner K\u00fcche und neu interpretierten regionalen Spezialit\u00e4ten. Hier wird alles vor Ort hergestellt und alle Produkte sind frisch. Au\u00dferdem kaufen Dominique Nouvian und David Castoldi, sein Sous-Chef, im La Condamine bei lokalen Erzeugern ein. <\/p>\n\n\n\n<figure class=\"wp-block-image size-large\"><img decoding=\"async\" width=\"1024\" height=\"1019\" src=\"https:\/\/chicriviera.com\/wp-content\/uploads\/2020\/02\/6b69c664-abaf-4006-9800-4d3dc51ae18b-1024x1019.jpg\" alt=\"\" class=\"wp-image-4821\" srcset=\"https:\/\/chicriviera.com\/wp-content\/uploads\/2020\/02\/6b69c664-abaf-4006-9800-4d3dc51ae18b-1024x1019.jpg 1024w, https:\/\/chicriviera.com\/wp-content\/uploads\/2020\/02\/6b69c664-abaf-4006-9800-4d3dc51ae18b-300x300.jpg 300w, https:\/\/chicriviera.com\/wp-content\/uploads\/2020\/02\/6b69c664-abaf-4006-9800-4d3dc51ae18b-150x150.jpg 150w, https:\/\/chicriviera.com\/wp-content\/uploads\/2020\/02\/6b69c664-abaf-4006-9800-4d3dc51ae18b-768x764.jpg 768w, https:\/\/chicriviera.com\/wp-content\/uploads\/2020\/02\/6b69c664-abaf-4006-9800-4d3dc51ae18b-600x597.jpg 600w, https:\/\/chicriviera.com\/wp-content\/uploads\/2020\/02\/6b69c664-abaf-4006-9800-4d3dc51ae18b.jpg 1242w\" sizes=\"(max-width: 1024px) 100vw, 1024px\" \/><\/figure>\n\n\n\n<p>Auf der Speisekarte steht ein sehr attraktives Mittagsangebot mit: Gericht und Getr\u00e4nk f\u00fcr 18 \u20ac oder Gericht, Vorspeise und Getr\u00e4nk oder Gericht, Dessert und Getr\u00e4nk f\u00fcr 26 \u20ac. Ein Entdeckungsmen\u00fc zum Preis von 58 \u20ac f\u00fcr den Abend. <\/p>\n\n\n\n<figure class=\"wp-block-image size-large\"><img decoding=\"async\" width=\"1024\" height=\"687\" src=\"https:\/\/chicriviera.com\/wp-content\/uploads\/2020\/02\/94ae958c-3c37-4178-98d6-5b49858ac692-1024x687.jpg\" alt=\"\" class=\"wp-image-4822\" srcset=\"https:\/\/chicriviera.com\/wp-content\/uploads\/2020\/02\/94ae958c-3c37-4178-98d6-5b49858ac692-1024x687.jpg 1024w, https:\/\/chicriviera.com\/wp-content\/uploads\/2020\/02\/94ae958c-3c37-4178-98d6-5b49858ac692-300x201.jpg 300w, https:\/\/chicriviera.com\/wp-content\/uploads\/2020\/02\/94ae958c-3c37-4178-98d6-5b49858ac692-768x515.jpg 768w, https:\/\/chicriviera.com\/wp-content\/uploads\/2020\/02\/94ae958c-3c37-4178-98d6-5b49858ac692-600x402.jpg 600w, https:\/\/chicriviera.com\/wp-content\/uploads\/2020\/02\/94ae958c-3c37-4178-98d6-5b49858ac692.jpg 1242w\" sizes=\"(max-width: 1024px) 100vw, 1024px\" \/><\/figure>\n\n\n\n<p>Was die Gerichte angeht, so lassen Sie sich von der Socca mit Pesto und gebratenen Steinpilzen, dem Stockfisch \u00e0 la Mon\u00e9gasque oder den Linguine mit Hummer verf\u00fchren, die alle ausgezeichnet sind. Zum Dessert sind das Grand-Marnier-Souffl\u00e9 oder die Cr\u00e8me br\u00fbl\u00e9e mit Kastanien-Confit k\u00f6stlich. <\/p>\n\n\n\n<figure class=\"wp-block-image size-large\"><img decoding=\"async\" width=\"1024\" height=\"905\" src=\"https:\/\/chicriviera.com\/wp-content\/uploads\/2020\/02\/d9b94980-0eab-4fb0-9e8d-e17b74d7168c-1024x905.jpg\" alt=\"\" class=\"wp-image-4823\" srcset=\"https:\/\/chicriviera.com\/wp-content\/uploads\/2020\/02\/d9b94980-0eab-4fb0-9e8d-e17b74d7168c-1024x905.jpg 1024w, https:\/\/chicriviera.com\/wp-content\/uploads\/2020\/02\/d9b94980-0eab-4fb0-9e8d-e17b74d7168c-300x265.jpg 300w, https:\/\/chicriviera.com\/wp-content\/uploads\/2020\/02\/d9b94980-0eab-4fb0-9e8d-e17b74d7168c-768x679.jpg 768w, https:\/\/chicriviera.com\/wp-content\/uploads\/2020\/02\/d9b94980-0eab-4fb0-9e8d-e17b74d7168c-600x530.jpg 600w, https:\/\/chicriviera.com\/wp-content\/uploads\/2020\/02\/d9b94980-0eab-4fb0-9e8d-e17b74d7168c.jpg 1242w\" sizes=\"(max-width: 1024px) 100vw, 1024px\" \/><\/figure>\n\n\n\n<p><strong>\"Die Gastronomie ist die Kunst, mit dem Essen Gl\u00fcck zu schaffen\" Theodore Zeldin<\/strong><\/p>","protected":false},"excerpt":{"rendered":"<p>Jean Pierre Escande et son \u00e9pouse, Alberte, sont des mon\u00e9gasques actifs et accomplis. Apr\u00e8s diff\u00e9rentes exp\u00e9riences r\u00e9ussies comme leur ancien restaurant la Sariette, ils ont d\u00e9cid\u00e9 d\u2019ouvrir ce restaurant bistronomique en 2016. L\u2019objectif, stimuler tous vos sens, visuel, gustatif, de part l\u2019atmosph\u00e8re du lieu, la d\u00e9coration, l\u2019ambiance et bien s\u00fbr la cuisine. Le d\u00e9cor, tr\u00e8s [&hellip;]<\/p>\n","protected":false},"author":2,"featured_media":4647,"comment_status":"open","ping_status":"closed","sticky":false,"template":"","format":"standard","meta":{"_genesis_hide_title":false,"_genesis_hide_breadcrumbs":false,"_genesis_hide_singular_image":false,"_genesis_hide_footer_widgets":false,"_genesis_custom_body_class":"","_genesis_custom_post_class":"","_genesis_layout":"","footnotes":""},"categories":[17],"tags":[],"class_list":{"0":"post-4645","1":"post","2":"type-post","3":"status-publish","4":"format-standard","5":"has-post-thumbnail","7":"category-restaurants","8":"entry"},"yoast_head":"<!-- This site is optimized with the Yoast SEO plugin v27.1.1 - https:\/\/yoast.com\/product\/yoast-seo-wordpress\/ -->\n<title>Tous les sens en \u00e9veil chez SenSais \u00e0 Monaco - Chic Riviera<\/title>\n<meta name=\"robots\" content=\"index, follow, max-snippet:-1, max-image-preview:large, max-video-preview:-1\" \/>\n<link rel=\"canonical\" href=\"https:\/\/chicriviera.com\/de\/2020\/02\/14\/allwissend-im-sensais-a-monaco\/\" \/>\n<meta property=\"og:locale\" content=\"de_DE\" \/>\n<meta property=\"og:type\" content=\"article\" \/>\n<meta property=\"og:title\" content=\"Tous les sens en \u00e9veil chez SenSais \u00e0 Monaco - Chic Riviera\" \/>\n<meta property=\"og:description\" content=\"Jean Pierre Escande et son \u00e9pouse, Alberte, sont des mon\u00e9gasques actifs et accomplis. Apr\u00e8s diff\u00e9rentes exp\u00e9riences r\u00e9ussies comme leur ancien restaurant la Sariette, ils ont d\u00e9cid\u00e9 d\u2019ouvrir ce restaurant bistronomique en 2016. L\u2019objectif, stimuler tous vos sens, visuel, gustatif, de part l\u2019atmosph\u00e8re du lieu, la d\u00e9coration, l\u2019ambiance et bien s\u00fbr la cuisine. Le d\u00e9cor, tr\u00e8s [&hellip;]\" \/>\n<meta property=\"og:url\" content=\"https:\/\/chicriviera.com\/de\/2020\/02\/14\/allwissend-im-sensais-a-monaco\/\" \/>\n<meta property=\"og:site_name\" content=\"Chic Riviera\" \/>\n<meta property=\"article:publisher\" content=\"https:\/\/www.facebook.com\/ChicRivieracom\/\" \/>\n<meta property=\"article:published_time\" content=\"2020-02-13T23:27:44+00:00\" \/>\n<meta property=\"article:modified_time\" content=\"2020-02-13T23:27:45+00:00\" \/>\n<meta property=\"og:image\" content=\"https:\/\/chicriviera.com\/wp-content\/uploads\/2020\/02\/75905e5e-59c4-4806-907f-8bcdad3d6154.jpg\" \/>\n\t<meta property=\"og:image:width\" content=\"1120\" \/>\n\t<meta property=\"og:image:height\" content=\"1106\" \/>\n\t<meta property=\"og:image:type\" content=\"image\/jpeg\" \/>\n<meta name=\"author\" content=\"Alex\" \/>\n<meta name=\"twitter:card\" content=\"summary_large_image\" \/>\n<meta name=\"twitter:creator\" content=\"@Chic_Riviera\" \/>\n<meta name=\"twitter:site\" content=\"@Chic_Riviera\" \/>\n<meta name=\"twitter:label1\" content=\"Verfasst von\" \/>\n\t<meta name=\"twitter:data1\" content=\"Alex\" \/>\n\t<meta name=\"twitter:label2\" content=\"Gesch\u00e4tzte Lesezeit\" \/>\n\t<meta name=\"twitter:data2\" content=\"2\u00a0Minuten\" \/>\n<script type=\"application\/ld+json\" class=\"yoast-schema-graph\">{\"@context\":\"https:\/\/schema.org\",\"@graph\":[{\"@type\":\"Article\",\"@id\":\"https:\/\/chicriviera.com\/2020\/02\/14\/tous-les-sens-en-eveil-chez-sensais-a-monaco\/#article\",\"isPartOf\":{\"@id\":\"https:\/\/chicriviera.com\/2020\/02\/14\/tous-les-sens-en-eveil-chez-sensais-a-monaco\/\"},\"author\":{\"name\":\"Alex\",\"@id\":\"https:\/\/chicriviera.com\/es\/#\/schema\/person\/c563ec1d9481b6d038092938cde95a4b\"},\"headline\":\"Tous les sens en \u00e9veil chez SenSais \u00e0 Monaco\",\"datePublished\":\"2020-02-13T23:27:44+00:00\",\"dateModified\":\"2020-02-13T23:27:45+00:00\",\"mainEntityOfPage\":{\"@id\":\"https:\/\/chicriviera.com\/2020\/02\/14\/tous-les-sens-en-eveil-chez-sensais-a-monaco\/\"},\"wordCount\":320,\"commentCount\":0,\"publisher\":{\"@id\":\"https:\/\/chicriviera.com\/es\/#organization\"},\"image\":{\"@id\":\"https:\/\/chicriviera.com\/2020\/02\/14\/tous-les-sens-en-eveil-chez-sensais-a-monaco\/#primaryimage\"},\"thumbnailUrl\":\"https:\/\/chicriviera.com\/wp-content\/uploads\/2020\/02\/75905e5e-59c4-4806-907f-8bcdad3d6154.jpg\",\"articleSection\":[\"Restaurants\"],\"inLanguage\":\"de\",\"potentialAction\":[{\"@type\":\"CommentAction\",\"name\":\"Comment\",\"target\":[\"https:\/\/chicriviera.com\/2020\/02\/14\/tous-les-sens-en-eveil-chez-sensais-a-monaco\/#respond\"]}]},{\"@type\":\"WebPage\",\"@id\":\"https:\/\/chicriviera.com\/2020\/02\/14\/tous-les-sens-en-eveil-chez-sensais-a-monaco\/\",\"url\":\"https:\/\/chicriviera.com\/2020\/02\/14\/tous-les-sens-en-eveil-chez-sensais-a-monaco\/\",\"name\":\"Tous les sens en \u00e9veil chez SenSais \u00e0 Monaco - Chic Riviera\",\"isPartOf\":{\"@id\":\"https:\/\/chicriviera.com\/es\/#website\"},\"primaryImageOfPage\":{\"@id\":\"https:\/\/chicriviera.com\/2020\/02\/14\/tous-les-sens-en-eveil-chez-sensais-a-monaco\/#primaryimage\"},\"image\":{\"@id\":\"https:\/\/chicriviera.com\/2020\/02\/14\/tous-les-sens-en-eveil-chez-sensais-a-monaco\/#primaryimage\"},\"thumbnailUrl\":\"https:\/\/chicriviera.com\/wp-content\/uploads\/2020\/02\/75905e5e-59c4-4806-907f-8bcdad3d6154.jpg\",\"datePublished\":\"2020-02-13T23:27:44+00:00\",\"dateModified\":\"2020-02-13T23:27:45+00:00\",\"breadcrumb\":{\"@id\":\"https:\/\/chicriviera.com\/2020\/02\/14\/tous-les-sens-en-eveil-chez-sensais-a-monaco\/#breadcrumb\"},\"inLanguage\":\"de\",\"potentialAction\":[{\"@type\":\"ReadAction\",\"target\":[\"https:\/\/chicriviera.com\/2020\/02\/14\/tous-les-sens-en-eveil-chez-sensais-a-monaco\/\"]}]},{\"@type\":\"ImageObject\",\"inLanguage\":\"de\",\"@id\":\"https:\/\/chicriviera.com\/2020\/02\/14\/tous-les-sens-en-eveil-chez-sensais-a-monaco\/#primaryimage\",\"url\":\"https:\/\/chicriviera.com\/wp-content\/uploads\/2020\/02\/75905e5e-59c4-4806-907f-8bcdad3d6154.jpg\",\"contentUrl\":\"https:\/\/chicriviera.com\/wp-content\/uploads\/2020\/02\/75905e5e-59c4-4806-907f-8bcdad3d6154.jpg\",\"width\":1120,\"height\":1106},{\"@type\":\"BreadcrumbList\",\"@id\":\"https:\/\/chicriviera.com\/2020\/02\/14\/tous-les-sens-en-eveil-chez-sensais-a-monaco\/#breadcrumb\",\"itemListElement\":[{\"@type\":\"ListItem\",\"position\":1,\"name\":\"Accueil\",\"item\":\"https:\/\/chicriviera.com\/\"},{\"@type\":\"ListItem\",\"position\":2,\"name\":\"Tous les sens en \u00e9veil chez SenSais \u00e0 Monaco\"}]},{\"@type\":\"WebSite\",\"@id\":\"https:\/\/chicriviera.com\/es\/#website\",\"url\":\"https:\/\/chicriviera.com\/es\/\",\"name\":\"Chic Riviera\",\"description\":\"Le meilleur de la C\u00f4te d&#039;Azur : Restaurants, Plages, Sorties\",\"publisher\":{\"@id\":\"https:\/\/chicriviera.com\/es\/#organization\"},\"potentialAction\":[{\"@type\":\"SearchAction\",\"target\":{\"@type\":\"EntryPoint\",\"urlTemplate\":\"https:\/\/chicriviera.com\/es\/?s={search_term_string}\"},\"query-input\":{\"@type\":\"PropertyValueSpecification\",\"valueRequired\":true,\"valueName\":\"search_term_string\"}}],\"inLanguage\":\"de\"},{\"@type\":\"Organization\",\"@id\":\"https:\/\/chicriviera.com\/es\/#organization\",\"name\":\"Chic Riviera\",\"url\":\"https:\/\/chicriviera.com\/es\/\",\"logo\":{\"@type\":\"ImageObject\",\"inLanguage\":\"de\",\"@id\":\"https:\/\/chicriviera.com\/es\/#\/schema\/logo\/image\/\",\"url\":\"https:\/\/chicriviera.com\/wp-content\/uploads\/2019\/03\/cropped-crfavicon.png\",\"contentUrl\":\"https:\/\/chicriviera.com\/wp-content\/uploads\/2019\/03\/cropped-crfavicon.png\",\"width\":512,\"height\":512,\"caption\":\"Chic Riviera\"},\"image\":{\"@id\":\"https:\/\/chicriviera.com\/es\/#\/schema\/logo\/image\/\"},\"sameAs\":[\"https:\/\/www.facebook.com\/ChicRivieracom\/\",\"https:\/\/x.com\/Chic_Riviera\",\"https:\/\/www.instagram.com\/chicriviera\/\"]},{\"@type\":\"Person\",\"@id\":\"https:\/\/chicriviera.com\/es\/#\/schema\/person\/c563ec1d9481b6d038092938cde95a4b\",\"name\":\"Alex\",\"image\":{\"@type\":\"ImageObject\",\"inLanguage\":\"de\",\"@id\":\"https:\/\/chicriviera.com\/es\/#\/schema\/person\/image\/\",\"url\":\"https:\/\/secure.gravatar.com\/avatar\/0bb721c49cd74f5b36020571509cc39351075de1991c6145cdbecbab8cf22c82?s=96&d=mm&r=g\",\"contentUrl\":\"https:\/\/secure.gravatar.com\/avatar\/0bb721c49cd74f5b36020571509cc39351075de1991c6145cdbecbab8cf22c82?s=96&d=mm&r=g\",\"caption\":\"Alex\"},\"url\":\"https:\/\/chicriviera.com\/de\/author\/alexben\/\"}]}<\/script>\n<!-- \/ Yoast SEO plugin. -->","yoast_head_json":{"title":"Alle Sinne bei SenSais in Monaco wecken - Chic Riviera","robots":{"index":"index","follow":"follow","max-snippet":"max-snippet:-1","max-image-preview":"max-image-preview:large","max-video-preview":"max-video-preview:-1"},"canonical":"https:\/\/chicriviera.com\/de\/2020\/02\/14\/allwissend-im-sensais-a-monaco\/","og_locale":"de_DE","og_type":"article","og_title":"Tous les sens en \u00e9veil chez SenSais \u00e0 Monaco - Chic Riviera","og_description":"Jean Pierre Escande et son \u00e9pouse, Alberte, sont des mon\u00e9gasques actifs et accomplis. Apr\u00e8s diff\u00e9rentes exp\u00e9riences r\u00e9ussies comme leur ancien restaurant la Sariette, ils ont d\u00e9cid\u00e9 d\u2019ouvrir ce restaurant bistronomique en 2016. L\u2019objectif, stimuler tous vos sens, visuel, gustatif, de part l\u2019atmosph\u00e8re du lieu, la d\u00e9coration, l\u2019ambiance et bien s\u00fbr la cuisine. Le d\u00e9cor, tr\u00e8s [&hellip;]","og_url":"https:\/\/chicriviera.com\/de\/2020\/02\/14\/allwissend-im-sensais-a-monaco\/","og_site_name":"Chic Riviera","article_publisher":"https:\/\/www.facebook.com\/ChicRivieracom\/","article_published_time":"2020-02-13T23:27:44+00:00","article_modified_time":"2020-02-13T23:27:45+00:00","og_image":[{"width":1120,"height":1106,"url":"https:\/\/chicriviera.com\/wp-content\/uploads\/2020\/02\/75905e5e-59c4-4806-907f-8bcdad3d6154.jpg","type":"image\/jpeg"}],"author":"Alex","twitter_card":"summary_large_image","twitter_creator":"@Chic_Riviera","twitter_site":"@Chic_Riviera","twitter_misc":{"Verfasst von":"Alex","Gesch\u00e4tzte Lesezeit":"2\u00a0Minuten"},"schema":{"@context":"https:\/\/schema.org","@graph":[{"@type":"Article","@id":"https:\/\/chicriviera.com\/2020\/02\/14\/tous-les-sens-en-eveil-chez-sensais-a-monaco\/#article","isPartOf":{"@id":"https:\/\/chicriviera.com\/2020\/02\/14\/tous-les-sens-en-eveil-chez-sensais-a-monaco\/"},"author":{"name":"Alex","@id":"https:\/\/chicriviera.com\/es\/#\/schema\/person\/c563ec1d9481b6d038092938cde95a4b"},"headline":"Tous les sens en \u00e9veil chez SenSais \u00e0 Monaco","datePublished":"2020-02-13T23:27:44+00:00","dateModified":"2020-02-13T23:27:45+00:00","mainEntityOfPage":{"@id":"https:\/\/chicriviera.com\/2020\/02\/14\/tous-les-sens-en-eveil-chez-sensais-a-monaco\/"},"wordCount":320,"commentCount":0,"publisher":{"@id":"https:\/\/chicriviera.com\/es\/#organization"},"image":{"@id":"https:\/\/chicriviera.com\/2020\/02\/14\/tous-les-sens-en-eveil-chez-sensais-a-monaco\/#primaryimage"},"thumbnailUrl":"https:\/\/chicriviera.com\/wp-content\/uploads\/2020\/02\/75905e5e-59c4-4806-907f-8bcdad3d6154.jpg","articleSection":["Restaurants"],"inLanguage":"de","potentialAction":[{"@type":"CommentAction","name":"Comment","target":["https:\/\/chicriviera.com\/2020\/02\/14\/tous-les-sens-en-eveil-chez-sensais-a-monaco\/#respond"]}]},{"@type":"WebPage","@id":"https:\/\/chicriviera.com\/2020\/02\/14\/tous-les-sens-en-eveil-chez-sensais-a-monaco\/","url":"https:\/\/chicriviera.com\/2020\/02\/14\/tous-les-sens-en-eveil-chez-sensais-a-monaco\/","name":"Alle Sinne bei SenSais in Monaco wecken - Chic Riviera","isPartOf":{"@id":"https:\/\/chicriviera.com\/es\/#website"},"primaryImageOfPage":{"@id":"https:\/\/chicriviera.com\/2020\/02\/14\/tous-les-sens-en-eveil-chez-sensais-a-monaco\/#primaryimage"},"image":{"@id":"https:\/\/chicriviera.com\/2020\/02\/14\/tous-les-sens-en-eveil-chez-sensais-a-monaco\/#primaryimage"},"thumbnailUrl":"https:\/\/chicriviera.com\/wp-content\/uploads\/2020\/02\/75905e5e-59c4-4806-907f-8bcdad3d6154.jpg","datePublished":"2020-02-13T23:27:44+00:00","dateModified":"2020-02-13T23:27:45+00:00","breadcrumb":{"@id":"https:\/\/chicriviera.com\/2020\/02\/14\/tous-les-sens-en-eveil-chez-sensais-a-monaco\/#breadcrumb"},"inLanguage":"de","potentialAction":[{"@type":"ReadAction","target":["https:\/\/chicriviera.com\/2020\/02\/14\/tous-les-sens-en-eveil-chez-sensais-a-monaco\/"]}]},{"@type":"ImageObject","inLanguage":"de","@id":"https:\/\/chicriviera.com\/2020\/02\/14\/tous-les-sens-en-eveil-chez-sensais-a-monaco\/#primaryimage","url":"https:\/\/chicriviera.com\/wp-content\/uploads\/2020\/02\/75905e5e-59c4-4806-907f-8bcdad3d6154.jpg","contentUrl":"https:\/\/chicriviera.com\/wp-content\/uploads\/2020\/02\/75905e5e-59c4-4806-907f-8bcdad3d6154.jpg","width":1120,"height":1106},{"@type":"BreadcrumbList","@id":"https:\/\/chicriviera.com\/2020\/02\/14\/tous-les-sens-en-eveil-chez-sensais-a-monaco\/#breadcrumb","itemListElement":[{"@type":"ListItem","position":1,"name":"Accueil","item":"https:\/\/chicriviera.com\/"},{"@type":"ListItem","position":2,"name":"Tous les sens en \u00e9veil chez SenSais \u00e0 Monaco"}]},{"@type":"WebSite","@id":"https:\/\/chicriviera.com\/es\/#website","url":"https:\/\/chicriviera.com\/es\/","name":"Schicke Riviera","description":"Das Beste an der C\u00f4te d'Azur: Restaurants, Str\u00e4nde, Ausflugsziele","publisher":{"@id":"https:\/\/chicriviera.com\/es\/#organization"},"potentialAction":[{"@type":"SearchAction","target":{"@type":"EntryPoint","urlTemplate":"https:\/\/chicriviera.com\/es\/?s={search_term_string}"},"query-input":{"@type":"PropertyValueSpecification","valueRequired":true,"valueName":"search_term_string"}}],"inLanguage":"de"},{"@type":"Organization","@id":"https:\/\/chicriviera.com\/es\/#organization","name":"Schicke Riviera","url":"https:\/\/chicriviera.com\/es\/","logo":{"@type":"ImageObject","inLanguage":"de","@id":"https:\/\/chicriviera.com\/es\/#\/schema\/logo\/image\/","url":"https:\/\/chicriviera.com\/wp-content\/uploads\/2019\/03\/cropped-crfavicon.png","contentUrl":"https:\/\/chicriviera.com\/wp-content\/uploads\/2019\/03\/cropped-crfavicon.png","width":512,"height":512,"caption":"Chic Riviera"},"image":{"@id":"https:\/\/chicriviera.com\/es\/#\/schema\/logo\/image\/"},"sameAs":["https:\/\/www.facebook.com\/ChicRivieracom\/","https:\/\/x.com\/Chic_Riviera","https:\/\/www.instagram.com\/chicriviera\/"]},{"@type":"Person","@id":"https:\/\/chicriviera.com\/es\/#\/schema\/person\/c563ec1d9481b6d038092938cde95a4b","name":"Alex","image":{"@type":"ImageObject","inLanguage":"de","@id":"https:\/\/chicriviera.com\/es\/#\/schema\/person\/image\/","url":"https:\/\/secure.gravatar.com\/avatar\/0bb721c49cd74f5b36020571509cc39351075de1991c6145cdbecbab8cf22c82?s=96&d=mm&r=g","contentUrl":"https:\/\/secure.gravatar.com\/avatar\/0bb721c49cd74f5b36020571509cc39351075de1991c6145cdbecbab8cf22c82?s=96&d=mm&r=g","caption":"Alex"},"url":"https:\/\/chicriviera.com\/de\/author\/alexben\/"}]}},"_links":{"self":[{"href":"https:\/\/chicriviera.com\/de\/wp-json\/wp\/v2\/posts\/4645","targetHints":{"allow":["GET"]}}],"collection":[{"href":"https:\/\/chicriviera.com\/de\/wp-json\/wp\/v2\/posts"}],"about":[{"href":"https:\/\/chicriviera.com\/de\/wp-json\/wp\/v2\/types\/post"}],"author":[{"embeddable":true,"href":"https:\/\/chicriviera.com\/de\/wp-json\/wp\/v2\/users\/2"}],"replies":[{"embeddable":true,"href":"https:\/\/chicriviera.com\/de\/wp-json\/wp\/v2\/comments?post=4645"}],"version-history":[{"count":24,"href":"https:\/\/chicriviera.com\/de\/wp-json\/wp\/v2\/posts\/4645\/revisions"}],"predecessor-version":[{"id":4829,"href":"https:\/\/chicriviera.com\/de\/wp-json\/wp\/v2\/posts\/4645\/revisions\/4829"}],"wp:featuredmedia":[{"embeddable":true,"href":"https:\/\/chicriviera.com\/de\/wp-json\/wp\/v2\/media\/4647"}],"wp:attachment":[{"href":"https:\/\/chicriviera.com\/de\/wp-json\/wp\/v2\/media?parent=4645"}],"wp:term":[{"taxonomy":"category","embeddable":true,"href":"https:\/\/chicriviera.com\/de\/wp-json\/wp\/v2\/categories?post=4645"},{"taxonomy":"post_tag","embeddable":true,"href":"https:\/\/chicriviera.com\/de\/wp-json\/wp\/v2\/tags?post=4645"}],"curies":[{"name":"wp","href":"https:\/\/api.w.org\/{rel}","templated":true}]}}