{"id":3734,"date":"2019-12-01T15:49:38","date_gmt":"2019-12-01T13:49:38","guid":{"rendered":"https:\/\/chicriviera.com\/?p=3734"},"modified":"2019-12-01T18:47:47","modified_gmt":"2019-12-01T17:47:47","slug":"calendriers-de-lavent-2019-aussi-pour-les-adultes-ma-selection","status":"publish","type":"post","link":"https:\/\/chicriviera.com\/de\/2019\/12\/01\/kalender-fur-erwachsene-2019-auch-fur-erwachsene-meine-auswahl\/","title":{"rendered":"Adventskalender 2019 auch f\u00fcr Erwachsene: meine Auswahl :"},"content":{"rendered":"<p>Der Countdown bis zum 25. Dezember l\u00e4uft: Wenn Sie Ihren Adventskalender noch nicht gekauft haben, finden Sie hier einige Ideen: <\/p>\n\n\n\n<p><strong>F\u00fcr Sportler: der AS Monaco Adventskalender : <\/strong><\/p>\n\n\n\n<figure class=\"wp-block-image\"><img decoding=\"async\" width=\"1242\" height=\"1001\" src=\"https:\/\/chicriviera.com\/wp-content\/uploads\/2019\/11\/87ba3381-e78d-49c1-8f52-103032b2d09c.jpg\" alt=\"\" class=\"wp-image-3737\" srcset=\"https:\/\/chicriviera.com\/wp-content\/uploads\/2019\/11\/87ba3381-e78d-49c1-8f52-103032b2d09c.jpg 1242w, https:\/\/chicriviera.com\/wp-content\/uploads\/2019\/11\/87ba3381-e78d-49c1-8f52-103032b2d09c-300x242.jpg 300w, https:\/\/chicriviera.com\/wp-content\/uploads\/2019\/11\/87ba3381-e78d-49c1-8f52-103032b2d09c-1024x825.jpg 1024w, https:\/\/chicriviera.com\/wp-content\/uploads\/2019\/11\/87ba3381-e78d-49c1-8f52-103032b2d09c-768x619.jpg 768w, https:\/\/chicriviera.com\/wp-content\/uploads\/2019\/11\/87ba3381-e78d-49c1-8f52-103032b2d09c-600x484.jpg 600w\" sizes=\"(max-width: 1242px) 100vw, 1242px\" \/><\/figure>\n\n\n\n<p>Der Kalender der monegassischen Fu\u00dfballmannschaft. Erh\u00e4ltlich im Internet unter: https:\/\/shop.asmonaco.com oder im Gesch\u00e4ft: Les Jardins d'Apolline, 1 Promenade Honor\u00e9 II, Monaco. <\/p>\n\n\n\n<p><strong>F\u00fcr Naschkatzen gibt es den LAC-Adventskalender: <\/strong><\/p>\n\n\n\n<figure class=\"wp-block-image\"><img decoding=\"async\" width=\"800\" height=\"800\" src=\"https:\/\/chicriviera.com\/wp-content\/uploads\/2019\/11\/e2a30eaa-328a-46f9-864f-e2e597ec0f42.jpg\" alt=\"\" class=\"wp-image-3739\" srcset=\"https:\/\/chicriviera.com\/wp-content\/uploads\/2019\/11\/e2a30eaa-328a-46f9-864f-e2e597ec0f42.jpg 800w, https:\/\/chicriviera.com\/wp-content\/uploads\/2019\/11\/e2a30eaa-328a-46f9-864f-e2e597ec0f42-300x300.jpg 300w, https:\/\/chicriviera.com\/wp-content\/uploads\/2019\/11\/e2a30eaa-328a-46f9-864f-e2e597ec0f42-150x150.jpg 150w, https:\/\/chicriviera.com\/wp-content\/uploads\/2019\/11\/e2a30eaa-328a-46f9-864f-e2e597ec0f42-768x768.jpg 768w, https:\/\/chicriviera.com\/wp-content\/uploads\/2019\/11\/e2a30eaa-328a-46f9-864f-e2e597ec0f42-600x600.jpg 600w\" sizes=\"(max-width: 800px) 100vw, 800px\" \/><\/figure>\n\n\n\n<p>Pascal Lac, der Sch\u00f6pfer, lie\u00df sich 1988 in Beaulieu-sur-Mer nieder und er\u00f6ffnete 1995 sein erstes Konditorei- und Schokoladengesch\u00e4ft. Er wurde mehrfach f\u00fcr seine hervorragende Schokolade ausgezeichnet und geh\u00f6rt heute zu den 12 besten Schokoladenherstellern Frankreichs. Er hat jetzt 3 Gesch\u00e4fte in Nizza: 18 rue Barla; 12 rue de la Pr\u00e9fecture und 49 rue Gioffredo. Im Internet :https:\/\/www.patisseries-lac.com<\/p>\n\n\n\n<p><strong>Der schickste: der DIOR-Adventskalender: <\/strong><\/p>\n\n\n\n<figure class=\"wp-block-image\"><img decoding=\"async\" width=\"971\" height=\"880\" src=\"https:\/\/chicriviera.com\/wp-content\/uploads\/2019\/11\/9c10dd86-c964-4879-848e-0d847c4d77d7.jpg\" alt=\"\" class=\"wp-image-3742\" srcset=\"https:\/\/chicriviera.com\/wp-content\/uploads\/2019\/11\/9c10dd86-c964-4879-848e-0d847c4d77d7.jpg 971w, https:\/\/chicriviera.com\/wp-content\/uploads\/2019\/11\/9c10dd86-c964-4879-848e-0d847c4d77d7-300x272.jpg 300w, https:\/\/chicriviera.com\/wp-content\/uploads\/2019\/11\/9c10dd86-c964-4879-848e-0d847c4d77d7-768x696.jpg 768w, https:\/\/chicriviera.com\/wp-content\/uploads\/2019\/11\/9c10dd86-c964-4879-848e-0d847c4d77d7-600x544.jpg 600w\" sizes=\"(max-width: 971px) 100vw, 971px\" \/><\/figure>\n\n\n\n<p>In einer von Vincent Darr\u00e9 dekorierten Schatulle finden sich kleine Wunder wie die Miniparfums Ambre de Nuit, Gris Montaigne, aber auch Cremes, Seifen, Kerzen und Keramik, Herz, Medaillon, Stern. Ein sehr sch\u00f6nes Geschenk vor der Bescherung! Auf: https:\/\/www.dior.com oder in einer der Dior-Boutiquen. <\/p>\n\n\n\n<p><strong>Die 100% Bio und Provencal : <\/strong><\/p>\n\n\n\n<figure class=\"wp-block-image\"><img decoding=\"async\" width=\"1600\" height=\"1600\" src=\"https:\/\/chicriviera.com\/wp-content\/uploads\/2019\/11\/2ca159f8-2ad6-4358-8389-2af627b4d58f.jpg\" alt=\"\" class=\"wp-image-3746\" srcset=\"https:\/\/chicriviera.com\/wp-content\/uploads\/2019\/11\/2ca159f8-2ad6-4358-8389-2af627b4d58f.jpg 1600w, https:\/\/chicriviera.com\/wp-content\/uploads\/2019\/11\/2ca159f8-2ad6-4358-8389-2af627b4d58f-300x300.jpg 300w, https:\/\/chicriviera.com\/wp-content\/uploads\/2019\/11\/2ca159f8-2ad6-4358-8389-2af627b4d58f-1024x1024.jpg 1024w, https:\/\/chicriviera.com\/wp-content\/uploads\/2019\/11\/2ca159f8-2ad6-4358-8389-2af627b4d58f-150x150.jpg 150w, https:\/\/chicriviera.com\/wp-content\/uploads\/2019\/11\/2ca159f8-2ad6-4358-8389-2af627b4d58f-768x768.jpg 768w, https:\/\/chicriviera.com\/wp-content\/uploads\/2019\/11\/2ca159f8-2ad6-4358-8389-2af627b4d58f-600x600.jpg 600w, https:\/\/chicriviera.com\/wp-content\/uploads\/2019\/11\/2ca159f8-2ad6-4358-8389-2af627b4d58f-1536x1536.jpg 1536w, https:\/\/chicriviera.com\/wp-content\/uploads\/2019\/11\/2ca159f8-2ad6-4358-8389-2af627b4d58f-1320x1320.jpg 1320w\" sizes=\"(max-width: 1600px) 100vw, 1600px\" \/><\/figure>\n\n\n\n<p>Leckere S\u00fc\u00dfigkeiten vor den Feiertagen, wie Nougat, Aufstriche, Fruchtgelees, aber auch Kekse, alles handgemacht und biologisch. In allen Gesch\u00e4ften von Nature&amp;D\u00e9couvertes oder auf der Website: https:\/\/www.natureetdecouvertes.com<\/p>\n\n\n\n<p><strong>Entworfen von einem der ber\u00fchmtesten K\u00f6che der C\u00f4te d'Azur, Alain Ducasse<\/strong> : <\/p>\n\n\n\n<figure class=\"wp-block-image\"><img decoding=\"async\" width=\"1169\" height=\"1047\" src=\"https:\/\/chicriviera.com\/wp-content\/uploads\/2019\/12\/304a55b7-dd32-48b7-8e91-a5438fb67e88.jpg\" alt=\"\" class=\"wp-image-3752\" srcset=\"https:\/\/chicriviera.com\/wp-content\/uploads\/2019\/12\/304a55b7-dd32-48b7-8e91-a5438fb67e88.jpg 1169w, https:\/\/chicriviera.com\/wp-content\/uploads\/2019\/12\/304a55b7-dd32-48b7-8e91-a5438fb67e88-300x269.jpg 300w, https:\/\/chicriviera.com\/wp-content\/uploads\/2019\/12\/304a55b7-dd32-48b7-8e91-a5438fb67e88-1024x917.jpg 1024w, https:\/\/chicriviera.com\/wp-content\/uploads\/2019\/12\/304a55b7-dd32-48b7-8e91-a5438fb67e88-768x688.jpg 768w, https:\/\/chicriviera.com\/wp-content\/uploads\/2019\/12\/304a55b7-dd32-48b7-8e91-a5438fb67e88-600x537.jpg 600w\" sizes=\"(max-width: 1169px) 100vw, 1169px\" \/><\/figure>\n\n\n\n<p>In dem von Agathe Singer erdachten Kakao-Dschungel gibt es kleine Gaumensch\u00e4tze wie gebrannte Mandeln, Pralinen und eine gro\u00dfe \u00dcberraschung am 24. Kaufen auf: https:\/\/www.lechocolat-alainducasse.com\/fr\/calendrier-avent<\/p>\n\n\n\n<p><strong>\"Ich werde Weihnachten in meinem Herzen ehren und versuchen, es das ganze Jahr \u00fcber zu bewahren. Charles Dickens<\/strong><\/p>\n\n\n\n<p><strong>Sch\u00f6ne Ferien! <\/strong><\/p>","protected":false},"excerpt":{"rendered":"<p>Le d\u00e9compte a commenc\u00e9 jusqu\u2019au 25 D\u00e9cembre : si vous n\u2019avez pas encore achet\u00e9 votre Calendrier de l\u2019Avent, voici quelques id\u00e9es : Pour les sportifs, le Calendrier de L\u2019Avent de l\u2019AS Monaco : Le Calendrier de l\u2019\u00e9quipe de foot mon\u00e9gasque. \u00c0 acheter en ligne sur : https:\/\/shop.asmonaco.com ou en boutique : Les Jardins d\u2019Apolline, 1 [&hellip;]<\/p>\n","protected":false},"author":2,"featured_media":3785,"comment_status":"open","ping_status":"closed","sticky":false,"template":"","format":"standard","meta":{"_genesis_hide_title":false,"_genesis_hide_breadcrumbs":false,"_genesis_hide_singular_image":false,"_genesis_hide_footer_widgets":false,"_genesis_custom_body_class":"","_genesis_custom_post_class":"","_genesis_layout":"","footnotes":""},"categories":[29],"tags":[],"class_list":{"0":"post-3734","1":"post","2":"type-post","3":"status-publish","4":"format-standard","5":"has-post-thumbnail","7":"category-evenements","8":"entry"},"yoast_head":"<!-- This site is optimized with the Yoast SEO plugin v27.1.1 - https:\/\/yoast.com\/product\/yoast-seo-wordpress\/ -->\n<title>Calendriers de l\u2019Avent 2019 aussi pour les adultes : ma s\u00e9lection : - Chic Riviera<\/title>\n<meta name=\"robots\" content=\"index, follow, max-snippet:-1, max-image-preview:large, max-video-preview:-1\" \/>\n<link rel=\"canonical\" href=\"https:\/\/chicriviera.com\/de\/2019\/12\/01\/calendari-per-adulti-2019-anche-per-adulti-mia-selezione\/\" \/>\n<meta property=\"og:locale\" content=\"de_DE\" \/>\n<meta property=\"og:type\" content=\"article\" \/>\n<meta property=\"og:title\" content=\"Calendriers de l\u2019Avent 2019 aussi pour les adultes : ma s\u00e9lection : - Chic Riviera\" \/>\n<meta property=\"og:description\" content=\"Le d\u00e9compte a commenc\u00e9 jusqu\u2019au 25 D\u00e9cembre : si vous n\u2019avez pas encore achet\u00e9 votre Calendrier de l\u2019Avent, voici quelques id\u00e9es : Pour les sportifs, le Calendrier de L\u2019Avent de l\u2019AS Monaco : Le Calendrier de l\u2019\u00e9quipe de foot mon\u00e9gasque. \u00c0 acheter en ligne sur : https:\/\/shop.asmonaco.com ou en boutique : Les Jardins d\u2019Apolline, 1 [&hellip;]\" \/>\n<meta property=\"og:url\" content=\"https:\/\/chicriviera.com\/de\/2019\/12\/01\/calendari-per-adulti-2019-anche-per-adulti-mia-selezione\/\" \/>\n<meta property=\"og:site_name\" content=\"Chic Riviera\" \/>\n<meta property=\"article:publisher\" content=\"https:\/\/www.facebook.com\/ChicRivieracom\/\" \/>\n<meta property=\"article:published_time\" content=\"2019-12-01T13:49:38+00:00\" \/>\n<meta property=\"article:modified_time\" content=\"2019-12-01T17:47:47+00:00\" \/>\n<meta property=\"og:image\" content=\"https:\/\/chicriviera.com\/wp-content\/uploads\/2019\/12\/8488d1a3-66b4-40e7-ae8d-f69deae46013-5.jpg\" \/>\n\t<meta property=\"og:image:width\" content=\"516\" \/>\n\t<meta property=\"og:image:height\" content=\"529\" \/>\n\t<meta property=\"og:image:type\" content=\"image\/jpeg\" \/>\n<meta name=\"author\" content=\"Alex\" \/>\n<meta name=\"twitter:card\" content=\"summary_large_image\" \/>\n<meta name=\"twitter:creator\" content=\"@Chic_Riviera\" \/>\n<meta name=\"twitter:site\" content=\"@Chic_Riviera\" \/>\n<meta name=\"twitter:label1\" content=\"Verfasst von\" \/>\n\t<meta name=\"twitter:data1\" content=\"Alex\" \/>\n\t<meta name=\"twitter:label2\" content=\"Gesch\u00e4tzte Lesezeit\" \/>\n\t<meta name=\"twitter:data2\" content=\"2\u00a0Minuten\" \/>\n<script type=\"application\/ld+json\" class=\"yoast-schema-graph\">{\"@context\":\"https:\/\/schema.org\",\"@graph\":[{\"@type\":\"Article\",\"@id\":\"https:\/\/chicriviera.com\/it\/2019\/12\/01\/calendari-per-adulti-2019-anche-per-adulti-mia-selezione\/#article\",\"isPartOf\":{\"@id\":\"https:\/\/chicriviera.com\/it\/2019\/12\/01\/calendari-per-adulti-2019-anche-per-adulti-mia-selezione\/\"},\"author\":{\"name\":\"Alex\",\"@id\":\"https:\/\/chicriviera.com\/es\/#\/schema\/person\/c563ec1d9481b6d038092938cde95a4b\"},\"headline\":\"Calendriers de l\u2019Avent 2019 aussi pour les adultes : ma s\u00e9lection :\",\"datePublished\":\"2019-12-01T13:49:38+00:00\",\"dateModified\":\"2019-12-01T17:47:47+00:00\",\"mainEntityOfPage\":{\"@id\":\"https:\/\/chicriviera.com\/it\/2019\/12\/01\/calendari-per-adulti-2019-anche-per-adulti-mia-selezione\/\"},\"wordCount\":340,\"commentCount\":0,\"publisher\":{\"@id\":\"https:\/\/chicriviera.com\/es\/#organization\"},\"image\":{\"@id\":\"https:\/\/chicriviera.com\/it\/2019\/12\/01\/calendari-per-adulti-2019-anche-per-adulti-mia-selezione\/#primaryimage\"},\"thumbnailUrl\":\"https:\/\/chicriviera.com\/wp-content\/uploads\/2019\/12\/8488d1a3-66b4-40e7-ae8d-f69deae46013-5.jpg\",\"articleSection\":[\"\u00c9v\u00e9nements\"],\"inLanguage\":\"de\",\"potentialAction\":[{\"@type\":\"CommentAction\",\"name\":\"Comment\",\"target\":[\"https:\/\/chicriviera.com\/it\/2019\/12\/01\/calendari-per-adulti-2019-anche-per-adulti-mia-selezione\/#respond\"]}]},{\"@type\":\"WebPage\",\"@id\":\"https:\/\/chicriviera.com\/it\/2019\/12\/01\/calendari-per-adulti-2019-anche-per-adulti-mia-selezione\/\",\"url\":\"https:\/\/chicriviera.com\/it\/2019\/12\/01\/calendari-per-adulti-2019-anche-per-adulti-mia-selezione\/\",\"name\":\"Calendriers de l\u2019Avent 2019 aussi pour les adultes : ma s\u00e9lection : - Chic Riviera\",\"isPartOf\":{\"@id\":\"https:\/\/chicriviera.com\/es\/#website\"},\"primaryImageOfPage\":{\"@id\":\"https:\/\/chicriviera.com\/it\/2019\/12\/01\/calendari-per-adulti-2019-anche-per-adulti-mia-selezione\/#primaryimage\"},\"image\":{\"@id\":\"https:\/\/chicriviera.com\/it\/2019\/12\/01\/calendari-per-adulti-2019-anche-per-adulti-mia-selezione\/#primaryimage\"},\"thumbnailUrl\":\"https:\/\/chicriviera.com\/wp-content\/uploads\/2019\/12\/8488d1a3-66b4-40e7-ae8d-f69deae46013-5.jpg\",\"datePublished\":\"2019-12-01T13:49:38+00:00\",\"dateModified\":\"2019-12-01T17:47:47+00:00\",\"breadcrumb\":{\"@id\":\"https:\/\/chicriviera.com\/it\/2019\/12\/01\/calendari-per-adulti-2019-anche-per-adulti-mia-selezione\/#breadcrumb\"},\"inLanguage\":\"de\",\"potentialAction\":[{\"@type\":\"ReadAction\",\"target\":[\"https:\/\/chicriviera.com\/it\/2019\/12\/01\/calendari-per-adulti-2019-anche-per-adulti-mia-selezione\/\"]}]},{\"@type\":\"ImageObject\",\"inLanguage\":\"de\",\"@id\":\"https:\/\/chicriviera.com\/it\/2019\/12\/01\/calendari-per-adulti-2019-anche-per-adulti-mia-selezione\/#primaryimage\",\"url\":\"https:\/\/chicriviera.com\/wp-content\/uploads\/2019\/12\/8488d1a3-66b4-40e7-ae8d-f69deae46013-5.jpg\",\"contentUrl\":\"https:\/\/chicriviera.com\/wp-content\/uploads\/2019\/12\/8488d1a3-66b4-40e7-ae8d-f69deae46013-5.jpg\",\"width\":516,\"height\":529},{\"@type\":\"BreadcrumbList\",\"@id\":\"https:\/\/chicriviera.com\/it\/2019\/12\/01\/calendari-per-adulti-2019-anche-per-adulti-mia-selezione\/#breadcrumb\",\"itemListElement\":[{\"@type\":\"ListItem\",\"position\":1,\"name\":\"Accueil\",\"item\":\"https:\/\/chicriviera.com\/\"},{\"@type\":\"ListItem\",\"position\":2,\"name\":\"Calendriers de l\u2019Avent 2019 aussi pour les adultes : ma s\u00e9lection :\"}]},{\"@type\":\"WebSite\",\"@id\":\"https:\/\/chicriviera.com\/es\/#website\",\"url\":\"https:\/\/chicriviera.com\/es\/\",\"name\":\"Chic Riviera\",\"description\":\"Le meilleur de la C\u00f4te d&#039;Azur : Restaurants, Plages, Sorties\",\"publisher\":{\"@id\":\"https:\/\/chicriviera.com\/es\/#organization\"},\"potentialAction\":[{\"@type\":\"SearchAction\",\"target\":{\"@type\":\"EntryPoint\",\"urlTemplate\":\"https:\/\/chicriviera.com\/es\/?s={search_term_string}\"},\"query-input\":{\"@type\":\"PropertyValueSpecification\",\"valueRequired\":true,\"valueName\":\"search_term_string\"}}],\"inLanguage\":\"de\"},{\"@type\":\"Organization\",\"@id\":\"https:\/\/chicriviera.com\/es\/#organization\",\"name\":\"Chic Riviera\",\"url\":\"https:\/\/chicriviera.com\/es\/\",\"logo\":{\"@type\":\"ImageObject\",\"inLanguage\":\"de\",\"@id\":\"https:\/\/chicriviera.com\/es\/#\/schema\/logo\/image\/\",\"url\":\"https:\/\/chicriviera.com\/wp-content\/uploads\/2019\/03\/cropped-crfavicon.png\",\"contentUrl\":\"https:\/\/chicriviera.com\/wp-content\/uploads\/2019\/03\/cropped-crfavicon.png\",\"width\":512,\"height\":512,\"caption\":\"Chic Riviera\"},\"image\":{\"@id\":\"https:\/\/chicriviera.com\/es\/#\/schema\/logo\/image\/\"},\"sameAs\":[\"https:\/\/www.facebook.com\/ChicRivieracom\/\",\"https:\/\/x.com\/Chic_Riviera\",\"https:\/\/www.instagram.com\/chicriviera\/\"]},{\"@type\":\"Person\",\"@id\":\"https:\/\/chicriviera.com\/es\/#\/schema\/person\/c563ec1d9481b6d038092938cde95a4b\",\"name\":\"Alex\",\"image\":{\"@type\":\"ImageObject\",\"inLanguage\":\"de\",\"@id\":\"https:\/\/chicriviera.com\/es\/#\/schema\/person\/image\/\",\"url\":\"https:\/\/secure.gravatar.com\/avatar\/0bb721c49cd74f5b36020571509cc39351075de1991c6145cdbecbab8cf22c82?s=96&d=mm&r=g\",\"contentUrl\":\"https:\/\/secure.gravatar.com\/avatar\/0bb721c49cd74f5b36020571509cc39351075de1991c6145cdbecbab8cf22c82?s=96&d=mm&r=g\",\"caption\":\"Alex\"},\"url\":\"https:\/\/chicriviera.com\/de\/author\/alexben\/\"}]}<\/script>\n<!-- \/ Yoast SEO plugin. -->","yoast_head_json":{"title":"Adventskalender 2019 auch f\u00fcr Erwachsene: Meine Auswahl: - Chic Riviera","robots":{"index":"index","follow":"follow","max-snippet":"max-snippet:-1","max-image-preview":"max-image-preview:large","max-video-preview":"max-video-preview:-1"},"canonical":"https:\/\/chicriviera.com\/de\/2019\/12\/01\/calendari-per-adulti-2019-anche-per-adulti-mia-selezione\/","og_locale":"de_DE","og_type":"article","og_title":"Calendriers de l\u2019Avent 2019 aussi pour les adultes : ma s\u00e9lection : - Chic Riviera","og_description":"Le d\u00e9compte a commenc\u00e9 jusqu\u2019au 25 D\u00e9cembre : si vous n\u2019avez pas encore achet\u00e9 votre Calendrier de l\u2019Avent, voici quelques id\u00e9es : Pour les sportifs, le Calendrier de L\u2019Avent de l\u2019AS Monaco : Le Calendrier de l\u2019\u00e9quipe de foot mon\u00e9gasque. \u00c0 acheter en ligne sur : https:\/\/shop.asmonaco.com ou en boutique : Les Jardins d\u2019Apolline, 1 [&hellip;]","og_url":"https:\/\/chicriviera.com\/de\/2019\/12\/01\/calendari-per-adulti-2019-anche-per-adulti-mia-selezione\/","og_site_name":"Chic Riviera","article_publisher":"https:\/\/www.facebook.com\/ChicRivieracom\/","article_published_time":"2019-12-01T13:49:38+00:00","article_modified_time":"2019-12-01T17:47:47+00:00","og_image":[{"width":516,"height":529,"url":"https:\/\/chicriviera.com\/wp-content\/uploads\/2019\/12\/8488d1a3-66b4-40e7-ae8d-f69deae46013-5.jpg","type":"image\/jpeg"}],"author":"Alex","twitter_card":"summary_large_image","twitter_creator":"@Chic_Riviera","twitter_site":"@Chic_Riviera","twitter_misc":{"Verfasst von":"Alex","Gesch\u00e4tzte Lesezeit":"2\u00a0Minuten"},"schema":{"@context":"https:\/\/schema.org","@graph":[{"@type":"Article","@id":"https:\/\/chicriviera.com\/it\/2019\/12\/01\/calendari-per-adulti-2019-anche-per-adulti-mia-selezione\/#article","isPartOf":{"@id":"https:\/\/chicriviera.com\/it\/2019\/12\/01\/calendari-per-adulti-2019-anche-per-adulti-mia-selezione\/"},"author":{"name":"Alex","@id":"https:\/\/chicriviera.com\/es\/#\/schema\/person\/c563ec1d9481b6d038092938cde95a4b"},"headline":"Calendriers de l\u2019Avent 2019 aussi pour les adultes : ma s\u00e9lection :","datePublished":"2019-12-01T13:49:38+00:00","dateModified":"2019-12-01T17:47:47+00:00","mainEntityOfPage":{"@id":"https:\/\/chicriviera.com\/it\/2019\/12\/01\/calendari-per-adulti-2019-anche-per-adulti-mia-selezione\/"},"wordCount":340,"commentCount":0,"publisher":{"@id":"https:\/\/chicriviera.com\/es\/#organization"},"image":{"@id":"https:\/\/chicriviera.com\/it\/2019\/12\/01\/calendari-per-adulti-2019-anche-per-adulti-mia-selezione\/#primaryimage"},"thumbnailUrl":"https:\/\/chicriviera.com\/wp-content\/uploads\/2019\/12\/8488d1a3-66b4-40e7-ae8d-f69deae46013-5.jpg","articleSection":["\u00c9v\u00e9nements"],"inLanguage":"de","potentialAction":[{"@type":"CommentAction","name":"Comment","target":["https:\/\/chicriviera.com\/it\/2019\/12\/01\/calendari-per-adulti-2019-anche-per-adulti-mia-selezione\/#respond"]}]},{"@type":"WebPage","@id":"https:\/\/chicriviera.com\/it\/2019\/12\/01\/calendari-per-adulti-2019-anche-per-adulti-mia-selezione\/","url":"https:\/\/chicriviera.com\/it\/2019\/12\/01\/calendari-per-adulti-2019-anche-per-adulti-mia-selezione\/","name":"Adventskalender 2019 auch f\u00fcr Erwachsene: Meine Auswahl: - Chic Riviera","isPartOf":{"@id":"https:\/\/chicriviera.com\/es\/#website"},"primaryImageOfPage":{"@id":"https:\/\/chicriviera.com\/it\/2019\/12\/01\/calendari-per-adulti-2019-anche-per-adulti-mia-selezione\/#primaryimage"},"image":{"@id":"https:\/\/chicriviera.com\/it\/2019\/12\/01\/calendari-per-adulti-2019-anche-per-adulti-mia-selezione\/#primaryimage"},"thumbnailUrl":"https:\/\/chicriviera.com\/wp-content\/uploads\/2019\/12\/8488d1a3-66b4-40e7-ae8d-f69deae46013-5.jpg","datePublished":"2019-12-01T13:49:38+00:00","dateModified":"2019-12-01T17:47:47+00:00","breadcrumb":{"@id":"https:\/\/chicriviera.com\/it\/2019\/12\/01\/calendari-per-adulti-2019-anche-per-adulti-mia-selezione\/#breadcrumb"},"inLanguage":"de","potentialAction":[{"@type":"ReadAction","target":["https:\/\/chicriviera.com\/it\/2019\/12\/01\/calendari-per-adulti-2019-anche-per-adulti-mia-selezione\/"]}]},{"@type":"ImageObject","inLanguage":"de","@id":"https:\/\/chicriviera.com\/it\/2019\/12\/01\/calendari-per-adulti-2019-anche-per-adulti-mia-selezione\/#primaryimage","url":"https:\/\/chicriviera.com\/wp-content\/uploads\/2019\/12\/8488d1a3-66b4-40e7-ae8d-f69deae46013-5.jpg","contentUrl":"https:\/\/chicriviera.com\/wp-content\/uploads\/2019\/12\/8488d1a3-66b4-40e7-ae8d-f69deae46013-5.jpg","width":516,"height":529},{"@type":"BreadcrumbList","@id":"https:\/\/chicriviera.com\/it\/2019\/12\/01\/calendari-per-adulti-2019-anche-per-adulti-mia-selezione\/#breadcrumb","itemListElement":[{"@type":"ListItem","position":1,"name":"Accueil","item":"https:\/\/chicriviera.com\/"},{"@type":"ListItem","position":2,"name":"Calendriers de l\u2019Avent 2019 aussi pour les adultes : ma s\u00e9lection :"}]},{"@type":"WebSite","@id":"https:\/\/chicriviera.com\/es\/#website","url":"https:\/\/chicriviera.com\/es\/","name":"Schicke Riviera","description":"Das Beste an der C\u00f4te d'Azur: Restaurants, Str\u00e4nde, Ausflugsziele","publisher":{"@id":"https:\/\/chicriviera.com\/es\/#organization"},"potentialAction":[{"@type":"SearchAction","target":{"@type":"EntryPoint","urlTemplate":"https:\/\/chicriviera.com\/es\/?s={search_term_string}"},"query-input":{"@type":"PropertyValueSpecification","valueRequired":true,"valueName":"search_term_string"}}],"inLanguage":"de"},{"@type":"Organization","@id":"https:\/\/chicriviera.com\/es\/#organization","name":"Schicke Riviera","url":"https:\/\/chicriviera.com\/es\/","logo":{"@type":"ImageObject","inLanguage":"de","@id":"https:\/\/chicriviera.com\/es\/#\/schema\/logo\/image\/","url":"https:\/\/chicriviera.com\/wp-content\/uploads\/2019\/03\/cropped-crfavicon.png","contentUrl":"https:\/\/chicriviera.com\/wp-content\/uploads\/2019\/03\/cropped-crfavicon.png","width":512,"height":512,"caption":"Chic Riviera"},"image":{"@id":"https:\/\/chicriviera.com\/es\/#\/schema\/logo\/image\/"},"sameAs":["https:\/\/www.facebook.com\/ChicRivieracom\/","https:\/\/x.com\/Chic_Riviera","https:\/\/www.instagram.com\/chicriviera\/"]},{"@type":"Person","@id":"https:\/\/chicriviera.com\/es\/#\/schema\/person\/c563ec1d9481b6d038092938cde95a4b","name":"Alex","image":{"@type":"ImageObject","inLanguage":"de","@id":"https:\/\/chicriviera.com\/es\/#\/schema\/person\/image\/","url":"https:\/\/secure.gravatar.com\/avatar\/0bb721c49cd74f5b36020571509cc39351075de1991c6145cdbecbab8cf22c82?s=96&d=mm&r=g","contentUrl":"https:\/\/secure.gravatar.com\/avatar\/0bb721c49cd74f5b36020571509cc39351075de1991c6145cdbecbab8cf22c82?s=96&d=mm&r=g","caption":"Alex"},"url":"https:\/\/chicriviera.com\/de\/author\/alexben\/"}]}},"_links":{"self":[{"href":"https:\/\/chicriviera.com\/de\/wp-json\/wp\/v2\/posts\/3734","targetHints":{"allow":["GET"]}}],"collection":[{"href":"https:\/\/chicriviera.com\/de\/wp-json\/wp\/v2\/posts"}],"about":[{"href":"https:\/\/chicriviera.com\/de\/wp-json\/wp\/v2\/types\/post"}],"author":[{"embeddable":true,"href":"https:\/\/chicriviera.com\/de\/wp-json\/wp\/v2\/users\/2"}],"replies":[{"embeddable":true,"href":"https:\/\/chicriviera.com\/de\/wp-json\/wp\/v2\/comments?post=3734"}],"version-history":[{"count":43,"href":"https:\/\/chicriviera.com\/de\/wp-json\/wp\/v2\/posts\/3734\/revisions"}],"predecessor-version":[{"id":3813,"href":"https:\/\/chicriviera.com\/de\/wp-json\/wp\/v2\/posts\/3734\/revisions\/3813"}],"wp:featuredmedia":[{"embeddable":true,"href":"https:\/\/chicriviera.com\/de\/wp-json\/wp\/v2\/media\/3785"}],"wp:attachment":[{"href":"https:\/\/chicriviera.com\/de\/wp-json\/wp\/v2\/media?parent=3734"}],"wp:term":[{"taxonomy":"category","embeddable":true,"href":"https:\/\/chicriviera.com\/de\/wp-json\/wp\/v2\/categories?post=3734"},{"taxonomy":"post_tag","embeddable":true,"href":"https:\/\/chicriviera.com\/de\/wp-json\/wp\/v2\/tags?post=3734"}],"curies":[{"name":"wp","href":"https:\/\/api.w.org\/{rel}","templated":true}]}}