{"id":2172,"date":"2019-09-08T13:47:14","date_gmt":"2019-09-08T11:47:14","guid":{"rendered":"https:\/\/chicriviera.com\/?p=2172"},"modified":"2019-09-08T13:50:09","modified_gmt":"2019-09-08T11:50:09","slug":"cannes-yachting-festival-j-2","status":"publish","type":"post","link":"https:\/\/chicriviera.com\/de\/2019\/09\/08\/cannes-yachting-festival-d-2\/","title":{"rendered":"Cannes Yachting Festival, D-2"},"content":{"rendered":"<p>Die Cannes Yacht Show, die erste Bootsmesse der Saison, die seit einigen Jahren von den Fachleuten als eine der wichtigsten in Europa angesehen wird, empf\u00e4ngt jedes Jahr die internationalen Yacht-Akteure, die ihre Neuheiten in der Vorschau ausstellen. <\/p>\n\n\n\n<figure class=\"wp-block-image\"><img decoding=\"async\" width=\"1054\" height=\"840\" src=\"https:\/\/chicriviera.com\/wp-content\/uploads\/2019\/09\/5b4be996-8c6c-4f3c-9bb4-bc52f69534a6.jpg\" alt=\"\" class=\"wp-image-2178\" srcset=\"https:\/\/chicriviera.com\/wp-content\/uploads\/2019\/09\/5b4be996-8c6c-4f3c-9bb4-bc52f69534a6.jpg 1054w, https:\/\/chicriviera.com\/wp-content\/uploads\/2019\/09\/5b4be996-8c6c-4f3c-9bb4-bc52f69534a6-300x239.jpg 300w, https:\/\/chicriviera.com\/wp-content\/uploads\/2019\/09\/5b4be996-8c6c-4f3c-9bb4-bc52f69534a6-768x612.jpg 768w, https:\/\/chicriviera.com\/wp-content\/uploads\/2019\/09\/5b4be996-8c6c-4f3c-9bb4-bc52f69534a6-1024x816.jpg 1024w, https:\/\/chicriviera.com\/wp-content\/uploads\/2019\/09\/5b4be996-8c6c-4f3c-9bb4-bc52f69534a6-600x478.jpg 600w\" sizes=\"(max-width: 1054px) 100vw, 1054px\" \/><figcaption>Idyllischer Rahmen f\u00fcr diese begehrte Messe <\/figcaption><\/figure>\n\n\n\n<p>In diesem Jahr gibt es in Cannes eine Neuheit, die alle Segelfreunde begeistern wird: Der Port Canto wird f\u00fcr die Veranstaltung ganz den Segelbooten gewidmet sein, den Einrumpf- und Mehrrumpfbooten, und mehr als hundert Boote werden ausgestellt. Es handelt sich um die gr\u00f6\u00dfte Ausstellung neuer Segelboote in der Welt mit der M\u00f6glichkeit, an Bord zu gehen, f\u00fcr Amateure und K\u00e4ufer. <\/p>\n\n\n\n<figure class=\"wp-block-image\"><img decoding=\"async\" width=\"1242\" height=\"1246\" src=\"https:\/\/chicriviera.com\/wp-content\/uploads\/2019\/09\/4d11a30d-36ae-407d-b1b8-cc355263674a.jpg\" alt=\"\" class=\"wp-image-2180\" srcset=\"https:\/\/chicriviera.com\/wp-content\/uploads\/2019\/09\/4d11a30d-36ae-407d-b1b8-cc355263674a.jpg 1242w, https:\/\/chicriviera.com\/wp-content\/uploads\/2019\/09\/4d11a30d-36ae-407d-b1b8-cc355263674a-150x150.jpg 150w, https:\/\/chicriviera.com\/wp-content\/uploads\/2019\/09\/4d11a30d-36ae-407d-b1b8-cc355263674a-300x300.jpg 300w, https:\/\/chicriviera.com\/wp-content\/uploads\/2019\/09\/4d11a30d-36ae-407d-b1b8-cc355263674a-768x770.jpg 768w, https:\/\/chicriviera.com\/wp-content\/uploads\/2019\/09\/4d11a30d-36ae-407d-b1b8-cc355263674a-1021x1024.jpg 1021w, https:\/\/chicriviera.com\/wp-content\/uploads\/2019\/09\/4d11a30d-36ae-407d-b1b8-cc355263674a-600x602.jpg 600w\" sizes=\"(max-width: 1242px) 100vw, 1242px\" \/><figcaption>Port Canto ganz den Segelbooten gewidmet<\/figcaption><\/figure>\n\n\n\n<p>Ein weiterer sehr beliebter Bereich w\u00e4hrend der Messe ist die Luxury Gallery. Im Palais des Festivals gelegen, ist dieser Raum ganz dem Luxus, dem Handwerk und der Lebenskunst gewidmet, mit sehr renommierten Ausstellern wie Abyssworld, Acqua Dell'Elba, Cristal de S\u00e8vres, PMP Firenze, und vielen anderen. Wenn Sie ein Liebhaber von Schmuck, Uhren, Mode, Kunst, M\u00f6beln, Dekoration, Hightech, Prestige-Immobilien und Privatflugzeugen sind, sollten Sie die Aussteller der Luxury Gallery 2019 nicht verpassen. <\/p>\n\n\n\n<figure class=\"wp-block-image\"><img decoding=\"async\" width=\"750\" height=\"640\" src=\"https:\/\/chicriviera.com\/wp-content\/uploads\/2019\/09\/e079c49c-b08b-41e8-af6f-aff4561ce38c.jpg\" alt=\"\" class=\"wp-image-2183\" srcset=\"https:\/\/chicriviera.com\/wp-content\/uploads\/2019\/09\/e079c49c-b08b-41e8-af6f-aff4561ce38c.jpg 750w, https:\/\/chicriviera.com\/wp-content\/uploads\/2019\/09\/e079c49c-b08b-41e8-af6f-aff4561ce38c-300x256.jpg 300w, https:\/\/chicriviera.com\/wp-content\/uploads\/2019\/09\/e079c49c-b08b-41e8-af6f-aff4561ce38c-600x512.jpg 600w, https:\/\/chicriviera.com\/wp-content\/uploads\/2019\/09\/e079c49c-b08b-41e8-af6f-aff4561ce38c-70x60.jpg 70w\" sizes=\"(max-width: 750px) 100vw, 750px\" \/><figcaption>Luxus-Galerie <\/figcaption><\/figure>\n\n\n\n<p>Gut zu wissen: von Dienstag, 10. September 2019, bis Samstag, 14. September 2019, von 10 bis 19 Uhr. Sonntag, 15. September 2019 von 10 bis 18 Uhr. Nocturne Freitag, 13. September 2019 bis 22 Uhr. <\/p>\n\n\n\n<p>F\u00fcr Informationen und Anmeldung: www.cannesyachtingfestival.com<\/p>","protected":false},"excerpt":{"rendered":"<p>Le Yacht Show de Cannes, premier Salon Nautique de la saison, consid\u00e9r\u00e9 depuis quelques ann\u00e9es par les professionnels comme un des plus importants d\u2019Europe, accueille chaque ann\u00e9e les acteurs de plaisance internationaux qui exposent leur nouveaut\u00e9 en avant premi\u00e8re. Cette ann\u00e9e, une nouveaut\u00e9 \u00e0 Cannes qui va r\u00e9jouir tous les amoureux de la voile : [&hellip;]<\/p>\n","protected":false},"author":2,"featured_media":2189,"comment_status":"open","ping_status":"closed","sticky":false,"template":"","format":"standard","meta":{"_genesis_hide_title":false,"_genesis_hide_breadcrumbs":false,"_genesis_hide_singular_image":false,"_genesis_hide_footer_widgets":false,"_genesis_custom_body_class":"","_genesis_custom_post_class":"","_genesis_layout":"","footnotes":""},"categories":[27,29],"tags":[],"class_list":{"0":"post-2172","1":"post","2":"type-post","3":"status-publish","4":"format-standard","5":"has-post-thumbnail","7":"category-activites","8":"category-evenements","9":"entry"},"yoast_head":"<!-- This site is optimized with the Yoast SEO plugin v27.1.1 - https:\/\/yoast.com\/product\/yoast-seo-wordpress\/ -->\n<title>Cannes Yachting Festival, J-2 - Chic Riviera<\/title>\n<meta name=\"robots\" content=\"index, follow, max-snippet:-1, max-image-preview:large, max-video-preview:-1\" \/>\n<link rel=\"canonical\" href=\"https:\/\/chicriviera.com\/de\/es\/2019\/09\/08\/cannes-yachting-festival-d-2\/\" \/>\n<meta property=\"og:locale\" content=\"de_DE\" \/>\n<meta property=\"og:type\" content=\"article\" \/>\n<meta property=\"og:title\" content=\"Cannes Yachting Festival, J-2 - Chic Riviera\" \/>\n<meta property=\"og:description\" content=\"Le Yacht Show de Cannes, premier Salon Nautique de la saison, consid\u00e9r\u00e9 depuis quelques ann\u00e9es par les professionnels comme un des plus importants d\u2019Europe, accueille chaque ann\u00e9e les acteurs de plaisance internationaux qui exposent leur nouveaut\u00e9 en avant premi\u00e8re. Cette ann\u00e9e, une nouveaut\u00e9 \u00e0 Cannes qui va r\u00e9jouir tous les amoureux de la voile : [&hellip;]\" \/>\n<meta property=\"og:url\" content=\"https:\/\/chicriviera.com\/de\/es\/2019\/09\/08\/cannes-yachting-festival-d-2\/\" \/>\n<meta property=\"og:site_name\" content=\"Chic Riviera\" \/>\n<meta property=\"article:publisher\" content=\"https:\/\/www.facebook.com\/ChicRivieracom\/\" \/>\n<meta property=\"article:published_time\" content=\"2019-09-08T11:47:14+00:00\" \/>\n<meta property=\"article:modified_time\" content=\"2019-09-08T11:50:09+00:00\" \/>\n<meta property=\"og:image\" content=\"https:\/\/chicriviera.com\/wp-content\/uploads\/2019\/09\/e7d66865-33fa-471b-8a66-1cf9d52eab5c-3.jpg\" \/>\n\t<meta property=\"og:image:width\" content=\"640\" \/>\n\t<meta property=\"og:image:height\" content=\"800\" \/>\n\t<meta property=\"og:image:type\" content=\"image\/jpeg\" \/>\n<meta name=\"author\" content=\"Alex\" \/>\n<meta name=\"twitter:card\" content=\"summary_large_image\" \/>\n<meta name=\"twitter:creator\" content=\"@Chic_Riviera\" \/>\n<meta name=\"twitter:site\" content=\"@Chic_Riviera\" \/>\n<meta name=\"twitter:label1\" content=\"Verfasst von\" \/>\n\t<meta name=\"twitter:data1\" content=\"Alex\" \/>\n\t<meta name=\"twitter:label2\" content=\"Gesch\u00e4tzte Lesezeit\" \/>\n\t<meta name=\"twitter:data2\" content=\"1\u00a0Minute\" \/>\n<script type=\"application\/ld+json\" class=\"yoast-schema-graph\">{\"@context\":\"https:\/\/schema.org\",\"@graph\":[{\"@type\":\"Article\",\"@id\":\"https:\/\/chicriviera.com\/es\/2019\/09\/08\/cannes-yachting-festival-d-2\/#article\",\"isPartOf\":{\"@id\":\"https:\/\/chicriviera.com\/es\/2019\/09\/08\/cannes-yachting-festival-d-2\/\"},\"author\":{\"name\":\"Alex\",\"@id\":\"https:\/\/chicriviera.com\/es\/#\/schema\/person\/c563ec1d9481b6d038092938cde95a4b\"},\"headline\":\"Cannes Yachting Festival, J-2\",\"datePublished\":\"2019-09-08T11:47:14+00:00\",\"dateModified\":\"2019-09-08T11:50:09+00:00\",\"mainEntityOfPage\":{\"@id\":\"https:\/\/chicriviera.com\/es\/2019\/09\/08\/cannes-yachting-festival-d-2\/\"},\"wordCount\":249,\"commentCount\":0,\"publisher\":{\"@id\":\"https:\/\/chicriviera.com\/es\/#organization\"},\"image\":{\"@id\":\"https:\/\/chicriviera.com\/es\/2019\/09\/08\/cannes-yachting-festival-d-2\/#primaryimage\"},\"thumbnailUrl\":\"https:\/\/chicriviera.com\/wp-content\/uploads\/2019\/09\/e7d66865-33fa-471b-8a66-1cf9d52eab5c-3.jpg\",\"articleSection\":[\"Activit\u00e9s\",\"\u00c9v\u00e9nements\"],\"inLanguage\":\"de\",\"potentialAction\":[{\"@type\":\"CommentAction\",\"name\":\"Comment\",\"target\":[\"https:\/\/chicriviera.com\/es\/2019\/09\/08\/cannes-yachting-festival-d-2\/#respond\"]}]},{\"@type\":\"WebPage\",\"@id\":\"https:\/\/chicriviera.com\/es\/2019\/09\/08\/cannes-yachting-festival-d-2\/\",\"url\":\"https:\/\/chicriviera.com\/es\/2019\/09\/08\/cannes-yachting-festival-d-2\/\",\"name\":\"Cannes Yachting Festival, J-2 - Chic Riviera\",\"isPartOf\":{\"@id\":\"https:\/\/chicriviera.com\/es\/#website\"},\"primaryImageOfPage\":{\"@id\":\"https:\/\/chicriviera.com\/es\/2019\/09\/08\/cannes-yachting-festival-d-2\/#primaryimage\"},\"image\":{\"@id\":\"https:\/\/chicriviera.com\/es\/2019\/09\/08\/cannes-yachting-festival-d-2\/#primaryimage\"},\"thumbnailUrl\":\"https:\/\/chicriviera.com\/wp-content\/uploads\/2019\/09\/e7d66865-33fa-471b-8a66-1cf9d52eab5c-3.jpg\",\"datePublished\":\"2019-09-08T11:47:14+00:00\",\"dateModified\":\"2019-09-08T11:50:09+00:00\",\"breadcrumb\":{\"@id\":\"https:\/\/chicriviera.com\/es\/2019\/09\/08\/cannes-yachting-festival-d-2\/#breadcrumb\"},\"inLanguage\":\"de\",\"potentialAction\":[{\"@type\":\"ReadAction\",\"target\":[\"https:\/\/chicriviera.com\/es\/2019\/09\/08\/cannes-yachting-festival-d-2\/\"]}]},{\"@type\":\"ImageObject\",\"inLanguage\":\"de\",\"@id\":\"https:\/\/chicriviera.com\/es\/2019\/09\/08\/cannes-yachting-festival-d-2\/#primaryimage\",\"url\":\"https:\/\/chicriviera.com\/wp-content\/uploads\/2019\/09\/e7d66865-33fa-471b-8a66-1cf9d52eab5c-3.jpg\",\"contentUrl\":\"https:\/\/chicriviera.com\/wp-content\/uploads\/2019\/09\/e7d66865-33fa-471b-8a66-1cf9d52eab5c-3.jpg\",\"width\":640,\"height\":800},{\"@type\":\"BreadcrumbList\",\"@id\":\"https:\/\/chicriviera.com\/es\/2019\/09\/08\/cannes-yachting-festival-d-2\/#breadcrumb\",\"itemListElement\":[{\"@type\":\"ListItem\",\"position\":1,\"name\":\"Accueil\",\"item\":\"https:\/\/chicriviera.com\/\"},{\"@type\":\"ListItem\",\"position\":2,\"name\":\"Cannes Yachting Festival, J-2\"}]},{\"@type\":\"WebSite\",\"@id\":\"https:\/\/chicriviera.com\/es\/#website\",\"url\":\"https:\/\/chicriviera.com\/es\/\",\"name\":\"Chic Riviera\",\"description\":\"Le meilleur de la C\u00f4te d&#039;Azur : Restaurants, Plages, Sorties\",\"publisher\":{\"@id\":\"https:\/\/chicriviera.com\/es\/#organization\"},\"potentialAction\":[{\"@type\":\"SearchAction\",\"target\":{\"@type\":\"EntryPoint\",\"urlTemplate\":\"https:\/\/chicriviera.com\/es\/?s={search_term_string}\"},\"query-input\":{\"@type\":\"PropertyValueSpecification\",\"valueRequired\":true,\"valueName\":\"search_term_string\"}}],\"inLanguage\":\"de\"},{\"@type\":\"Organization\",\"@id\":\"https:\/\/chicriviera.com\/es\/#organization\",\"name\":\"Chic Riviera\",\"url\":\"https:\/\/chicriviera.com\/es\/\",\"logo\":{\"@type\":\"ImageObject\",\"inLanguage\":\"de\",\"@id\":\"https:\/\/chicriviera.com\/es\/#\/schema\/logo\/image\/\",\"url\":\"https:\/\/chicriviera.com\/wp-content\/uploads\/2019\/03\/cropped-crfavicon.png\",\"contentUrl\":\"https:\/\/chicriviera.com\/wp-content\/uploads\/2019\/03\/cropped-crfavicon.png\",\"width\":512,\"height\":512,\"caption\":\"Chic Riviera\"},\"image\":{\"@id\":\"https:\/\/chicriviera.com\/es\/#\/schema\/logo\/image\/\"},\"sameAs\":[\"https:\/\/www.facebook.com\/ChicRivieracom\/\",\"https:\/\/x.com\/Chic_Riviera\",\"https:\/\/www.instagram.com\/chicriviera\/\"]},{\"@type\":\"Person\",\"@id\":\"https:\/\/chicriviera.com\/es\/#\/schema\/person\/c563ec1d9481b6d038092938cde95a4b\",\"name\":\"Alex\",\"image\":{\"@type\":\"ImageObject\",\"inLanguage\":\"de\",\"@id\":\"https:\/\/chicriviera.com\/es\/#\/schema\/person\/image\/\",\"url\":\"https:\/\/secure.gravatar.com\/avatar\/0bb721c49cd74f5b36020571509cc39351075de1991c6145cdbecbab8cf22c82?s=96&d=mm&r=g\",\"contentUrl\":\"https:\/\/secure.gravatar.com\/avatar\/0bb721c49cd74f5b36020571509cc39351075de1991c6145cdbecbab8cf22c82?s=96&d=mm&r=g\",\"caption\":\"Alex\"},\"url\":\"https:\/\/chicriviera.com\/de\/author\/alexben\/\"}]}<\/script>\n<!-- \/ Yoast SEO plugin. -->","yoast_head_json":{"title":"Cannes Yachting Festival, Tag 2 - Chic Riviera","robots":{"index":"index","follow":"follow","max-snippet":"max-snippet:-1","max-image-preview":"max-image-preview:large","max-video-preview":"max-video-preview:-1"},"canonical":"https:\/\/chicriviera.com\/de\/es\/2019\/09\/08\/cannes-yachting-festival-d-2\/","og_locale":"de_DE","og_type":"article","og_title":"Cannes Yachting Festival, J-2 - Chic Riviera","og_description":"Le Yacht Show de Cannes, premier Salon Nautique de la saison, consid\u00e9r\u00e9 depuis quelques ann\u00e9es par les professionnels comme un des plus importants d\u2019Europe, accueille chaque ann\u00e9e les acteurs de plaisance internationaux qui exposent leur nouveaut\u00e9 en avant premi\u00e8re. Cette ann\u00e9e, une nouveaut\u00e9 \u00e0 Cannes qui va r\u00e9jouir tous les amoureux de la voile : [&hellip;]","og_url":"https:\/\/chicriviera.com\/de\/es\/2019\/09\/08\/cannes-yachting-festival-d-2\/","og_site_name":"Chic Riviera","article_publisher":"https:\/\/www.facebook.com\/ChicRivieracom\/","article_published_time":"2019-09-08T11:47:14+00:00","article_modified_time":"2019-09-08T11:50:09+00:00","og_image":[{"width":640,"height":800,"url":"https:\/\/chicriviera.com\/wp-content\/uploads\/2019\/09\/e7d66865-33fa-471b-8a66-1cf9d52eab5c-3.jpg","type":"image\/jpeg"}],"author":"Alex","twitter_card":"summary_large_image","twitter_creator":"@Chic_Riviera","twitter_site":"@Chic_Riviera","twitter_misc":{"Verfasst von":"Alex","Gesch\u00e4tzte Lesezeit":"1\u00a0Minute"},"schema":{"@context":"https:\/\/schema.org","@graph":[{"@type":"Article","@id":"https:\/\/chicriviera.com\/es\/2019\/09\/08\/cannes-yachting-festival-d-2\/#article","isPartOf":{"@id":"https:\/\/chicriviera.com\/es\/2019\/09\/08\/cannes-yachting-festival-d-2\/"},"author":{"name":"Alex","@id":"https:\/\/chicriviera.com\/es\/#\/schema\/person\/c563ec1d9481b6d038092938cde95a4b"},"headline":"Cannes Yachting Festival, J-2","datePublished":"2019-09-08T11:47:14+00:00","dateModified":"2019-09-08T11:50:09+00:00","mainEntityOfPage":{"@id":"https:\/\/chicriviera.com\/es\/2019\/09\/08\/cannes-yachting-festival-d-2\/"},"wordCount":249,"commentCount":0,"publisher":{"@id":"https:\/\/chicriviera.com\/es\/#organization"},"image":{"@id":"https:\/\/chicriviera.com\/es\/2019\/09\/08\/cannes-yachting-festival-d-2\/#primaryimage"},"thumbnailUrl":"https:\/\/chicriviera.com\/wp-content\/uploads\/2019\/09\/e7d66865-33fa-471b-8a66-1cf9d52eab5c-3.jpg","articleSection":["Activit\u00e9s","\u00c9v\u00e9nements"],"inLanguage":"de","potentialAction":[{"@type":"CommentAction","name":"Comment","target":["https:\/\/chicriviera.com\/es\/2019\/09\/08\/cannes-yachting-festival-d-2\/#respond"]}]},{"@type":"WebPage","@id":"https:\/\/chicriviera.com\/es\/2019\/09\/08\/cannes-yachting-festival-d-2\/","url":"https:\/\/chicriviera.com\/es\/2019\/09\/08\/cannes-yachting-festival-d-2\/","name":"Cannes Yachting Festival, Tag 2 - Chic Riviera","isPartOf":{"@id":"https:\/\/chicriviera.com\/es\/#website"},"primaryImageOfPage":{"@id":"https:\/\/chicriviera.com\/es\/2019\/09\/08\/cannes-yachting-festival-d-2\/#primaryimage"},"image":{"@id":"https:\/\/chicriviera.com\/es\/2019\/09\/08\/cannes-yachting-festival-d-2\/#primaryimage"},"thumbnailUrl":"https:\/\/chicriviera.com\/wp-content\/uploads\/2019\/09\/e7d66865-33fa-471b-8a66-1cf9d52eab5c-3.jpg","datePublished":"2019-09-08T11:47:14+00:00","dateModified":"2019-09-08T11:50:09+00:00","breadcrumb":{"@id":"https:\/\/chicriviera.com\/es\/2019\/09\/08\/cannes-yachting-festival-d-2\/#breadcrumb"},"inLanguage":"de","potentialAction":[{"@type":"ReadAction","target":["https:\/\/chicriviera.com\/es\/2019\/09\/08\/cannes-yachting-festival-d-2\/"]}]},{"@type":"ImageObject","inLanguage":"de","@id":"https:\/\/chicriviera.com\/es\/2019\/09\/08\/cannes-yachting-festival-d-2\/#primaryimage","url":"https:\/\/chicriviera.com\/wp-content\/uploads\/2019\/09\/e7d66865-33fa-471b-8a66-1cf9d52eab5c-3.jpg","contentUrl":"https:\/\/chicriviera.com\/wp-content\/uploads\/2019\/09\/e7d66865-33fa-471b-8a66-1cf9d52eab5c-3.jpg","width":640,"height":800},{"@type":"BreadcrumbList","@id":"https:\/\/chicriviera.com\/es\/2019\/09\/08\/cannes-yachting-festival-d-2\/#breadcrumb","itemListElement":[{"@type":"ListItem","position":1,"name":"Accueil","item":"https:\/\/chicriviera.com\/"},{"@type":"ListItem","position":2,"name":"Cannes Yachting Festival, J-2"}]},{"@type":"WebSite","@id":"https:\/\/chicriviera.com\/es\/#website","url":"https:\/\/chicriviera.com\/es\/","name":"Schicke Riviera","description":"Das Beste an der C\u00f4te d'Azur: Restaurants, Str\u00e4nde, Ausflugsziele","publisher":{"@id":"https:\/\/chicriviera.com\/es\/#organization"},"potentialAction":[{"@type":"SearchAction","target":{"@type":"EntryPoint","urlTemplate":"https:\/\/chicriviera.com\/es\/?s={search_term_string}"},"query-input":{"@type":"PropertyValueSpecification","valueRequired":true,"valueName":"search_term_string"}}],"inLanguage":"de"},{"@type":"Organization","@id":"https:\/\/chicriviera.com\/es\/#organization","name":"Schicke Riviera","url":"https:\/\/chicriviera.com\/es\/","logo":{"@type":"ImageObject","inLanguage":"de","@id":"https:\/\/chicriviera.com\/es\/#\/schema\/logo\/image\/","url":"https:\/\/chicriviera.com\/wp-content\/uploads\/2019\/03\/cropped-crfavicon.png","contentUrl":"https:\/\/chicriviera.com\/wp-content\/uploads\/2019\/03\/cropped-crfavicon.png","width":512,"height":512,"caption":"Chic Riviera"},"image":{"@id":"https:\/\/chicriviera.com\/es\/#\/schema\/logo\/image\/"},"sameAs":["https:\/\/www.facebook.com\/ChicRivieracom\/","https:\/\/x.com\/Chic_Riviera","https:\/\/www.instagram.com\/chicriviera\/"]},{"@type":"Person","@id":"https:\/\/chicriviera.com\/es\/#\/schema\/person\/c563ec1d9481b6d038092938cde95a4b","name":"Alex","image":{"@type":"ImageObject","inLanguage":"de","@id":"https:\/\/chicriviera.com\/es\/#\/schema\/person\/image\/","url":"https:\/\/secure.gravatar.com\/avatar\/0bb721c49cd74f5b36020571509cc39351075de1991c6145cdbecbab8cf22c82?s=96&d=mm&r=g","contentUrl":"https:\/\/secure.gravatar.com\/avatar\/0bb721c49cd74f5b36020571509cc39351075de1991c6145cdbecbab8cf22c82?s=96&d=mm&r=g","caption":"Alex"},"url":"https:\/\/chicriviera.com\/de\/author\/alexben\/"}]}},"_links":{"self":[{"href":"https:\/\/chicriviera.com\/de\/wp-json\/wp\/v2\/posts\/2172","targetHints":{"allow":["GET"]}}],"collection":[{"href":"https:\/\/chicriviera.com\/de\/wp-json\/wp\/v2\/posts"}],"about":[{"href":"https:\/\/chicriviera.com\/de\/wp-json\/wp\/v2\/types\/post"}],"author":[{"embeddable":true,"href":"https:\/\/chicriviera.com\/de\/wp-json\/wp\/v2\/users\/2"}],"replies":[{"embeddable":true,"href":"https:\/\/chicriviera.com\/de\/wp-json\/wp\/v2\/comments?post=2172"}],"version-history":[{"count":10,"href":"https:\/\/chicriviera.com\/de\/wp-json\/wp\/v2\/posts\/2172\/revisions"}],"predecessor-version":[{"id":2188,"href":"https:\/\/chicriviera.com\/de\/wp-json\/wp\/v2\/posts\/2172\/revisions\/2188"}],"wp:featuredmedia":[{"embeddable":true,"href":"https:\/\/chicriviera.com\/de\/wp-json\/wp\/v2\/media\/2189"}],"wp:attachment":[{"href":"https:\/\/chicriviera.com\/de\/wp-json\/wp\/v2\/media?parent=2172"}],"wp:term":[{"taxonomy":"category","embeddable":true,"href":"https:\/\/chicriviera.com\/de\/wp-json\/wp\/v2\/categories?post=2172"},{"taxonomy":"post_tag","embeddable":true,"href":"https:\/\/chicriviera.com\/de\/wp-json\/wp\/v2\/tags?post=2172"}],"curies":[{"name":"wp","href":"https:\/\/api.w.org\/{rel}","templated":true}]}}