{"id":2114,"date":"2019-09-07T15:32:48","date_gmt":"2019-09-07T13:32:48","guid":{"rendered":"https:\/\/chicriviera.com\/?p=2114"},"modified":"2019-09-07T17:45:40","modified_gmt":"2019-09-07T15:45:40","slug":"philippe-berry-nous-a-quitte-ses-oeuvres-sur-la-cote-dazur","status":"publish","type":"post","link":"https:\/\/chicriviera.com\/de\/2019\/09\/07\/philippe-berry-nous-a-quitte-ses-oeuvres-sur-la-cote-dazur\/","title":{"rendered":"Philippe Berry ist zu den Sternen gegangen, aber er hat uns seine Werke an der C\u00f4te d'Azur hinterlassen."},"content":{"rendered":"<p>Mit gro\u00dfer Trauer haben wir heute Morgen vom Tod des sehr talentierten Bildhauers und Malers Philippe Berry, Bruder von Richard Berry und Vater von Marilou und Rudy, erfahren.<\/p>\n\n\n\n<figure class=\"wp-block-image\"><img decoding=\"async\" width=\"1242\" height=\"1538\" src=\"https:\/\/chicriviera.com\/wp-content\/uploads\/2019\/09\/a5a4fb2b-2ec1-4af4-9242-b2447fc91afb.jpg\" alt=\"\" class=\"wp-image-2136\" srcset=\"https:\/\/chicriviera.com\/wp-content\/uploads\/2019\/09\/a5a4fb2b-2ec1-4af4-9242-b2447fc91afb.jpg 1242w, https:\/\/chicriviera.com\/wp-content\/uploads\/2019\/09\/a5a4fb2b-2ec1-4af4-9242-b2447fc91afb-242x300.jpg 242w, https:\/\/chicriviera.com\/wp-content\/uploads\/2019\/09\/a5a4fb2b-2ec1-4af4-9242-b2447fc91afb-768x951.jpg 768w, https:\/\/chicriviera.com\/wp-content\/uploads\/2019\/09\/a5a4fb2b-2ec1-4af4-9242-b2447fc91afb-827x1024.jpg 827w, https:\/\/chicriviera.com\/wp-content\/uploads\/2019\/09\/a5a4fb2b-2ec1-4af4-9242-b2447fc91afb-600x743.jpg 600w\" sizes=\"(max-width: 1242px) 100vw, 1242px\" \/><\/figure>\n\n\n\n<p>Philippe hat uns im Alter von 63 Jahren verlassen, viel zu fr\u00fch... er hatte sein Berufsleben als Grafikdesigner, dann als Layouter und Werbeagenturleiter begonnen. <\/p>\n\n\n\n<p>Er ist mit Josiane Balasko verheiratet und entwirft das Plakat f\u00fcr Nuit d'Ivresse. Er arbeitet regelm\u00e4\u00dfig mit dem Kino, aber auch mit dem Theater zusammen, indem er B\u00fchnenbilder entwirft. <\/p>\n\n\n\n<p>Im Jahr 1984 begann er neben seiner T\u00e4tigkeit mit der Malerei, vier Jahre sp\u00e4ter ging er zur Bildhauerei \u00fcber. <\/p>\n\n\n\n<p>In einem Interview aus dem Jahr 2012 erkl\u00e4rt Philippe, dass er durch seine Arbeit zun\u00e4chst herausfinden wollte, wer er ist, \"um mich selbst zu finden\", und er beschreibt sich selbst auch als atypischen Menschen. <\/p>\n\n\n\n<figure class=\"wp-block-image\"><img decoding=\"async\" width=\"974\" height=\"974\" src=\"https:\/\/chicriviera.com\/wp-content\/uploads\/2019\/09\/4e4aaf93-4cbc-44e5-bc66-023829cb616c.jpg\" alt=\"\" class=\"wp-image-2144\" srcset=\"https:\/\/chicriviera.com\/wp-content\/uploads\/2019\/09\/4e4aaf93-4cbc-44e5-bc66-023829cb616c.jpg 974w, https:\/\/chicriviera.com\/wp-content\/uploads\/2019\/09\/4e4aaf93-4cbc-44e5-bc66-023829cb616c-150x150.jpg 150w, https:\/\/chicriviera.com\/wp-content\/uploads\/2019\/09\/4e4aaf93-4cbc-44e5-bc66-023829cb616c-300x300.jpg 300w, https:\/\/chicriviera.com\/wp-content\/uploads\/2019\/09\/4e4aaf93-4cbc-44e5-bc66-023829cb616c-768x768.jpg 768w, https:\/\/chicriviera.com\/wp-content\/uploads\/2019\/09\/4e4aaf93-4cbc-44e5-bc66-023829cb616c-600x600.jpg 600w\" sizes=\"(max-width: 974px) 100vw, 974px\" \/><figcaption>Die 3 Ballons, die derzeit in Mougins zu sehen sind <\/figcaption><\/figure>\n\n\n\n<p>Seine Inspiration: die Kindheit, nicht aus Nostalgie, sondern aus Spiel und Lust... die Lust auf ein Spiel, ein Spielzeug... das Vergn\u00fcgen und die Freude, die das mit sich bringt. Man sp\u00fcrt in seinen Werken, dass das Thema der Kindheit untrennbar mit dem Hintergrund seines Konzepts verbunden ist. <\/p>\n\n\n\n<p>Zurzeit an der C\u00f4te d'Azur:<\/p>\n\n\n\n<p>-Die Galerie Gabel in Biot stellt die Werke des K\u00fcnstlers aus. <\/p>\n\n\n\n<figure class=\"wp-block-image\"><img decoding=\"async\" width=\"1242\" height=\"1552\" src=\"https:\/\/chicriviera.com\/wp-content\/uploads\/2019\/09\/ff88b943-fcfa-498d-8503-5bf48b7c3a82-1.jpg\" alt=\"\" class=\"wp-image-2148\" srcset=\"https:\/\/chicriviera.com\/wp-content\/uploads\/2019\/09\/ff88b943-fcfa-498d-8503-5bf48b7c3a82-1.jpg 1242w, https:\/\/chicriviera.com\/wp-content\/uploads\/2019\/09\/ff88b943-fcfa-498d-8503-5bf48b7c3a82-1-240x300.jpg 240w, https:\/\/chicriviera.com\/wp-content\/uploads\/2019\/09\/ff88b943-fcfa-498d-8503-5bf48b7c3a82-1-768x960.jpg 768w, https:\/\/chicriviera.com\/wp-content\/uploads\/2019\/09\/ff88b943-fcfa-498d-8503-5bf48b7c3a82-1-819x1024.jpg 819w, https:\/\/chicriviera.com\/wp-content\/uploads\/2019\/09\/ff88b943-fcfa-498d-8503-5bf48b7c3a82-1-600x750.jpg 600w\" sizes=\"(max-width: 1242px) 100vw, 1242px\" \/><figcaption>Der Elefant, Galerie Gabel<\/figcaption><\/figure>\n\n\n\n<p>- In Mougins findet bis zum 15. September 2019 die Ausstellung Monumental 2019 statt, bei der Sie die Elefanten von Philippe Berry bewundern k\u00f6nnen, die am Eingang des Place des Patriotes einen Balanceakt vollf\u00fchren. <\/p>\n\n\n\n<figure class=\"wp-block-image\"><img decoding=\"async\" width=\"1242\" height=\"1250\" src=\"https:\/\/chicriviera.com\/wp-content\/uploads\/2019\/09\/dee7c3d7-5dd8-4d1e-8cfa-d9d6390eb868.jpg\" alt=\"\" class=\"wp-image-2140\" srcset=\"https:\/\/chicriviera.com\/wp-content\/uploads\/2019\/09\/dee7c3d7-5dd8-4d1e-8cfa-d9d6390eb868.jpg 1242w, https:\/\/chicriviera.com\/wp-content\/uploads\/2019\/09\/dee7c3d7-5dd8-4d1e-8cfa-d9d6390eb868-150x150.jpg 150w, https:\/\/chicriviera.com\/wp-content\/uploads\/2019\/09\/dee7c3d7-5dd8-4d1e-8cfa-d9d6390eb868-298x300.jpg 298w, https:\/\/chicriviera.com\/wp-content\/uploads\/2019\/09\/dee7c3d7-5dd8-4d1e-8cfa-d9d6390eb868-768x773.jpg 768w, https:\/\/chicriviera.com\/wp-content\/uploads\/2019\/09\/dee7c3d7-5dd8-4d1e-8cfa-d9d6390eb868-1017x1024.jpg 1017w, https:\/\/chicriviera.com\/wp-content\/uploads\/2019\/09\/dee7c3d7-5dd8-4d1e-8cfa-d9d6390eb868-600x604.jpg 600w\" sizes=\"(max-width: 1242px) 100vw, 1242px\" \/><figcaption>Elefanten in Mougins <\/figcaption><\/figure>\n\n\n\n<p>Philippe Berry war ein Mann von gro\u00dfer Sensibilit\u00e4t und positiver Philosophie, und er wird durch die Werke, die er uns hinterl\u00e4sst, pr\u00e4sent bleiben. <\/p>\n\n\n\n<p>Wir sprechen seiner Familie unser Beileid aus. <\/p>\n\n\n\n<p>Auf Wiedersehen, Philippe, und vielen Dank.<\/p>\n\n\n\n<figure class=\"wp-block-image\"><img decoding=\"async\" width=\"1242\" height=\"1244\" src=\"https:\/\/chicriviera.com\/wp-content\/uploads\/2019\/09\/f0b8f69b-bd72-4b93-b9e2-c18e9ae9dced.jpg\" alt=\"\" class=\"wp-image-2138\" srcset=\"https:\/\/chicriviera.com\/wp-content\/uploads\/2019\/09\/f0b8f69b-bd72-4b93-b9e2-c18e9ae9dced.jpg 1242w, https:\/\/chicriviera.com\/wp-content\/uploads\/2019\/09\/f0b8f69b-bd72-4b93-b9e2-c18e9ae9dced-150x150.jpg 150w, https:\/\/chicriviera.com\/wp-content\/uploads\/2019\/09\/f0b8f69b-bd72-4b93-b9e2-c18e9ae9dced-300x300.jpg 300w, https:\/\/chicriviera.com\/wp-content\/uploads\/2019\/09\/f0b8f69b-bd72-4b93-b9e2-c18e9ae9dced-768x769.jpg 768w, https:\/\/chicriviera.com\/wp-content\/uploads\/2019\/09\/f0b8f69b-bd72-4b93-b9e2-c18e9ae9dced-1022x1024.jpg 1022w, https:\/\/chicriviera.com\/wp-content\/uploads\/2019\/09\/f0b8f69b-bd72-4b93-b9e2-c18e9ae9dced-600x601.jpg 600w\" sizes=\"(max-width: 1242px) 100vw, 1242px\" \/><figcaption>Elefanten bei Nacht...<\/figcaption><\/figure>","protected":false},"excerpt":{"rendered":"<p>C\u2019est avec une immense tristesse qu\u2019on apprenait ce matin la mort du tr\u00e8s talentueux sculpteur et peintre Philippe Berry, fr\u00e8re de Richard Berry et papa de Marilou et Rudy. Philippe, nous a quitt\u00e9 \u00e0 l\u2019\u00e2ge de 63 ans, beaucoup trop t\u00f4t.. il avait commenc\u00e9 sa vie professionnelle comme graphiste, puis maquettiste et directeur d\u2019agences de [&hellip;]<\/p>\n","protected":false},"author":2,"featured_media":2156,"comment_status":"open","ping_status":"closed","sticky":false,"template":"","format":"standard","meta":{"_genesis_hide_title":false,"_genesis_hide_breadcrumbs":false,"_genesis_hide_singular_image":false,"_genesis_hide_footer_widgets":false,"_genesis_custom_body_class":"","_genesis_custom_post_class":"","_genesis_layout":"","footnotes":""},"categories":[29,18],"tags":[],"class_list":{"0":"post-2114","1":"post","2":"type-post","3":"status-publish","4":"format-standard","5":"has-post-thumbnail","7":"category-evenements","8":"category-sortir","9":"entry"},"yoast_head":"<!-- This site is optimized with the Yoast SEO plugin v27.1.1 - https:\/\/yoast.com\/product\/yoast-seo-wordpress\/ -->\n<title>Philippe Berry est parti rejoindre les \u00e9toiles, mais nous a laiss\u00e9 ses \u0153uvres sur la C\u00f4te d\u2019Azur.. - Chic Riviera<\/title>\n<meta name=\"robots\" content=\"index, follow, max-snippet:-1, max-image-preview:large, max-video-preview:-1\" \/>\n<link rel=\"canonical\" href=\"https:\/\/chicriviera.com\/de\/2019\/09\/07\/philippe-berry-we-are-quite-working-on-the-cote-dazur\/\" \/>\n<meta property=\"og:locale\" content=\"de_DE\" \/>\n<meta property=\"og:type\" content=\"article\" \/>\n<meta property=\"og:title\" content=\"Philippe Berry est parti rejoindre les \u00e9toiles, mais nous a laiss\u00e9 ses \u0153uvres sur la C\u00f4te d\u2019Azur.. - Chic Riviera\" \/>\n<meta property=\"og:description\" content=\"C\u2019est avec une immense tristesse qu\u2019on apprenait ce matin la mort du tr\u00e8s talentueux sculpteur et peintre Philippe Berry, fr\u00e8re de Richard Berry et papa de Marilou et Rudy. Philippe, nous a quitt\u00e9 \u00e0 l\u2019\u00e2ge de 63 ans, beaucoup trop t\u00f4t.. il avait commenc\u00e9 sa vie professionnelle comme graphiste, puis maquettiste et directeur d\u2019agences de [&hellip;]\" \/>\n<meta property=\"og:url\" content=\"https:\/\/chicriviera.com\/de\/2019\/09\/07\/philippe-berry-we-are-quite-working-on-the-cote-dazur\/\" \/>\n<meta property=\"og:site_name\" content=\"Chic Riviera\" \/>\n<meta property=\"article:publisher\" content=\"https:\/\/www.facebook.com\/ChicRivieracom\/\" \/>\n<meta property=\"article:published_time\" content=\"2019-09-07T13:32:48+00:00\" \/>\n<meta property=\"article:modified_time\" content=\"2019-09-07T15:45:40+00:00\" \/>\n<meta property=\"og:image\" content=\"https:\/\/chicriviera.com\/wp-content\/uploads\/2019\/09\/5d8222bd-88ed-4dab-a483-612eefd0a63e-4.jpg\" \/>\n\t<meta property=\"og:image:width\" content=\"1242\" \/>\n\t<meta property=\"og:image:height\" content=\"1246\" \/>\n\t<meta property=\"og:image:type\" content=\"image\/jpeg\" \/>\n<meta name=\"author\" content=\"Alex\" \/>\n<meta name=\"twitter:card\" content=\"summary_large_image\" \/>\n<meta name=\"twitter:creator\" content=\"@Chic_Riviera\" \/>\n<meta name=\"twitter:site\" content=\"@Chic_Riviera\" \/>\n<meta name=\"twitter:label1\" content=\"Verfasst von\" \/>\n\t<meta name=\"twitter:data1\" content=\"Alex\" \/>\n\t<meta name=\"twitter:label2\" content=\"Gesch\u00e4tzte Lesezeit\" \/>\n\t<meta name=\"twitter:data2\" content=\"2\u00a0Minuten\" \/>\n<script type=\"application\/ld+json\" class=\"yoast-schema-graph\">{\"@context\":\"https:\/\/schema.org\",\"@graph\":[{\"@type\":\"Article\",\"@id\":\"https:\/\/chicriviera.com\/en\/2019\/09\/07\/philippe-berry-we-are-quite-working-on-the-cote-dazur\/#article\",\"isPartOf\":{\"@id\":\"https:\/\/chicriviera.com\/en\/2019\/09\/07\/philippe-berry-we-are-quite-working-on-the-cote-dazur\/\"},\"author\":{\"name\":\"Alex\",\"@id\":\"https:\/\/chicriviera.com\/es\/#\/schema\/person\/c563ec1d9481b6d038092938cde95a4b\"},\"headline\":\"Philippe Berry est parti rejoindre les \u00e9toiles, mais nous a laiss\u00e9 ses \u0153uvres sur la C\u00f4te d\u2019Azur..\",\"datePublished\":\"2019-09-07T13:32:48+00:00\",\"dateModified\":\"2019-09-07T15:45:40+00:00\",\"mainEntityOfPage\":{\"@id\":\"https:\/\/chicriviera.com\/en\/2019\/09\/07\/philippe-berry-we-are-quite-working-on-the-cote-dazur\/\"},\"wordCount\":342,\"commentCount\":0,\"publisher\":{\"@id\":\"https:\/\/chicriviera.com\/es\/#organization\"},\"image\":{\"@id\":\"https:\/\/chicriviera.com\/en\/2019\/09\/07\/philippe-berry-we-are-quite-working-on-the-cote-dazur\/#primaryimage\"},\"thumbnailUrl\":\"https:\/\/chicriviera.com\/wp-content\/uploads\/2019\/09\/5d8222bd-88ed-4dab-a483-612eefd0a63e-4.jpg\",\"articleSection\":[\"\u00c9v\u00e9nements\",\"Sortir\"],\"inLanguage\":\"de\",\"potentialAction\":[{\"@type\":\"CommentAction\",\"name\":\"Comment\",\"target\":[\"https:\/\/chicriviera.com\/en\/2019\/09\/07\/philippe-berry-we-are-quite-working-on-the-cote-dazur\/#respond\"]}]},{\"@type\":\"WebPage\",\"@id\":\"https:\/\/chicriviera.com\/en\/2019\/09\/07\/philippe-berry-we-are-quite-working-on-the-cote-dazur\/\",\"url\":\"https:\/\/chicriviera.com\/en\/2019\/09\/07\/philippe-berry-we-are-quite-working-on-the-cote-dazur\/\",\"name\":\"Philippe Berry est parti rejoindre les \u00e9toiles, mais nous a laiss\u00e9 ses \u0153uvres sur la C\u00f4te d\u2019Azur.. - Chic Riviera\",\"isPartOf\":{\"@id\":\"https:\/\/chicriviera.com\/es\/#website\"},\"primaryImageOfPage\":{\"@id\":\"https:\/\/chicriviera.com\/en\/2019\/09\/07\/philippe-berry-we-are-quite-working-on-the-cote-dazur\/#primaryimage\"},\"image\":{\"@id\":\"https:\/\/chicriviera.com\/en\/2019\/09\/07\/philippe-berry-we-are-quite-working-on-the-cote-dazur\/#primaryimage\"},\"thumbnailUrl\":\"https:\/\/chicriviera.com\/wp-content\/uploads\/2019\/09\/5d8222bd-88ed-4dab-a483-612eefd0a63e-4.jpg\",\"datePublished\":\"2019-09-07T13:32:48+00:00\",\"dateModified\":\"2019-09-07T15:45:40+00:00\",\"breadcrumb\":{\"@id\":\"https:\/\/chicriviera.com\/en\/2019\/09\/07\/philippe-berry-we-are-quite-working-on-the-cote-dazur\/#breadcrumb\"},\"inLanguage\":\"de\",\"potentialAction\":[{\"@type\":\"ReadAction\",\"target\":[\"https:\/\/chicriviera.com\/en\/2019\/09\/07\/philippe-berry-we-are-quite-working-on-the-cote-dazur\/\"]}]},{\"@type\":\"ImageObject\",\"inLanguage\":\"de\",\"@id\":\"https:\/\/chicriviera.com\/en\/2019\/09\/07\/philippe-berry-we-are-quite-working-on-the-cote-dazur\/#primaryimage\",\"url\":\"https:\/\/chicriviera.com\/wp-content\/uploads\/2019\/09\/5d8222bd-88ed-4dab-a483-612eefd0a63e-4.jpg\",\"contentUrl\":\"https:\/\/chicriviera.com\/wp-content\/uploads\/2019\/09\/5d8222bd-88ed-4dab-a483-612eefd0a63e-4.jpg\",\"width\":1242,\"height\":1246},{\"@type\":\"BreadcrumbList\",\"@id\":\"https:\/\/chicriviera.com\/en\/2019\/09\/07\/philippe-berry-we-are-quite-working-on-the-cote-dazur\/#breadcrumb\",\"itemListElement\":[{\"@type\":\"ListItem\",\"position\":1,\"name\":\"Accueil\",\"item\":\"https:\/\/chicriviera.com\/\"},{\"@type\":\"ListItem\",\"position\":2,\"name\":\"Philippe Berry est parti rejoindre les \u00e9toiles, mais nous a laiss\u00e9 ses \u0153uvres sur la C\u00f4te d\u2019Azur..\"}]},{\"@type\":\"WebSite\",\"@id\":\"https:\/\/chicriviera.com\/es\/#website\",\"url\":\"https:\/\/chicriviera.com\/es\/\",\"name\":\"Chic Riviera\",\"description\":\"Le meilleur de la C\u00f4te d&#039;Azur : Restaurants, Plages, Sorties\",\"publisher\":{\"@id\":\"https:\/\/chicriviera.com\/es\/#organization\"},\"potentialAction\":[{\"@type\":\"SearchAction\",\"target\":{\"@type\":\"EntryPoint\",\"urlTemplate\":\"https:\/\/chicriviera.com\/es\/?s={search_term_string}\"},\"query-input\":{\"@type\":\"PropertyValueSpecification\",\"valueRequired\":true,\"valueName\":\"search_term_string\"}}],\"inLanguage\":\"de\"},{\"@type\":\"Organization\",\"@id\":\"https:\/\/chicriviera.com\/es\/#organization\",\"name\":\"Chic Riviera\",\"url\":\"https:\/\/chicriviera.com\/es\/\",\"logo\":{\"@type\":\"ImageObject\",\"inLanguage\":\"de\",\"@id\":\"https:\/\/chicriviera.com\/es\/#\/schema\/logo\/image\/\",\"url\":\"https:\/\/chicriviera.com\/wp-content\/uploads\/2019\/03\/cropped-crfavicon.png\",\"contentUrl\":\"https:\/\/chicriviera.com\/wp-content\/uploads\/2019\/03\/cropped-crfavicon.png\",\"width\":512,\"height\":512,\"caption\":\"Chic Riviera\"},\"image\":{\"@id\":\"https:\/\/chicriviera.com\/es\/#\/schema\/logo\/image\/\"},\"sameAs\":[\"https:\/\/www.facebook.com\/ChicRivieracom\/\",\"https:\/\/x.com\/Chic_Riviera\",\"https:\/\/www.instagram.com\/chicriviera\/\"]},{\"@type\":\"Person\",\"@id\":\"https:\/\/chicriviera.com\/es\/#\/schema\/person\/c563ec1d9481b6d038092938cde95a4b\",\"name\":\"Alex\",\"image\":{\"@type\":\"ImageObject\",\"inLanguage\":\"de\",\"@id\":\"https:\/\/chicriviera.com\/es\/#\/schema\/person\/image\/\",\"url\":\"https:\/\/secure.gravatar.com\/avatar\/0bb721c49cd74f5b36020571509cc39351075de1991c6145cdbecbab8cf22c82?s=96&d=mm&r=g\",\"contentUrl\":\"https:\/\/secure.gravatar.com\/avatar\/0bb721c49cd74f5b36020571509cc39351075de1991c6145cdbecbab8cf22c82?s=96&d=mm&r=g\",\"caption\":\"Alex\"},\"url\":\"https:\/\/chicriviera.com\/de\/author\/alexben\/\"}]}<\/script>\n<!-- \/ Yoast SEO plugin. -->","yoast_head_json":{"title":"Philippe Berry ist zu den Sternen aufgebrochen, hat uns aber seine Werke an der C\u00f4te d'Azur hinterlassen... - Chic Riviera","robots":{"index":"index","follow":"follow","max-snippet":"max-snippet:-1","max-image-preview":"max-image-preview:large","max-video-preview":"max-video-preview:-1"},"canonical":"https:\/\/chicriviera.com\/de\/2019\/09\/07\/philippe-berry-we-are-quite-working-on-the-cote-dazur\/","og_locale":"de_DE","og_type":"article","og_title":"Philippe Berry est parti rejoindre les \u00e9toiles, mais nous a laiss\u00e9 ses \u0153uvres sur la C\u00f4te d\u2019Azur.. - Chic Riviera","og_description":"C\u2019est avec une immense tristesse qu\u2019on apprenait ce matin la mort du tr\u00e8s talentueux sculpteur et peintre Philippe Berry, fr\u00e8re de Richard Berry et papa de Marilou et Rudy. Philippe, nous a quitt\u00e9 \u00e0 l\u2019\u00e2ge de 63 ans, beaucoup trop t\u00f4t.. il avait commenc\u00e9 sa vie professionnelle comme graphiste, puis maquettiste et directeur d\u2019agences de [&hellip;]","og_url":"https:\/\/chicriviera.com\/de\/2019\/09\/07\/philippe-berry-we-are-quite-working-on-the-cote-dazur\/","og_site_name":"Chic Riviera","article_publisher":"https:\/\/www.facebook.com\/ChicRivieracom\/","article_published_time":"2019-09-07T13:32:48+00:00","article_modified_time":"2019-09-07T15:45:40+00:00","og_image":[{"width":1242,"height":1246,"url":"https:\/\/chicriviera.com\/wp-content\/uploads\/2019\/09\/5d8222bd-88ed-4dab-a483-612eefd0a63e-4.jpg","type":"image\/jpeg"}],"author":"Alex","twitter_card":"summary_large_image","twitter_creator":"@Chic_Riviera","twitter_site":"@Chic_Riviera","twitter_misc":{"Verfasst von":"Alex","Gesch\u00e4tzte Lesezeit":"2\u00a0Minuten"},"schema":{"@context":"https:\/\/schema.org","@graph":[{"@type":"Article","@id":"https:\/\/chicriviera.com\/en\/2019\/09\/07\/philippe-berry-we-are-quite-working-on-the-cote-dazur\/#article","isPartOf":{"@id":"https:\/\/chicriviera.com\/en\/2019\/09\/07\/philippe-berry-we-are-quite-working-on-the-cote-dazur\/"},"author":{"name":"Alex","@id":"https:\/\/chicriviera.com\/es\/#\/schema\/person\/c563ec1d9481b6d038092938cde95a4b"},"headline":"Philippe Berry est parti rejoindre les \u00e9toiles, mais nous a laiss\u00e9 ses \u0153uvres sur la C\u00f4te d\u2019Azur..","datePublished":"2019-09-07T13:32:48+00:00","dateModified":"2019-09-07T15:45:40+00:00","mainEntityOfPage":{"@id":"https:\/\/chicriviera.com\/en\/2019\/09\/07\/philippe-berry-we-are-quite-working-on-the-cote-dazur\/"},"wordCount":342,"commentCount":0,"publisher":{"@id":"https:\/\/chicriviera.com\/es\/#organization"},"image":{"@id":"https:\/\/chicriviera.com\/en\/2019\/09\/07\/philippe-berry-we-are-quite-working-on-the-cote-dazur\/#primaryimage"},"thumbnailUrl":"https:\/\/chicriviera.com\/wp-content\/uploads\/2019\/09\/5d8222bd-88ed-4dab-a483-612eefd0a63e-4.jpg","articleSection":["\u00c9v\u00e9nements","Sortir"],"inLanguage":"de","potentialAction":[{"@type":"CommentAction","name":"Comment","target":["https:\/\/chicriviera.com\/en\/2019\/09\/07\/philippe-berry-we-are-quite-working-on-the-cote-dazur\/#respond"]}]},{"@type":"WebPage","@id":"https:\/\/chicriviera.com\/en\/2019\/09\/07\/philippe-berry-we-are-quite-working-on-the-cote-dazur\/","url":"https:\/\/chicriviera.com\/en\/2019\/09\/07\/philippe-berry-we-are-quite-working-on-the-cote-dazur\/","name":"Philippe Berry ist zu den Sternen aufgebrochen, hat uns aber seine Werke an der C\u00f4te d'Azur hinterlassen... - Chic Riviera","isPartOf":{"@id":"https:\/\/chicriviera.com\/es\/#website"},"primaryImageOfPage":{"@id":"https:\/\/chicriviera.com\/en\/2019\/09\/07\/philippe-berry-we-are-quite-working-on-the-cote-dazur\/#primaryimage"},"image":{"@id":"https:\/\/chicriviera.com\/en\/2019\/09\/07\/philippe-berry-we-are-quite-working-on-the-cote-dazur\/#primaryimage"},"thumbnailUrl":"https:\/\/chicriviera.com\/wp-content\/uploads\/2019\/09\/5d8222bd-88ed-4dab-a483-612eefd0a63e-4.jpg","datePublished":"2019-09-07T13:32:48+00:00","dateModified":"2019-09-07T15:45:40+00:00","breadcrumb":{"@id":"https:\/\/chicriviera.com\/en\/2019\/09\/07\/philippe-berry-we-are-quite-working-on-the-cote-dazur\/#breadcrumb"},"inLanguage":"de","potentialAction":[{"@type":"ReadAction","target":["https:\/\/chicriviera.com\/en\/2019\/09\/07\/philippe-berry-we-are-quite-working-on-the-cote-dazur\/"]}]},{"@type":"ImageObject","inLanguage":"de","@id":"https:\/\/chicriviera.com\/en\/2019\/09\/07\/philippe-berry-we-are-quite-working-on-the-cote-dazur\/#primaryimage","url":"https:\/\/chicriviera.com\/wp-content\/uploads\/2019\/09\/5d8222bd-88ed-4dab-a483-612eefd0a63e-4.jpg","contentUrl":"https:\/\/chicriviera.com\/wp-content\/uploads\/2019\/09\/5d8222bd-88ed-4dab-a483-612eefd0a63e-4.jpg","width":1242,"height":1246},{"@type":"BreadcrumbList","@id":"https:\/\/chicriviera.com\/en\/2019\/09\/07\/philippe-berry-we-are-quite-working-on-the-cote-dazur\/#breadcrumb","itemListElement":[{"@type":"ListItem","position":1,"name":"Accueil","item":"https:\/\/chicriviera.com\/"},{"@type":"ListItem","position":2,"name":"Philippe Berry est parti rejoindre les \u00e9toiles, mais nous a laiss\u00e9 ses \u0153uvres sur la C\u00f4te d\u2019Azur.."}]},{"@type":"WebSite","@id":"https:\/\/chicriviera.com\/es\/#website","url":"https:\/\/chicriviera.com\/es\/","name":"Schicke Riviera","description":"Das Beste an der C\u00f4te d'Azur: Restaurants, Str\u00e4nde, Ausflugsziele","publisher":{"@id":"https:\/\/chicriviera.com\/es\/#organization"},"potentialAction":[{"@type":"SearchAction","target":{"@type":"EntryPoint","urlTemplate":"https:\/\/chicriviera.com\/es\/?s={search_term_string}"},"query-input":{"@type":"PropertyValueSpecification","valueRequired":true,"valueName":"search_term_string"}}],"inLanguage":"de"},{"@type":"Organization","@id":"https:\/\/chicriviera.com\/es\/#organization","name":"Schicke Riviera","url":"https:\/\/chicriviera.com\/es\/","logo":{"@type":"ImageObject","inLanguage":"de","@id":"https:\/\/chicriviera.com\/es\/#\/schema\/logo\/image\/","url":"https:\/\/chicriviera.com\/wp-content\/uploads\/2019\/03\/cropped-crfavicon.png","contentUrl":"https:\/\/chicriviera.com\/wp-content\/uploads\/2019\/03\/cropped-crfavicon.png","width":512,"height":512,"caption":"Chic Riviera"},"image":{"@id":"https:\/\/chicriviera.com\/es\/#\/schema\/logo\/image\/"},"sameAs":["https:\/\/www.facebook.com\/ChicRivieracom\/","https:\/\/x.com\/Chic_Riviera","https:\/\/www.instagram.com\/chicriviera\/"]},{"@type":"Person","@id":"https:\/\/chicriviera.com\/es\/#\/schema\/person\/c563ec1d9481b6d038092938cde95a4b","name":"Alex","image":{"@type":"ImageObject","inLanguage":"de","@id":"https:\/\/chicriviera.com\/es\/#\/schema\/person\/image\/","url":"https:\/\/secure.gravatar.com\/avatar\/0bb721c49cd74f5b36020571509cc39351075de1991c6145cdbecbab8cf22c82?s=96&d=mm&r=g","contentUrl":"https:\/\/secure.gravatar.com\/avatar\/0bb721c49cd74f5b36020571509cc39351075de1991c6145cdbecbab8cf22c82?s=96&d=mm&r=g","caption":"Alex"},"url":"https:\/\/chicriviera.com\/de\/author\/alexben\/"}]}},"_links":{"self":[{"href":"https:\/\/chicriviera.com\/de\/wp-json\/wp\/v2\/posts\/2114","targetHints":{"allow":["GET"]}}],"collection":[{"href":"https:\/\/chicriviera.com\/de\/wp-json\/wp\/v2\/posts"}],"about":[{"href":"https:\/\/chicriviera.com\/de\/wp-json\/wp\/v2\/types\/post"}],"author":[{"embeddable":true,"href":"https:\/\/chicriviera.com\/de\/wp-json\/wp\/v2\/users\/2"}],"replies":[{"embeddable":true,"href":"https:\/\/chicriviera.com\/de\/wp-json\/wp\/v2\/comments?post=2114"}],"version-history":[{"count":29,"href":"https:\/\/chicriviera.com\/de\/wp-json\/wp\/v2\/posts\/2114\/revisions"}],"predecessor-version":[{"id":2154,"href":"https:\/\/chicriviera.com\/de\/wp-json\/wp\/v2\/posts\/2114\/revisions\/2154"}],"wp:featuredmedia":[{"embeddable":true,"href":"https:\/\/chicriviera.com\/de\/wp-json\/wp\/v2\/media\/2156"}],"wp:attachment":[{"href":"https:\/\/chicriviera.com\/de\/wp-json\/wp\/v2\/media?parent=2114"}],"wp:term":[{"taxonomy":"category","embeddable":true,"href":"https:\/\/chicriviera.com\/de\/wp-json\/wp\/v2\/categories?post=2114"},{"taxonomy":"post_tag","embeddable":true,"href":"https:\/\/chicriviera.com\/de\/wp-json\/wp\/v2\/tags?post=2114"}],"curies":[{"name":"wp","href":"https:\/\/api.w.org\/{rel}","templated":true}]}}